{"id":27551,"date":"2025-10-22T09:59:32","date_gmt":"2025-10-22T09:59:32","guid":{"rendered":"https:\/\/www.berti.net\/?p=27551"},"modified":"2025-10-22T10:01:01","modified_gmt":"2025-10-22T10:01:01","slug":"le-bois-une-ressource-pour-lavenir-durabilite-innovation-et-responsabilite-environnementale-3","status":"publish","type":"post","link":"https:\/\/berti.net\/fr\/magazine\/le-bois-une-ressource-pour-lavenir-durabilite-innovation-et-responsabilite-environnementale-3\/","title":{"rendered":"Berti accueille des architectes et des designers internationaux"},"content":{"rendered":"\n<div class=\"wp-block-group post-categories has-global-padding is-content-justification-left is-layout-constrained wp-container-core-group-is-layout-118d8d6f wp-block-group-is-layout-constrained\" style=\"margin-top:var(--wp--preset--spacing--30);margin-bottom:var(--wp--preset--spacing--60);font-size:11px\">\n<div class=\"wp-block-group is-content-justification-center is-nowrap is-layout-flex wp-container-core-group-is-layout-60758a6d wp-block-group-is-layout-flex\">\n<p>Magazine \/<\/p>\n\n\n<div class=\"taxonomy-category wp-block-post-terms\"><a href=\"https:\/\/berti.net\/fr\/magazine\/category\/events-fr\/\" rel=\"tag\">Events<\/a><\/div><\/div>\n<\/div>\n\n<div class=\"wp-block-group title-text-indented-pattern animated fadeIn has-global-padding is-layout-constrained wp-container-core-group-is-layout-b2ab1441 wp-block-group-is-layout-constrained\" style=\"margin-bottom:var(--wp--preset--spacing--90)\">\n<div class=\"wp-block-group has-global-padding is-layout-constrained wp-container-core-group-is-layout-6dea37ad wp-block-group-is-layout-constrained\"><div style=\"font-style:normal;font-weight:600;text-transform:uppercase;\" class=\"has-link-color wp-elements-32859cd979b45056895d81c5660c23a0 wp-block-post-date has-text-color has-base-color has-s-font-size\"><time datetime=\"2025-10-22T09:59:32+00:00\">22 octobre 2025<\/time><\/div>\n\n\n<h1 class=\"wp-block-heading has-text-color\" style=\"color:#000000\">Berti accueille des <strong>architectes et des designers internationaux<\/strong><\/h1>\n\n\n\n<h2 class=\"wp-block-heading has-text-color has-m-32-font-size\" style=\"color:#000000;margin-bottom:var(--wp--preset--spacing--20)\">Une exp\u00e9rience immersive entre design, <strong>innovation et artisanat italien<\/strong><\/h2>\n\n\n\n<p class=\"has-m-22-font-size\">Le <strong>15 octobre, Berti Pavimenti Legno<\/strong> a eu le plaisir d&rsquo;accueillir un groupe <strong>d&rsquo;architectes et de designers venant d&rsquo;Azerba\u00efdjan, de G\u00e9orgie, du Kazakhstan et d&rsquo;Ouzb\u00e9kistan<\/strong> pour une journ\u00e9e de rencontre, d&rsquo;\u00e9change et d&rsquo;inspiration dans le monde du <strong>design et de l&rsquo;architecture<\/strong>. Un rendez-vous sp\u00e9cial a transform\u00e9 le si\u00e8ge de l&rsquo;entreprise en un lieu de dialogue et de d\u00e9couverte, o\u00f9 le <strong>bois<\/strong> est devenu le protagoniste d&rsquo;un r\u00e9cit de <strong>technologie, d&rsquo;exp\u00e9rience et de passion Made in Italy<\/strong>. <\/p>\n<\/div>\n<\/div>\n\n<div class=\"wp-block-group alignwide has-global-padding is-layout-constrained wp-container-core-group-is-layout-d427c859 wp-block-group-is-layout-constrained\" style=\"margin-top:var(--wp--preset--spacing--50);margin-bottom:var(--wp--preset--spacing--50);padding-right:16px;padding-left:16px\">\n<figure class=\"wp-block-image size-full\"><img loading=\"lazy\" decoding=\"async\" width=\"1928\" height=\"1084\" src=\"https:\/\/www.berti.net\/wp-content\/uploads\/architetti-visita-berti-pavimenti-legno.jpg\" alt=\"\" class=\"wp-image-27557\" srcset=\"https:\/\/berti.net\/wp-content\/uploads\/architetti-visita-berti-pavimenti-legno.jpg 1928w, https:\/\/berti.net\/wp-content\/uploads\/architetti-visita-berti-pavimenti-legno-812x457.jpg 812w, https:\/\/berti.net\/wp-content\/uploads\/architetti-visita-berti-pavimenti-legno-1920x1080.jpg 1920w, https:\/\/berti.net\/wp-content\/uploads\/architetti-visita-berti-pavimenti-legno-768x432.jpg 768w, https:\/\/berti.net\/wp-content\/uploads\/architetti-visita-berti-pavimenti-legno-1536x864.jpg 1536w\" sizes=\"auto, (max-width: 1928px) 100vw, 1928px\" \/><\/figure>\n<\/div>\n\n<div class=\"wp-block-group title-text-indented-pattern animated fadeIn has-global-padding is-layout-constrained wp-container-core-group-is-layout-b2ab1441 wp-block-group-is-layout-constrained\" style=\"margin-bottom:var(--wp--preset--spacing--90)\">\n<div class=\"wp-block-group has-global-padding is-layout-constrained wp-container-core-group-is-layout-6dea37ad wp-block-group-is-layout-constrained\">\n<h2 class=\"wp-block-heading has-text-color has-m-32-font-size\" style=\"color:#000000;margin-bottom:var(--wp--preset--spacing--20)\">Une journ\u00e9e de rencontre et d&rsquo;inspiration<\/h2>\n\n\n\n<p class=\"has-m-22-font-size\">Pendant la visite, les professionnels ont pu <strong>vivre en personne le processus de production Berti<\/strong>, de la <strong>s\u00e9lection des mati\u00e8res premi\u00e8res<\/strong> \u00e0 la transformation, des <strong>finitions<\/strong> jusqu&rsquo;au <strong>contr\u00f4le qualit\u00e9<\/strong>. La visite a permis de comprendre comment le <strong>soin artisanal<\/strong> et la <strong>pr\u00e9cision technologique<\/strong> coexistent en parfaite harmonie au sein de l&rsquo;entreprise. Un int\u00e9r\u00eat particulier a \u00e9t\u00e9 port\u00e9 \u00e0 la <a href=\"https:\/\/www.berti.net\/fr\/parquet\/parquet-diesel-living\/\"><strong>nouvelle collection Diesel<\/strong><\/a>, appr\u00e9ci\u00e9e pour son <strong>identit\u00e9 contemporaine<\/strong> et sa capacit\u00e9 \u00e0 allier <strong>esth\u00e9tique et r\u00e9sistance<\/strong>.  <\/p>\n\n\n\n<p class=\"has-s-font-size\"><em>\u00a0\u00bb<strong>Voir et toucher de pr\u00e8s le processus de production<\/strong> a rendu tout beaucoup plus r\u00e9el et significatif. Beaucoup ne s&rsquo;attendaient pas \u00e0 la taille et \u00e0 la complexit\u00e9 de l&rsquo;usine, et cela a vraiment renforc\u00e9 leur perception de la <strong>valeur authentique de la marque<\/strong>.\u00a0\u00bb \u2014 Partenaire international en visite <\/em><\/p>\n\n\n\n<p class=\"has-s-font-size\"><a href=\"https:\/\/www.berti.net\/fr\/parquet\/parquet-diesel-living\/\">\u2937 <strong>Collection Diesel Living<\/strong><\/a><\/p>\n<\/div>\n<\/div>\n\n<div class=\"wp-block-group alignwide has-global-padding is-layout-constrained wp-container-core-group-is-layout-d427c859 wp-block-group-is-layout-constrained\" style=\"margin-top:var(--wp--preset--spacing--50);margin-bottom:var(--wp--preset--spacing--50);padding-right:16px;padding-left:16px\">\n<figure class=\"wp-block-image size-large\"><img loading=\"lazy\" decoding=\"async\" width=\"1920\" height=\"1080\" src=\"https:\/\/www.berti.net\/wp-content\/uploads\/visita-squarespace-berti-pavimenti-legno-1920x1080.jpg\" alt=\"\" class=\"wp-image-27567\" srcset=\"https:\/\/berti.net\/wp-content\/uploads\/visita-squarespace-berti-pavimenti-legno-1920x1080.jpg 1920w, https:\/\/berti.net\/wp-content\/uploads\/visita-squarespace-berti-pavimenti-legno-812x457.jpg 812w, https:\/\/berti.net\/wp-content\/uploads\/visita-squarespace-berti-pavimenti-legno-768x432.jpg 768w, https:\/\/berti.net\/wp-content\/uploads\/visita-squarespace-berti-pavimenti-legno-1536x864.jpg 1536w, https:\/\/berti.net\/wp-content\/uploads\/visita-squarespace-berti-pavimenti-legno.jpg 1928w\" sizes=\"auto, (max-width: 1920px) 100vw, 1920px\" \/><\/figure>\n<\/div>\n\n<div class=\"wp-block-group title-text-indented-pattern animated fadeIn has-global-padding is-layout-constrained wp-container-core-group-is-layout-b2ab1441 wp-block-group-is-layout-constrained\" style=\"margin-bottom:var(--wp--preset--spacing--90)\">\n<div class=\"wp-block-group has-global-padding is-layout-constrained wp-container-core-group-is-layout-6dea37ad wp-block-group-is-layout-constrained\">\n<h2 class=\"wp-block-heading has-text-color has-m-32-font-size\" style=\"color:#000000;margin-bottom:var(--wp--preset--spacing--20)\">Hospitalit\u00e9, relations et valeur partag\u00e9e<\/h2>\n\n\n\n<p class=\"has-m-22-font-size\">L&rsquo;exp\u00e9rience a \u00e9galement \u00e9t\u00e9 un moment de <strong>relation humaine et professionnelle<\/strong>.<br\/>De l&rsquo;organisation des <strong>transferts<\/strong> et de l&rsquo;<strong>accueil \u00e0 l&rsquo;h\u00f4tel<\/strong>, jusqu&rsquo;au <strong>d\u00eener convivial de cl\u00f4ture<\/strong>, chaque d\u00e9tail a \u00e9t\u00e9 soign\u00e9 pour offrir une exp\u00e9rience compl\u00e8te et engageante.<\/p>\n\n\n\n<p class=\"has-s-font-size\">\u00a0\u00bb<strong>Le temps qu&rsquo;une marque consacre \u00e0 ses partenaires a une valeur \u00e9norme<\/strong>, et vous l&rsquo;avez pleinement d\u00e9montr\u00e9.\u00a0\u00bb<br\/>\u2014 <em>Message de remerciement re\u00e7u du groupe<\/em><\/p>\n<\/div>\n<\/div>\n\n<div class=\"wp-block-group alignwide has-global-padding is-layout-constrained wp-container-core-group-is-layout-d427c859 wp-block-group-is-layout-constrained\" style=\"margin-top:var(--wp--preset--spacing--50);margin-bottom:var(--wp--preset--spacing--50);padding-right:16px;padding-left:16px\">\n<figure class=\"wp-block-image size-full\"><img loading=\"lazy\" decoding=\"async\" width=\"1928\" height=\"1084\" src=\"https:\/\/www.berti.net\/wp-content\/uploads\/visita-fabbrica-berti-pavimenti-legno.jpg\" alt=\"\" class=\"wp-image-27562\" srcset=\"https:\/\/berti.net\/wp-content\/uploads\/visita-fabbrica-berti-pavimenti-legno.jpg 1928w, https:\/\/berti.net\/wp-content\/uploads\/visita-fabbrica-berti-pavimenti-legno-812x457.jpg 812w, https:\/\/berti.net\/wp-content\/uploads\/visita-fabbrica-berti-pavimenti-legno-1920x1080.jpg 1920w, https:\/\/berti.net\/wp-content\/uploads\/visita-fabbrica-berti-pavimenti-legno-768x432.jpg 768w, https:\/\/berti.net\/wp-content\/uploads\/visita-fabbrica-berti-pavimenti-legno-1536x864.jpg 1536w\" sizes=\"auto, (max-width: 1928px) 100vw, 1928px\" \/><\/figure>\n<\/div>\n\n<div class=\"wp-block-group title-text-indented-pattern animated fadeIn has-global-padding is-layout-constrained wp-container-core-group-is-layout-b2ab1441 wp-block-group-is-layout-constrained\" style=\"margin-bottom:var(--wp--preset--spacing--90)\">\n<div class=\"wp-block-group has-global-padding is-layout-constrained wp-container-core-group-is-layout-6dea37ad wp-block-group-is-layout-constrained\">\n<h2 class=\"wp-block-heading has-text-color has-m-32-font-size\" style=\"color:#000000;margin-bottom:var(--wp--preset--spacing--20)\">Une exp\u00e9rience que l&rsquo;on peut vivre sur demande<\/h2>\n\n\n\n<p class=\"has-m-22-font-size\">Les <strong>visites d&rsquo;entreprise<\/strong> repr\u00e9sentent pour <strong>Berti<\/strong> une importante occasion de <strong>partage et de transparence<\/strong> : des moments d\u00e9di\u00e9s \u00e0 ceux qui souhaitent <strong>conna\u00eetre de pr\u00e8s la r\u00e9alit\u00e9 de production<\/strong>, les <strong>processus de fabrication<\/strong> et la <strong>qualit\u00e9 des <a href=\"https:\/\/www.berti.net\/fr\/entreprise\/\">planchers en bois Made in Italy<\/a><\/strong>.<\/p>\n\n\n\n<p><a href=\"https:\/\/www.berti.net\/fr\/entreprise\/\">\u2937 <strong>Entreprise<\/strong><\/a><\/p>\n\n\n\n<p class=\"has-m-22-font-size\">Sur demande, <strong>les architectes, les designers et les professionnels du secteur<\/strong> peuvent <strong>organiser une visite guid\u00e9e du si\u00e8ge<\/strong>, pour <strong>approfondir leur connaissance des mat\u00e9riaux<\/strong>, <strong>explorer les collections<\/strong> et <strong>d\u00e9couvrir comment na\u00eet chaque plancher sign\u00e9 Berti<\/strong>.<\/p>\n\n\n\n<p class=\"has-m-22-font-size\">Cela pourrait aussi vous int\u00e9resser :<br\/><a href=\"https:\/\/www.berti.net\/fr\/contactez-nous\/\">\u2937 <strong>Contactez-nous<\/strong><br\/><\/a><a href=\"https:\/\/www.berti.net\/fr\/entreprise\/\">\u2937 <strong>Entreprise<\/strong><br\/><\/a><a href=\"https:\/\/www.berti.net\/fr\/parquet\/parquet-diesel-living\/\">\u2937 <strong>Collection Diesel Living<\/strong><\/a><\/p>\n<\/div>\n<\/div>\n\n<div class=\"wp-block-group post-categories has-global-padding is-content-justification-left is-layout-constrained wp-container-core-group-is-layout-328eab2d wp-block-group-is-layout-constrained\" style=\"margin-top:var(--wp--preset--spacing--70);margin-bottom:var(--wp--preset--spacing--90);font-size:11px\">\n<div class=\"wp-block-group is-content-justification-center is-nowrap is-layout-flex wp-container-core-group-is-layout-60758a6d wp-block-group-is-layout-flex\">\n<p>Magazine \/<\/p>\n\n\n<div class=\"taxonomy-category wp-block-post-terms\"><a href=\"https:\/\/berti.net\/fr\/magazine\/category\/events-fr\/\" rel=\"tag\">Events<\/a><\/div><\/div>\n<\/div>\n","protected":false},"excerpt":{"rendered":"<p>Magazine \/ Berti accueille des architectes et des designers internationaux Une exp\u00e9rience immersive entre design, innovation et artisanat italien Le 15 octobre, Berti Pavimenti Legno a eu le plaisir d&rsquo;accueillir un groupe d&rsquo;architectes et de designers venant d&rsquo;Azerba\u00efdjan, de G\u00e9orgie, du Kazakhstan et d&rsquo;Ouzb\u00e9kistan pour une journ\u00e9e de rencontre, d&rsquo;\u00e9change et d&rsquo;inspiration dans le monde du design et de l&rsquo;architecture. [&hellip;]<\/p>\n","protected":false},"author":13,"featured_media":27576,"comment_status":"closed","ping_status":"closed","sticky":false,"template":"","format":"standard","meta":{"footnotes":""},"categories":[43],"tags":[343,333,339,338,304,340,342,336,335,341,334],"class_list":["post-27551","post","type-post","status-publish","format-standard","has-post-thumbnail","hentry","category-events-fr","tag-artisanat-italien-parquet","tag-berti-revetements-de-sol","tag-collection-diesel-parquet","tag-entreprise-de-parquet-en-venetie","tag-parquet-made-in-italy","tag-parquet-pour-architectes-et-designers","tag-planchers-en-bois-pour-interieurs","tag-production-de-parquet-made-in-italy","tag-visite-dentreprise-parquet","tag-visite-dusine-parquet","tag-visites-dentreprise-berti"],"_links":{"self":[{"href":"https:\/\/berti.net\/fr\/wp-json\/wp\/v2\/posts\/27551","targetHints":{"allow":["GET"]}}],"collection":[{"href":"https:\/\/berti.net\/fr\/wp-json\/wp\/v2\/posts"}],"about":[{"href":"https:\/\/berti.net\/fr\/wp-json\/wp\/v2\/types\/post"}],"author":[{"embeddable":true,"href":"https:\/\/berti.net\/fr\/wp-json\/wp\/v2\/users\/13"}],"replies":[{"embeddable":true,"href":"https:\/\/berti.net\/fr\/wp-json\/wp\/v2\/comments?post=27551"}],"version-history":[{"count":3,"href":"https:\/\/berti.net\/fr\/wp-json\/wp\/v2\/posts\/27551\/revisions"}],"predecessor-version":[{"id":27585,"href":"https:\/\/berti.net\/fr\/wp-json\/wp\/v2\/posts\/27551\/revisions\/27585"}],"wp:featuredmedia":[{"embeddable":true,"href":"https:\/\/berti.net\/fr\/wp-json\/wp\/v2\/media\/27576"}],"wp:attachment":[{"href":"https:\/\/berti.net\/fr\/wp-json\/wp\/v2\/media?parent=27551"}],"wp:term":[{"taxonomy":"category","embeddable":true,"href":"https:\/\/berti.net\/fr\/wp-json\/wp\/v2\/categories?post=27551"},{"taxonomy":"post_tag","embeddable":true,"href":"https:\/\/berti.net\/fr\/wp-json\/wp\/v2\/tags?post=27551"}],"curies":[{"name":"wp","href":"https:\/\/api.w.org\/{rel}","templated":true}]}}