{"id":25614,"date":"2025-07-07T07:59:23","date_gmt":"2025-07-07T07:59:23","guid":{"rendered":"https:\/\/www.berti.net\/?p=25614"},"modified":"2025-07-08T07:37:56","modified_gmt":"2025-07-08T07:37:56","slug":"le-bois-une-ressource-pour-lavenir-durabilite-innovation-et-responsabilite-environnementale-2","status":"publish","type":"post","link":"https:\/\/berti.net\/fr\/magazine\/le-bois-une-ressource-pour-lavenir-durabilite-innovation-et-responsabilite-environnementale-2\/","title":{"rendered":"Parquet dans la salle de bains : style, bien-\u00eatre et durabilit\u00e9 pour les pi\u00e8ces de caract\u00e8re"},"content":{"rendered":"\n<div class=\"wp-block-group post-categories has-global-padding is-content-justification-left is-layout-constrained wp-container-core-group-is-layout-118d8d6f wp-block-group-is-layout-constrained\" style=\"margin-top:var(--wp--preset--spacing--30);margin-bottom:var(--wp--preset--spacing--60);font-size:11px\">\n<div class=\"wp-block-group is-content-justification-center is-nowrap is-layout-flex wp-container-core-group-is-layout-60758a6d wp-block-group-is-layout-flex\">\n<p>Magazine \/<\/p>\n\n\n<div class=\"taxonomy-category wp-block-post-terms\"><a href=\"https:\/\/berti.net\/fr\/magazine\/category\/products-fr\/\" rel=\"tag\">Products<\/a><\/div><\/div>\n<\/div>\n\n<div class=\"wp-block-group title-text-indented-pattern animated fadeIn has-global-padding is-layout-constrained wp-container-core-group-is-layout-1faf65b3 wp-block-group-is-layout-constrained\" style=\"margin-bottom:var(--wp--preset--spacing--20)\">\n<div class=\"wp-block-group has-global-padding is-layout-constrained wp-container-core-group-is-layout-6dea37ad wp-block-group-is-layout-constrained\"><div style=\"font-style:normal;font-weight:600;text-transform:uppercase;\" class=\"has-link-color wp-elements-32859cd979b45056895d81c5660c23a0 wp-block-post-date has-text-color has-base-color has-s-font-size\"><time datetime=\"2025-07-07T07:59:23+00:00\">7 juillet 2025<\/time><\/div>\n\n\n<h1 class=\"wp-block-heading has-text-color\" style=\"color:#000000;margin-bottom:var(--wp--preset--spacing--40)\">Parquet dans la salle de bains : style, bien-\u00eatre et durabilit\u00e9 pour les pi\u00e8ces de caract\u00e8re<\/h1>\n\n\n\n<h2 class=\"wp-block-heading has-text-color has-m-32-font-size\" style=\"color:#000000;margin-bottom:var(--wp--preset--spacing--20)\">La salle de bains change de visage : du service \u00e0 l&rsquo;oasis de bien-\u00eatre<\/h2>\n\n\n\n<p class=\"has-m-22-font-size\">Ces derni\u00e8res ann\u00e9es, la salle de bains est devenue bien plus qu&rsquo;un espace fonctionnel. Elle s&rsquo;est transform\u00e9e en un environnement intime consacr\u00e9 \u00e0 la relaxation, au bien-\u00eatre personnel et aux soins de soi. Dans cette nouvelle approche du design, les mat\u00e9riaux jouent un r\u00f4le crucial. Et parmi eux, le <strong>parquet<\/strong> dans la salle de bains s&rsquo;impose comme un choix <strong>\u00e9l\u00e9gant<\/strong>, <strong>naturel<\/strong> et \u00e9tonnamment performant.   <\/p>\n<\/div>\n<\/div>\n\n<div class=\"wp-block-group alignwide has-global-padding is-layout-constrained wp-container-core-group-is-layout-d427c859 wp-block-group-is-layout-constrained\" style=\"margin-top:var(--wp--preset--spacing--50);margin-bottom:var(--wp--preset--spacing--50);padding-right:16px;padding-left:16px\">\n<figure class=\"wp-block-image size-large\"><img loading=\"lazy\" decoding=\"async\" width=\"1920\" height=\"1080\" src=\"https:\/\/www.berti.net\/wp-content\/uploads\/berti_pavimenti_legno_parquet_bagno_articolo-1920x1080.jpg\" alt=\"\" class=\"wp-image-25723\" srcset=\"https:\/\/berti.net\/wp-content\/uploads\/berti_pavimenti_legno_parquet_bagno_articolo-1920x1080.jpg 1920w, https:\/\/berti.net\/wp-content\/uploads\/berti_pavimenti_legno_parquet_bagno_articolo-812x457.jpg 812w, https:\/\/berti.net\/wp-content\/uploads\/berti_pavimenti_legno_parquet_bagno_articolo-768x432.jpg 768w, https:\/\/berti.net\/wp-content\/uploads\/berti_pavimenti_legno_parquet_bagno_articolo-1536x864.jpg 1536w, https:\/\/berti.net\/wp-content\/uploads\/berti_pavimenti_legno_parquet_bagno_articolo.jpg 1928w\" sizes=\"auto, (max-width: 1920px) 100vw, 1920px\" \/><\/figure>\n<\/div>\n\n<div class=\"wp-block-group title-text-indented-pattern animated fadeIn has-global-padding is-layout-constrained wp-container-core-group-is-layout-1faf65b3 wp-block-group-is-layout-constrained\" style=\"margin-bottom:var(--wp--preset--spacing--20)\">\n<div class=\"wp-block-group has-global-padding is-layout-constrained wp-container-core-group-is-layout-6dea37ad wp-block-group-is-layout-constrained\">\n<h2 class=\"wp-block-heading has-text-color has-m-32-font-size\" style=\"color:#000000;margin-bottom:var(--wp--preset--spacing--20)\">Pourquoi choisir le parquet dans la salle de bains ?<\/h2>\n\n\n\n<p class=\"has-m-22-font-size\">De nombreuses personnes se demandent s&rsquo;il est possible d&rsquo;installer un parquet dans la salle de bains. La r\u00e9ponse est oui, \u00e0 condition d&rsquo;utiliser des produits de qualit\u00e9, trait\u00e9s avec des <strong>finitions adapt\u00e9es \u00e0<\/strong> l&rsquo;environnement humide. Le parquet de salle de bains est non seulement compatible avec les exigences techniques modernes, mais il ajoute \u00e9galement une valeur esth\u00e9tique et sensorielle \u00e0 l&rsquo;espace. Marcher pieds nus sur un parquet est une v\u00e9ritable exp\u00e9rience : chaleur, confort et authenticit\u00e9 se conjuguent dans un rituel quotidien de bien-\u00eatre.   <\/p>\n\n\n\n<p class=\"has-m-22-font-size\">Le bois conf\u00e8re un sentiment de confort et d&rsquo;harmonie visuelle, m\u00eame dans les pi\u00e8ces petites ou peu \u00e9clair\u00e9es. Gr\u00e2ce \u00e0 sa <strong>polyvalence<\/strong>, le parquet pour salles de bains s&rsquo;int\u00e8gre parfaitement dans les designs <strong>contemporains<\/strong> et <strong>classiques<\/strong>, s&rsquo;adaptant aux tendances du design sans perdre sa fonctionnalit\u00e9. <\/p>\n<\/div>\n<\/div>\n\n<div class=\"wp-block-group title-text-indented-pattern animated fadeIn has-global-padding is-layout-constrained wp-container-core-group-is-layout-1faf65b3 wp-block-group-is-layout-constrained\" style=\"margin-bottom:var(--wp--preset--spacing--20)\">\n<div class=\"wp-block-group has-global-padding is-layout-constrained wp-container-core-group-is-layout-6dea37ad wp-block-group-is-layout-constrained\">\n<h2 class=\"wp-block-heading has-text-color has-m-32-font-size\" style=\"color:#000000;margin-bottom:var(--wp--preset--spacing--20)\">Solutions Berti pour les salles de bains avec parquet<\/h2>\n\n\n\n<p class=\"has-m-22-font-size\">Depuis des ann\u00e9es, Berti Pavimenti Legno propose des collections con\u00e7ues \u00e9galement pour la salle de bains, avec des parquets vernis \u00e0 l&rsquo;eau, r\u00e9sistants \u00e0 l&rsquo;humidit\u00e9 et faciles \u00e0 entretenir. <a href=\"https:\/\/www.berti.net\/fr\/entreprise\/#:~:text=Verniciatura%20Hi%2DTech,camerette%20per%20bambini.\"><strong>La finition Silver Protector<\/strong><\/a>disponible sur demande, offre une action antibact\u00e9rienne certifi\u00e9e, <strong>\u00e9liminant jusqu&rsquo;\u00e0 99,9 % des bact\u00e9ries en 24 heures<\/strong>: un atout important pour les environnements o\u00f9 l&rsquo;hygi\u00e8ne et la s\u00e9curit\u00e9 sont essentielles.<\/p>\n\n\n\n<p class=\"has-m-22-font-size\">En outre, les planches Berti sont trait\u00e9es avec des<strong> syst\u00e8mes de protection de<\/strong> surface qui pr\u00e9servent l&rsquo;authenticit\u00e9 du bois tout en garantissant des performances \u00e9lev\u00e9es. La structure en couches et le contr\u00f4le constant en phase de production assurent la <strong>stabilit\u00e9<\/strong> m\u00eame en pr\u00e9sence de <strong>variations de temp\u00e9rature et d&rsquo;humidit\u00e9.<\/strong> <\/p>\n<\/div>\n<\/div>\n\n<div class=\"wp-block-group alignwide has-global-padding is-layout-constrained wp-container-core-group-is-layout-d427c859 wp-block-group-is-layout-constrained\" style=\"margin-top:var(--wp--preset--spacing--50);margin-bottom:var(--wp--preset--spacing--50);padding-right:16px;padding-left:16px\">\n<figure class=\"wp-block-image size-full\"><img loading=\"lazy\" decoding=\"async\" width=\"1928\" height=\"1084\" src=\"https:\/\/www.berti.net\/wp-content\/uploads\/berti_pavimenti_legno_parquet_bagno_noce_pavimento.jpg\" alt=\"\" class=\"wp-image-25727\" srcset=\"https:\/\/berti.net\/wp-content\/uploads\/berti_pavimenti_legno_parquet_bagno_noce_pavimento.jpg 1928w, https:\/\/berti.net\/wp-content\/uploads\/berti_pavimenti_legno_parquet_bagno_noce_pavimento-812x457.jpg 812w, https:\/\/berti.net\/wp-content\/uploads\/berti_pavimenti_legno_parquet_bagno_noce_pavimento-1920x1080.jpg 1920w, https:\/\/berti.net\/wp-content\/uploads\/berti_pavimenti_legno_parquet_bagno_noce_pavimento-768x432.jpg 768w, https:\/\/berti.net\/wp-content\/uploads\/berti_pavimenti_legno_parquet_bagno_noce_pavimento-1536x864.jpg 1536w\" sizes=\"auto, (max-width: 1928px) 100vw, 1928px\" \/><\/figure>\n<\/div>\n\n<div class=\"wp-block-group title-text-indented-pattern animated fadeIn has-global-padding is-layout-constrained wp-container-core-group-is-layout-1faf65b3 wp-block-group-is-layout-constrained\" style=\"margin-bottom:var(--wp--preset--spacing--20)\">\n<div class=\"wp-block-group has-global-padding is-layout-constrained wp-container-core-group-is-layout-6dea37ad wp-block-group-is-layout-constrained\">\n<h2 class=\"wp-block-heading has-text-color has-m-32-font-size\" style=\"color:#000000;margin-bottom:var(--wp--preset--spacing--20)\">Esth\u00e9tique et fonctionnalit\u00e9 : l&rsquo;accord parfait<\/h2>\n\n\n\n<p class=\"has-m-22-font-size\">La salle de bains en parquet Berti allie les performances techniques \u00e0 un impact visuel fascinant. Le grain naturel du bois, ses nuances chaudes et sa texture transforment m\u00eame la plus petite des salles de bains en un espace sophistiqu\u00e9. Les sols de salle de bains en bois donnent une impression d&rsquo;\u00e9quilibre, de chaleur et d&rsquo;intimit\u00e9 qu&rsquo;il est difficile de reproduire avec d&rsquo;autres mat\u00e9riaux.  <\/p>\n\n\n\n<p class=\"has-m-22-font-size\">L&rsquo;association de surfaces en bois et d&rsquo;articles sanitaires design cr\u00e9e un effet spa domestique. La combinaison avec des \u00e9l\u00e9ments en pierre, en gr\u00e8s ou en m\u00e9tal amplifie l&rsquo;effet dramatique de la salle de bains en parquet et la rend unique. <\/p>\n<\/div>\n<\/div>\n\n<div class=\"wp-block-group title-text-indented-pattern animated fadeIn has-global-padding is-layout-constrained wp-container-core-group-is-layout-1faf65b3 wp-block-group-is-layout-constrained\" style=\"margin-bottom:var(--wp--preset--spacing--20)\">\n<div class=\"wp-block-group has-global-padding is-layout-constrained wp-container-core-group-is-layout-6dea37ad wp-block-group-is-layout-constrained\">\n<h1 class=\"wp-block-heading has-text-color has-m-32-font-size\" style=\"color:#000000;margin-bottom:var(--wp--preset--spacing--20)\">Collections de salles de bains recommand\u00e9es<\/h1>\n\n\n\n<h2 class=\"wp-block-heading has-text-color has-m-32-font-size\" style=\"color:#000000;margin-bottom:var(--wp--preset--spacing--20)\"><a href=\"https:\/\/www.berti.net\/fr\/parquet\/parquet-diesel-living\/\">BERTI x DIESEL<\/a><\/h2>\n\n\n\n<p class=\"has-m-22-font-size\">La collection issue de la collaboration avec Diesel Living interpr\u00e8te le bois de mani\u00e8re urbaine et contemporaine. Des textures vivantes, des tons intenses et des finitions solides font de chaque salle de bains en parquet un environnement unique et charismatique. Id\u00e9ale pour ceux qui recherchent un look industriel mais avec des mat\u00e9riaux naturels.  <\/p>\n<\/div>\n<\/div>\n\n<div class=\"wp-block-group title-text-indented-pattern animated fadeIn has-global-padding is-layout-constrained wp-container-core-group-is-layout-1faf65b3 wp-block-group-is-layout-constrained\" style=\"margin-bottom:var(--wp--preset--spacing--20)\">\n<div class=\"wp-block-group has-global-padding is-layout-constrained wp-container-core-group-is-layout-6dea37ad wp-block-group-is-layout-constrained\">\n<h2 class=\"wp-block-heading has-text-color has-m-32-font-size\" style=\"color:#000000;margin-bottom:var(--wp--preset--spacing--20)\"><a href=\"https:\/\/www.berti.net\/fr\/parquet\/parquet-essential\/\">BERTI ESSENTIAL<\/a><\/h2>\n\n\n\n<p class=\"has-m-22-font-size\"><strong>Des lignes \u00e9pur\u00e9es, des finitions mates et des grains mis en valeur par le brossage<\/strong>: cette collection est parfaite pour ceux qui recherchent une salle de bains <strong>\u00e9l\u00e9gante, discr\u00e8te et<\/strong> intemporelle. <strong>Essential<\/strong> est parfaite pour ceux qui recherchent une salle de bains en parquet \u00e9l\u00e9gante, sobre et intemporelle. Id\u00e9ale pour des projets au style essentiel mais jamais banal, elle s&rsquo;adapte facilement \u00e0 diff\u00e9rentes palettes de couleurs. <\/p>\n<\/div>\n<\/div>\n\n<div class=\"wp-block-group title-text-indented-pattern animated fadeIn has-global-padding is-layout-constrained wp-container-core-group-is-layout-8c259b4a wp-block-group-is-layout-constrained\">\n<div class=\"wp-block-group has-global-padding is-layout-constrained wp-container-core-group-is-layout-6dea37ad wp-block-group-is-layout-constrained\">\n<h2 class=\"wp-block-heading has-text-color has-m-32-font-size\" style=\"color:#000000;margin-bottom:var(--wp--preset--spacing--20)\"><a href=\"https:\/\/www.berti.net\/fr\/parquet\/parquet-essential\/\">Parquet pour salles de bains modernes <\/a>et<a href=\"https:\/\/www.berti.net\/fr\/parquet\/parquet-essential\/\"> durables<\/a><\/h2>\n\n\n\n<p class=\"has-m-22-font-size\">Tous les parquets de salle de bains Berti sont produits dans le respect de l&rsquo;environnement, avec du bois <strong>certifi\u00e9 FSC<\/strong>, des <strong>vernis \u00e0 base d&rsquo;eau<\/strong> et des processus de production \u00e0 <strong>faible impact environnemental<\/strong>. Un choix responsable pour ceux qui veulent une salle de bains belle, fonctionnelle et durable. L&rsquo;engagement en faveur de la <strong>durabilit\u00e9<\/strong> fait partie int\u00e9grante de la philosophie de l&rsquo;entreprise et se refl\u00e8te \u00e0 chaque \u00e9tape de la production. <\/p>\n<\/div>\n<\/div>\n\n<div class=\"wp-block-group alignwide has-global-padding is-layout-constrained wp-container-core-group-is-layout-d427c859 wp-block-group-is-layout-constrained\" style=\"margin-top:var(--wp--preset--spacing--50);margin-bottom:var(--wp--preset--spacing--50);padding-right:16px;padding-left:16px\">\n<figure class=\"wp-block-image size-full\"><img loading=\"lazy\" decoding=\"async\" width=\"1928\" height=\"1084\" src=\"https:\/\/www.berti.net\/wp-content\/uploads\/berti_pavimenti_legno_articolo_parquet_bagno_noce_europeo.jpg\" alt=\"\" class=\"wp-image-25689\" srcset=\"https:\/\/berti.net\/wp-content\/uploads\/berti_pavimenti_legno_articolo_parquet_bagno_noce_europeo.jpg 1928w, https:\/\/berti.net\/wp-content\/uploads\/berti_pavimenti_legno_articolo_parquet_bagno_noce_europeo-812x457.jpg 812w, https:\/\/berti.net\/wp-content\/uploads\/berti_pavimenti_legno_articolo_parquet_bagno_noce_europeo-1920x1080.jpg 1920w, https:\/\/berti.net\/wp-content\/uploads\/berti_pavimenti_legno_articolo_parquet_bagno_noce_europeo-768x432.jpg 768w, https:\/\/berti.net\/wp-content\/uploads\/berti_pavimenti_legno_articolo_parquet_bagno_noce_europeo-1536x864.jpg 1536w\" sizes=\"auto, (max-width: 1928px) 100vw, 1928px\" \/><\/figure>\n<\/div>\n\n<div class=\"wp-block-group title-text-indented-pattern animated fadeIn has-global-padding is-layout-constrained wp-container-core-group-is-layout-1faf65b3 wp-block-group-is-layout-constrained\" style=\"margin-bottom:var(--wp--preset--spacing--20)\">\n<div class=\"wp-block-group has-global-padding is-layout-constrained wp-container-core-group-is-layout-6dea37ad wp-block-group-is-layout-constrained\">\n<h2 class=\"wp-block-heading has-text-color has-m-32-font-size\" style=\"color:#000000;margin-bottom:var(--wp--preset--spacing--20)\"><a href=\"https:\/\/www.berti.net\/fr\/parquet\/parquet-essential\/\">Un parquet<\/a> <a href=\"https:\/\/www.berti.net\/fr\/parquet\/parquet-essential\/\">qui dure dans le temps<\/a><\/h2>\n\n\n\n<p class=\"has-m-22-font-size\">Outre la beaut\u00e9, le parquet de salle de bains <strong>Berti<\/strong> garantit la <strong>durabilit\u00e9<\/strong> et la <strong>long\u00e9vit\u00e9<\/strong>. Le fait qu&rsquo;il puisse \u00eatre ponc\u00e9 et restaur\u00e9 au fil du temps en fait un investissement judicieux, m\u00eame dans des environnements exigeants tels que la salle de bains. La structure multicouche des lames offre une plus grande stabilit\u00e9, r\u00e9duisant ainsi le risque de d\u00e9formation.  <\/p>\n\n\n\n<p class=\"has-m-22-font-size\">Avec une bonne ventilation et l&rsquo;utilisation de tapis absorbants dans les zones les plus expos\u00e9es, le parquet de la salle de bains reste <strong>beau et fonctionnel pendant des d\u00e9cennies.<\/strong><\/p>\n<\/div>\n<\/div>\n\n<div class=\"wp-block-group title-text-indented-pattern animated fadeIn has-global-padding is-layout-constrained wp-container-core-group-is-layout-b2ab1441 wp-block-group-is-layout-constrained\" style=\"margin-bottom:var(--wp--preset--spacing--90)\">\n<div class=\"wp-block-group has-global-padding is-layout-constrained wp-container-core-group-is-layout-6dea37ad wp-block-group-is-layout-constrained\">\n<h2 class=\"wp-block-heading has-text-color has-m-32-font-size\" style=\"color:#000000;margin-bottom:var(--wp--preset--spacing--20)\"><a href=\"https:\/\/www.berti.net\/fr\/parquet\/parquet-essential\/\">Meubler la salle de bains avec du parquet<\/a>:<a href=\"https:\/\/www.berti.net\/fr\/parquet\/parquet-essential\/\"> un choix \u00e9l\u00e9gant<\/a><\/h2>\n\n\n\n<p class=\"has-m-22-font-size\">Le choix d&rsquo;un parquet pour la salle de bains n&rsquo;est pas seulement une question d&rsquo;esth\u00e9tique : c&rsquo;est une d\u00e9claration de style, un geste d&rsquo;attention au bien-\u00eatre quotidien et un engagement de qualit\u00e9. Avec les solutions Berti, le parquet de la salle de bains devient <strong>le protagoniste d&rsquo;espaces \u00e9l\u00e9gants<\/strong>, sains et sans compromis. <\/p>\n\n\n\n<p class=\"has-m-22-font-size\" style=\"margin-top:var(--wp--preset--spacing--80)\">Vous pourriez \u00e9galement \u00eatre int\u00e9ress\u00e9 par :<br\/>\u2937 <strong><a href=\"https:\/\/www.berti.net\/parquet\/parquet-in-rovere-e-legni-pregiati-essential\/parquet-noce-scuro-americano-antico\/\">Noyer am\u00e9ricain ancien<\/a><\/strong><br\/>\u2937 <strong><a href=\"https:\/\/www.berti.net\/fr\/parquet\/parquet-essential\/\">Parquet Essential<\/a><\/strong><br\/>\u2937 <strong><a href=\"https:\/\/www.berti.net\/fr\/collection-salle-de-bain\/\">Collection salle de bains<\/a><\/strong><br\/>\u2937 <strong><a href=\"https:\/\/www.berti.net\/fr\/demandez-une-consultation\/\">Demande de consultation<\/a><\/strong><\/p>\n<\/div>\n<\/div>\n\n<div class=\"wp-block-group post-categories has-global-padding is-content-justification-left is-layout-constrained wp-container-core-group-is-layout-328eab2d wp-block-group-is-layout-constrained\" style=\"margin-top:var(--wp--preset--spacing--70);margin-bottom:var(--wp--preset--spacing--90);font-size:11px\">\n<div class=\"wp-block-group is-content-justification-center is-nowrap is-layout-flex wp-container-core-group-is-layout-60758a6d wp-block-group-is-layout-flex\">\n<p>Magazine \/<\/p>\n\n\n<div class=\"taxonomy-category wp-block-post-terms\"><a href=\"https:\/\/berti.net\/fr\/magazine\/category\/products-fr\/\" rel=\"tag\">Products<\/a><\/div><\/div>\n<\/div>\n","protected":false},"excerpt":{"rendered":"<p>Magazine \/ Parquet dans la salle de bains : style, bien-\u00eatre et durabilit\u00e9 pour les pi\u00e8ces de caract\u00e8re La salle de bains change de visage : du service \u00e0 l&rsquo;oasis de bien-\u00eatre Ces derni\u00e8res ann\u00e9es, la salle de bains est devenue bien plus qu&rsquo;un espace fonctionnel. Elle s&rsquo;est transform\u00e9e en un environnement intime consacr\u00e9 \u00e0 la relaxation, au bien-\u00eatre personnel [&hellip;]<\/p>\n","protected":false},"author":13,"featured_media":25734,"comment_status":"closed","ping_status":"closed","sticky":false,"template":"","format":"standard","meta":{"footnotes":""},"categories":[45],"tags":[222,157,215,270,268,220,269],"class_list":["post-25614","post","type-post","status-publish","format-standard","has-post-thumbnail","hentry","category-products-fr","tag-antibacterien","tag-berti-fr","tag-bois","tag-bois-certifie","tag-meubles-de-salle-de-bains","tag-planchers-en-bois","tag-salle-de-bains-bien-etre"],"_links":{"self":[{"href":"https:\/\/berti.net\/fr\/wp-json\/wp\/v2\/posts\/25614","targetHints":{"allow":["GET"]}}],"collection":[{"href":"https:\/\/berti.net\/fr\/wp-json\/wp\/v2\/posts"}],"about":[{"href":"https:\/\/berti.net\/fr\/wp-json\/wp\/v2\/types\/post"}],"author":[{"embeddable":true,"href":"https:\/\/berti.net\/fr\/wp-json\/wp\/v2\/users\/13"}],"replies":[{"embeddable":true,"href":"https:\/\/berti.net\/fr\/wp-json\/wp\/v2\/comments?post=25614"}],"version-history":[{"count":4,"href":"https:\/\/berti.net\/fr\/wp-json\/wp\/v2\/posts\/25614\/revisions"}],"predecessor-version":[{"id":25745,"href":"https:\/\/berti.net\/fr\/wp-json\/wp\/v2\/posts\/25614\/revisions\/25745"}],"wp:featuredmedia":[{"embeddable":true,"href":"https:\/\/berti.net\/fr\/wp-json\/wp\/v2\/media\/25734"}],"wp:attachment":[{"href":"https:\/\/berti.net\/fr\/wp-json\/wp\/v2\/media?parent=25614"}],"wp:term":[{"taxonomy":"category","embeddable":true,"href":"https:\/\/berti.net\/fr\/wp-json\/wp\/v2\/categories?post=25614"},{"taxonomy":"post_tag","embeddable":true,"href":"https:\/\/berti.net\/fr\/wp-json\/wp\/v2\/tags?post=25614"}],"curies":[{"name":"wp","href":"https:\/\/api.w.org\/{rel}","templated":true}]}}