{"id":23746,"date":"2025-06-05T06:35:18","date_gmt":"2025-06-05T06:35:18","guid":{"rendered":"https:\/\/www.berti.net\/magazine\/le-bois-une-ressource-pour-lavenir-durabilite-innovation-et-responsabilite-environnementale\/"},"modified":"2025-06-05T07:43:04","modified_gmt":"2025-06-05T07:43:04","slug":"le-bois-une-ressource-pour-lavenir-durabilite-innovation-et-responsabilite-environnementale","status":"publish","type":"post","link":"https:\/\/berti.net\/fr\/magazine\/le-bois-une-ressource-pour-lavenir-durabilite-innovation-et-responsabilite-environnementale\/","title":{"rendered":"Le bois, une ressource pour l&rsquo;avenir : durabilit\u00e9, innovation et responsabilit\u00e9 environnementale"},"content":{"rendered":"\n<div class=\"wp-block-group post-categories has-global-padding is-content-justification-left is-layout-constrained wp-container-core-group-is-layout-118d8d6f wp-block-group-is-layout-constrained\" style=\"margin-top:var(--wp--preset--spacing--30);margin-bottom:var(--wp--preset--spacing--60);font-size:11px\">\n<div class=\"wp-block-group is-content-justification-center is-nowrap is-layout-flex wp-container-core-group-is-layout-60758a6d wp-block-group-is-layout-flex\">\n<p>Magazine \/<\/p>\n\n\n<div class=\"taxonomy-category wp-block-post-terms\"><a href=\"https:\/\/berti.net\/fr\/magazine\/category\/events-fr\/\" rel=\"tag\">Events<\/a><\/div><\/div>\n<\/div>\n\n<div class=\"wp-block-group title-text-indented-pattern animated fadeIn has-global-padding is-layout-constrained wp-container-core-group-is-layout-b2ab1441 wp-block-group-is-layout-constrained\" style=\"margin-bottom:var(--wp--preset--spacing--90)\">\n<div class=\"wp-block-group has-global-padding is-layout-constrained wp-container-core-group-is-layout-6dea37ad wp-block-group-is-layout-constrained\"><div style=\"font-style:normal;font-weight:600;text-transform:uppercase;\" class=\"has-link-color wp-elements-32859cd979b45056895d81c5660c23a0 wp-block-post-date has-text-color has-base-color has-s-font-size\"><time datetime=\"2025-06-05T06:35:18+00:00\">5 juin 2025<\/time><\/div>\n\n\n<h1 class=\"wp-block-heading has-text-color\" style=\"color:#000000;margin-bottom:var(--wp--preset--spacing--20)\">Le bois, une ressource pour l&rsquo;avenir : durabilit\u00e9, innovation et responsabilit\u00e9 environnementale<\/h1>\n\n\n\n<p class=\"has-m-22-font-size\">\u00c0 l&rsquo;heure o\u00f9 la transition \u00e9cologique n&rsquo;est plus une option mais une n\u00e9cessit\u00e9, le <strong>bois issu d&rsquo;\u00e9cosyst\u00e8mes certifi\u00e9s et g\u00e9r\u00e9s de mani\u00e8re responsable<\/strong> s&rsquo;impose comme l&rsquo;un des mat\u00e9riaux cl\u00e9s d&rsquo;un avenir durable. Capable de r\u00e9pondre aux besoins d&rsquo;aujourd&rsquo;hui sans compromettre ceux des g\u00e9n\u00e9rations futures, il repr\u00e9sente un \u00e9quilibre parfait entre fonctionnalit\u00e9 et respect de l&rsquo;environnement. <\/p>\n<\/div>\n<\/div>\n\n<div class=\"wp-block-group alignwide has-global-padding is-layout-constrained wp-container-core-group-is-layout-d427c859 wp-block-group-is-layout-constrained\" style=\"margin-top:var(--wp--preset--spacing--50);margin-bottom:var(--wp--preset--spacing--50);padding-right:16px;padding-left:16px\">\n<figure class=\"wp-block-image size-full\"><img loading=\"lazy\" decoding=\"async\" width=\"1928\" height=\"1084\" src=\"https:\/\/www.berti.net\/wp-content\/uploads\/image002.jpg\" alt=\"\" class=\"wp-image-22212\" srcset=\"https:\/\/berti.net\/wp-content\/uploads\/image002.jpg 1928w, https:\/\/berti.net\/wp-content\/uploads\/image002-812x457.jpg 812w, https:\/\/berti.net\/wp-content\/uploads\/image002-1920x1080.jpg 1920w, https:\/\/berti.net\/wp-content\/uploads\/image002-768x432.jpg 768w, https:\/\/berti.net\/wp-content\/uploads\/image002-1536x864.jpg 1536w\" sizes=\"auto, (max-width: 1928px) 100vw, 1928px\" \/><\/figure>\n<\/div>\n\n<div class=\"wp-block-group title-text-indented-pattern animated fadeIn has-global-padding is-layout-constrained wp-container-core-group-is-layout-b2ab1441 wp-block-group-is-layout-constrained\" style=\"margin-bottom:var(--wp--preset--spacing--90)\">\n<div class=\"wp-block-group has-global-padding is-layout-constrained wp-container-core-group-is-layout-6dea37ad wp-block-group-is-layout-constrained\">\n<p class=\"has-m-22-font-size\">Ce mat\u00e9riau pr\u00e9cieux est une ressource essentielle pour lutter contre le changement climatique et construire en harmonie avec l&rsquo;environnement, principalement parce qu&rsquo;il est capable de capturer le CO2. Des \u00e9tudes r\u00e9centes ont calcul\u00e9 que <strong>chaque m\u00e8tre cube de bois stocke plus d&rsquo;une tonne de dioxyde de carbone<\/strong>, contribuant ainsi activement \u00e0 la r\u00e9duction des \u00e9missions et au maintien de la biodiversit\u00e9, en particulier lorsqu&rsquo;il est int\u00e9gr\u00e9 \u00e0 des pratiques de reboisement et de gestion active des for\u00eats. <\/p>\n\n\n\n<p class=\"has-m-22-font-size\">Utiliser le bois, en particulier le bois issu de for\u00eats g\u00e9r\u00e9es de mani\u00e8re responsable, c&rsquo;est donc investir dans une \u00e9conomie circulaire, o\u00f9 la beaut\u00e9 du design se conjugue avec la protection de la plan\u00e8te.<br\/>De plus en plus demand\u00e9 dans le secteur de l&rsquo;architecture, le bois pr\u00e9sente des avantages significatifs en termes \u00e9conomiques gr\u00e2ce \u00e0 ses propri\u00e9t\u00e9s isolantes naturelles, qui favorisent un grand confort climatique \u00e0 l&rsquo;int\u00e9rieur et r\u00e9duisent les co\u00fbts de chauffage.<\/p>\n<\/div>\n<\/div>\n\n<div class=\"wp-block-group alignwide has-global-padding is-layout-constrained wp-container-core-group-is-layout-d427c859 wp-block-group-is-layout-constrained\" style=\"margin-top:var(--wp--preset--spacing--50);margin-bottom:var(--wp--preset--spacing--50);padding-right:16px;padding-left:16px\">\n<figure class=\"wp-block-image size-large\"><img loading=\"lazy\" decoding=\"async\" width=\"1920\" height=\"1603\" src=\"https:\/\/www.berti.net\/wp-content\/uploads\/pavimento-legno-sostenibile-interni-verdi-costa-rica-2048x1710-1-1920x1603.jpg\" alt=\"\" class=\"wp-image-22162\" srcset=\"https:\/\/berti.net\/wp-content\/uploads\/pavimento-legno-sostenibile-interni-verdi-costa-rica-2048x1710-1-1920x1603.jpg 1920w, https:\/\/berti.net\/wp-content\/uploads\/pavimento-legno-sostenibile-interni-verdi-costa-rica-2048x1710-1-812x678.jpg 812w, https:\/\/berti.net\/wp-content\/uploads\/pavimento-legno-sostenibile-interni-verdi-costa-rica-2048x1710-1-768x641.jpg 768w, https:\/\/berti.net\/wp-content\/uploads\/pavimento-legno-sostenibile-interni-verdi-costa-rica-2048x1710-1-1536x1283.jpg 1536w, https:\/\/berti.net\/wp-content\/uploads\/pavimento-legno-sostenibile-interni-verdi-costa-rica-2048x1710-1.jpg 2048w\" sizes=\"auto, (max-width: 1920px) 100vw, 1920px\" \/><\/figure>\n<\/div>\n\n<div class=\"wp-block-group title-text-indented-pattern animated fadeIn has-global-padding is-layout-constrained wp-container-core-group-is-layout-b2ab1441 wp-block-group-is-layout-constrained\" style=\"margin-bottom:var(--wp--preset--spacing--90)\">\n<div class=\"wp-block-group has-global-padding is-layout-constrained wp-container-core-group-is-layout-6dea37ad wp-block-group-is-layout-constrained\">\n<p class=\"has-m-22-font-size\">C&rsquo;est dans ce contexte que s&rsquo;inscrit le travail de <strong>Berti Pavimenti Legno<\/strong>, une entreprise italienne qui poursuit depuis plus de 76 ans une vision de la production bas\u00e9e sur l&rsquo;innovation responsable et la durabilit\u00e9. Avec une cha\u00eene d&rsquo;approvisionnement tra\u00e7able, des <strong>certifications environnementales (FSC\u00ae et PEFC\u2122)<\/strong> et une attention concr\u00e8te \u00e0 la r\u00e9duction de l&rsquo;impact environnemental \u00e0 chaque \u00e9tape de la production, Berti traduit les valeurs de la construction \u00e9cologique et de la durabilit\u00e9 en actions concr\u00e8tes. L&rsquo;entreprise combine tradition et innovation appliqu\u00e9es au parquet avec des finitions \u00e9cologiques r\u00e9alis\u00e9es <strong>avec des vernis \u00e0 base d&rsquo;eau, sans solvants ni formald\u00e9hyde<\/strong>, qui permettent de r\u00e9duire l&rsquo;impact environnemental, tout en offrant une r\u00e9sistance et une durabilit\u00e9 dans le temps et une <strong>r\u00e9duction de 95 %<\/strong> des \u00e9missions nocives par rapport \u00e0 un vernis normal \u00e0 base de solvants. En outre, le s\u00e9chage de la peinture dans des fours UV sp\u00e9ciaux rend le produit pr\u00e9fini imm\u00e9diatement utilisable et praticable, dans le respect absolu de l&rsquo;environnement.   <\/p>\n<\/div>\n<\/div>\n\n<div class=\"wp-block-group alignwide has-global-padding is-layout-constrained wp-container-core-group-is-layout-d427c859 wp-block-group-is-layout-constrained\" style=\"margin-top:var(--wp--preset--spacing--50);margin-bottom:var(--wp--preset--spacing--50);padding-right:16px;padding-left:16px\">\n<figure class=\"wp-block-image size-full\"><img loading=\"lazy\" decoding=\"async\" width=\"1452\" height=\"968\" src=\"https:\/\/www.berti.net\/wp-content\/uploads\/image004.jpg\" alt=\"\" class=\"wp-image-22166\" srcset=\"https:\/\/berti.net\/wp-content\/uploads\/image004.jpg 1452w, https:\/\/berti.net\/wp-content\/uploads\/image004-812x541.jpg 812w, https:\/\/berti.net\/wp-content\/uploads\/image004-768x512.jpg 768w\" sizes=\"auto, (max-width: 1452px) 100vw, 1452px\" \/><\/figure>\n<\/div>\n\n<div class=\"wp-block-group title-text-indented-pattern animated fadeIn has-global-padding is-layout-constrained wp-container-core-group-is-layout-b2ab1441 wp-block-group-is-layout-constrained\" style=\"margin-bottom:var(--wp--preset--spacing--90)\">\n<div class=\"wp-block-group has-global-padding is-layout-constrained wp-container-core-group-is-layout-6dea37ad wp-block-group-is-layout-constrained\">\n<p class=\"has-m-22-font-size\">Des processus de production responsables sont adopt\u00e9s dans les usines, en utilisant des mat\u00e9riaux durables tels que le contreplaqu\u00e9 de bouleau, qui est plus efficace en termes de r\u00e9g\u00e9n\u00e9ration de la flore foresti\u00e8re, et en utilisant des \u00e9nergies renouvelables. Son engagement \u00e9cologique s&rsquo;exprime \u00e9galement par la <strong>r\u00e9cup\u00e9ration et le recyclage des d\u00e9chets de production \u00e0 partir de la seule sciure vierge<\/strong> dans une perspective d&rsquo;\u00e9conomie circulaire.<br\/>Berti Pavimenti Legno continue d&rsquo;investir dans des pratiques durables et des innovations qui respectent l&rsquo;environnement, en offrant des produits de haute qualit\u00e9 qui r\u00e9pondent aux besoins modernes sans compromettre la sant\u00e9 de notre plan\u00e8te. <\/p>\n\n\n\n<p class=\"has-m-22-font-size\">Vous pourriez \u00e9galement \u00eatre int\u00e9ress\u00e9 par :<br\/>\u2937 <strong><a href=\"https:\/\/www.berti.net\/parquet\/quadrotte-square-space\/quadrotte-san-jose\/\">Dalles de parquet San Jos\u00e8<\/a><\/strong><br\/>\u2937 <strong><a href=\"https:\/\/www.berti.net\/fr\/parquet\/parquet-essential\/\">Collection de sols en bois Essential<\/a><\/strong><br\/>\u2937 <strong><a href=\"https:\/\/www.berti.net\/fr\/demandez-une-consultation\/\">Demande de consultation<\/a><\/strong><\/p>\n<\/div>\n<\/div>\n\n<div class=\"wp-block-group post-categories has-global-padding is-content-justification-left is-layout-constrained wp-container-core-group-is-layout-328eab2d wp-block-group-is-layout-constrained\" style=\"margin-top:var(--wp--preset--spacing--70);margin-bottom:var(--wp--preset--spacing--90);font-size:11px\">\n<div class=\"wp-block-group is-content-justification-center is-nowrap is-layout-flex wp-container-core-group-is-layout-60758a6d wp-block-group-is-layout-flex\">\n<p>Magazine \/<\/p>\n\n\n<div class=\"taxonomy-category wp-block-post-terms\"><a href=\"https:\/\/berti.net\/fr\/magazine\/category\/events-fr\/\" rel=\"tag\">Events<\/a><\/div><\/div>\n<\/div>\n","protected":false},"excerpt":{"rendered":"<p>Magazine \/ Le bois, une ressource pour l&rsquo;avenir : durabilit\u00e9, innovation et responsabilit\u00e9 environnementale \u00c0 l&rsquo;heure o\u00f9 la transition \u00e9cologique n&rsquo;est plus une option mais une n\u00e9cessit\u00e9, le bois issu d&rsquo;\u00e9cosyst\u00e8mes certifi\u00e9s et g\u00e9r\u00e9s de mani\u00e8re responsable s&rsquo;impose comme l&rsquo;un des mat\u00e9riaux cl\u00e9s d&rsquo;un avenir durable. Capable de r\u00e9pondre aux besoins d&rsquo;aujourd&rsquo;hui sans compromettre ceux des g\u00e9n\u00e9rations futures, il repr\u00e9sente [&hellip;]<\/p>\n","protected":false},"author":2,"featured_media":22241,"comment_status":"closed","ping_status":"closed","sticky":false,"template":"","format":"standard","meta":{"footnotes":""},"categories":[43],"tags":[222,153,215,217,216,220,218],"class_list":["post-23746","post","type-post","status-publish","format-standard","has-post-thumbnail","hentry","category-events-fr","tag-antibacterien","tag-berti","tag-bois","tag-linnovation","tag-la-durabilite","tag-planchers-en-bois","tag-responsabilite-environnementale"],"_links":{"self":[{"href":"https:\/\/berti.net\/fr\/wp-json\/wp\/v2\/posts\/23746","targetHints":{"allow":["GET"]}}],"collection":[{"href":"https:\/\/berti.net\/fr\/wp-json\/wp\/v2\/posts"}],"about":[{"href":"https:\/\/berti.net\/fr\/wp-json\/wp\/v2\/types\/post"}],"author":[{"embeddable":true,"href":"https:\/\/berti.net\/fr\/wp-json\/wp\/v2\/users\/2"}],"replies":[{"embeddable":true,"href":"https:\/\/berti.net\/fr\/wp-json\/wp\/v2\/comments?post=23746"}],"version-history":[{"count":1,"href":"https:\/\/berti.net\/fr\/wp-json\/wp\/v2\/posts\/23746\/revisions"}],"predecessor-version":[{"id":23749,"href":"https:\/\/berti.net\/fr\/wp-json\/wp\/v2\/posts\/23746\/revisions\/23749"}],"wp:featuredmedia":[{"embeddable":true,"href":"https:\/\/berti.net\/fr\/wp-json\/wp\/v2\/media\/22241"}],"wp:attachment":[{"href":"https:\/\/berti.net\/fr\/wp-json\/wp\/v2\/media?parent=23746"}],"wp:term":[{"taxonomy":"category","embeddable":true,"href":"https:\/\/berti.net\/fr\/wp-json\/wp\/v2\/categories?post=23746"},{"taxonomy":"post_tag","embeddable":true,"href":"https:\/\/berti.net\/fr\/wp-json\/wp\/v2\/tags?post=23746"}],"curies":[{"name":"wp","href":"https:\/\/api.w.org\/{rel}","templated":true}]}}