{"id":15577,"date":"2023-08-02T16:13:06","date_gmt":"2023-08-02T16:13:06","guid":{"rendered":"https:\/\/www.berti.net\/magazine\/lelegance-du-parquet-a-chevrons-hongrois\/"},"modified":"2025-05-19T09:26:12","modified_gmt":"2025-05-19T09:26:12","slug":"lelegance-du-parquet-a-chevrons-hongrois","status":"publish","type":"post","link":"https:\/\/berti.net\/fr\/magazine\/lelegance-du-parquet-a-chevrons-hongrois\/","title":{"rendered":"L&rsquo;\u00e9l\u00e9gance du parquet \u00e0 chevrons hongrois"},"content":{"rendered":"\n<div class=\"wp-block-group post-detail-pattern is-container has-base-2-color has-contrast-background-color has-text-color has-background has-link-color wp-elements-40b9608d522182279f6c42473a430949 has-global-padding is-layout-constrained wp-block-group-is-layout-constrained\" style=\"margin-top:0;margin-bottom:0;padding-top:var(--wp--preset--spacing--70);padding-bottom:var(--wp--preset--spacing--70)\">\n<div class=\"wp-block-columns alignwide is-layout-flex wp-container-core-columns-is-layout-d125203f wp-block-columns-is-layout-flex\" style=\"margin-bottom:var(--wp--preset--spacing--50)\">\n<div class=\"wp-block-column is-vertically-aligned-stretch is-layout-flow wp-block-column-is-layout-flow\" style=\"padding-right:0;flex-basis:50%\">\n<div class=\"wp-block-group is-vertical is-content-justification-stretch is-layout-flex wp-container-core-group-is-layout-e9e70883 wp-block-group-is-layout-flex\" style=\"min-height:100%\">\n<div class=\"wp-block-group post-categories is-nowrap is-layout-flex wp-container-core-group-is-layout-3155b93e wp-block-group-is-layout-flex\" style=\"margin-top:var(--wp--preset--spacing--20);font-size:11px\">\n<p>Magazine \/<\/p>\n\n\n<div class=\"taxonomy-category wp-block-post-terms\"><a href=\"https:\/\/berti.net\/fr\/magazine\/category\/projects-fr\/\" rel=\"tag\">Projects<\/a><\/div><\/div>\n\n\n<div style=\"font-style:normal;font-weight:600;text-transform:uppercase;\" class=\"has-link-color wp-elements-32859cd979b45056895d81c5660c23a0 wp-block-post-date has-text-color has-base-color has-s-font-size\"><time datetime=\"2023-08-02T16:13:06+00:00\">2 ao\u00fbt 2023<\/time><\/div>\n\n\n<h1 class=\"wp-block-heading post-title\">L&rsquo;\u00e9l\u00e9gance du parquet \u00e0 chevrons hongrois<\/h1>\n\n\n\n<h2 class=\"wp-block-heading post-subtitle\" style=\"margin-bottom:var(--wp--preset--spacing--20)\">L&rsquo;\u00e9l\u00e9gance du parquet <strong>\u00e0 chevrons<\/strong> hongrois dans un appartement prestigieux situ\u00e9 au c\u0153ur de la ville de Naples, avec une vue spectaculaire sur le <strong>Maschio Angioino<\/strong>, l&rsquo;un des symboles de la ville napolitaine.<\/h2>\n\n\n\n<h3 class=\"wp-block-heading has-m-font-size\"><strong>Quand le parquet d\u00e9finit les espaces<\/strong><\/h3>\n\n\n\n<p>Du parquet clair au parquet fonc\u00e9, le ch\u00eane naturel s&rsquo;adapte \u00e0 tous les styles d&rsquo;am\u00e9nagement. Ainsi, \u00e0 <strong>Casa Angiolina<\/strong>, la couleur du parquet en ch\u00eane pr\u00e9fini Neutro, avec son ton chaud de miel, d\u00e9finit les pi\u00e8ces, cr\u00e9ant un contraste et une harmonie de l&rsquo;ensemble, mettant en valeur les d\u00e9corations \u00e9l\u00e9gantes pour un r\u00e9sultat final sobre et contemporain. Anciennement un espace de bureau et maintenant un appartement raffin\u00e9 au cinqui\u00e8me \u00e9tage d&rsquo;un b\u00e2timent historique situ\u00e9 au c\u0153ur de la ville napolitaine, ce projet de r\u00e9novation, r\u00e9alis\u00e9 par l&rsquo;\u00e9quipe de <strong>FADD<\/strong> Architects, a \u00e9t\u00e9 con\u00e7u pour un jeune couple avec un enfant.  <\/p>\n\n\n\n<h3 class=\"wp-block-heading has-m-font-size\"><strong>L&rsquo;\u00e9l\u00e9gance du parquet \u00e0 chevrons<\/strong><\/h3>\n\n\n\n<p>Dans le cadre du projet de r\u00e9novation de la Casa Angiolina, nous avons commenc\u00e9 par une s\u00e9lection minutieuse des <strong>sols en bois<\/strong> afin de cr\u00e9er un style chic parfait. Ici, le choix du <strong>parquet<\/strong> <strong>\u00e0 chevrons<\/strong> \u00e9tait la solution id\u00e9ale pour cr\u00e9er une ambiance \u00e9l\u00e9gante et raffin\u00e9e, rappelant des espaces intimes et familiers.<br\/>N\u00e9 \u00e0 l&rsquo;\u00e9poque de l&rsquo;Empire austro-hongrois, le <strong>parquet \u00e0 chevrons hongrois<\/strong> a d\u00e9cor\u00e9 les demeures des nobles fran\u00e7ais et autrichiens dans les \u00e9poques pass\u00e9es et, aujourd&rsquo;hui encore, il allie tradition et tendance. Un <strong>parquet<\/strong> \u00e9l\u00e9gant et pr\u00e9cieux, adapt\u00e9 \u00e0 tout type d&rsquo;am\u00e9nagement, en particulier dans les grandes pi\u00e8ces d&rsquo;apparat.  <\/p>\n\n\n\n<h3 class=\"wp-block-heading has-m-font-size\"><strong>Parquet hongrois \u00e0 chevrons : tendance int\u00e9rieure<\/strong><\/h3>\n\n\n\n<p>Lorsqu&rsquo;il s&rsquo;agit de <strong>parquets<\/strong>, outre l&rsquo;essence de bois ( <strong>teck<\/strong>, <strong>noyer<\/strong>, <strong>doussi\u00e8<\/strong> ou <strong>ch\u00eane pr\u00e9fini<\/strong>), il faut \u00e9galement choisir le motif de <a href=\"https:\/\/blog.berti.net\/berti-consiglia-la-posa-del-parquet\/\">pose<\/a>.<br\/>Parmi les diff\u00e9rentes g\u00e9om\u00e9tries de pose, les plus connues sont la pose <strong>\u00e0 chevrons<\/strong><strong>(oparquet italien \u00e0 chevrons<\/strong>) et la pose \u00e0 <strong>chevrons hongroise<\/strong>. Contrairement au <strong>parquet \u00e0 chevrons italien <\/strong>, o\u00f9 les <strong>planches de bois<\/strong> sont toutes parfaitement rectangulaires, le <strong>parquet \u00e0 chevrons hongrois<\/strong> se caract\u00e9rise par une coupe oblique r\u00e9guli\u00e8re et n\u00e9cessite un travail manuel extr\u00eamement pr\u00e9cis et de grande qualit\u00e9 pour obtenir un effet sc\u00e9nique incomparable. \u00c0 l&rsquo;instar du parquet fran\u00e7ais \u00e0 <strong>chevrons<\/strong>, la pose du <strong>parquet<\/strong> hongrois \u00e0 chevrons est r\u00e9alis\u00e9e \u00e0 partir de <strong>lames de bois<\/strong> coup\u00e9es \u00e0 60\u00b0, ce qui permet de cr\u00e9er un effet visuel directionnel \u00e0 angle droit au point d&rsquo;union.  <\/p>\n\n\n\n<p>Parmi les nombreuses raisons de choisir un <strong>parquet \u00e0 chevrons<\/strong> hongrois, la plus importante est son \u00e9l\u00e9gance : c&rsquo;est l&rsquo;une des options de pose les plus raffin\u00e9es que vous puissiez choisir pour votre parquet. Adapt\u00e9 \u00e0 tout type d&rsquo;<strong>essence de bois<\/strong> et de couleur, c&rsquo;est l&rsquo;une des solutions de design les plus raffin\u00e9es du moment.   <\/p>\n\n\n\n<h3 class=\"wp-block-heading has-m-font-size\"><strong>Parquet Berti Oak Essential<\/strong><\/h3>\n\n\n\n<p>Pour ce projet, Studio Fadd a choisi le <strong>parquet Berti Rovere Essential Neutro, <\/strong>un <strong>parquet pr\u00e9fini, bross\u00e9<\/strong> et mat.<br\/>Le vernis utilis\u00e9, pour tous les produits Berti, est une finition de surface protectrice \u00e0 base d&rsquo;eau, \u00e0 faible impact environnemental et exempte de substances non toxiques, sp\u00e9cialement con\u00e7ue et formul\u00e9e avec des mati\u00e8res premi\u00e8res soigneusement s\u00e9lectionn\u00e9es et test\u00e9es contre diverses contraintes.<br\/>Le r\u00e9sultat est un <strong>parquet<\/strong> doux au toucher, un produit esth\u00e9tiquement impressionnant et s\u00fbr, garanti dans le temps.<\/p>\n\n\n\n<p class=\"has-s-font-size\">DANS CE PROJET :  <\/p>\n\n\n\n<p class=\"has-s-font-size\">\u2937 Parquet en ch\u00eane pr\u00e9fini Neutre  <\/p>\n\n\n\n<p class=\"has-s-font-size\">\u2937 Collection de sols en bois Essential<\/p>\n<\/div>\n<\/div>\n\n\n\n<div class=\"wp-block-column is-layout-flow wp-container-core-column-is-layout-22223934 wp-block-column-is-layout-flow\" style=\"flex-basis:50%\">\n<figure class=\"wp-block-image size-large is-style-default\"><img loading=\"lazy\" decoding=\"async\" width=\"1024\" height=\"812\" src=\"https:\/\/www.berti.net\/wp-content\/uploads\/2024\/09\/berti-parquet-rovere-spina-carlo-oriente-02-2-1024x812.jpg\" alt=\"\" class=\"wp-image-6629\" srcset=\"https:\/\/berti.net\/wp-content\/uploads\/2024\/09\/berti-parquet-rovere-spina-carlo-oriente-02-2-1024x812.jpg 1024w, https:\/\/berti.net\/wp-content\/uploads\/2024\/09\/berti-parquet-rovere-spina-carlo-oriente-02-2-300x238.jpg 300w, https:\/\/berti.net\/wp-content\/uploads\/2024\/09\/berti-parquet-rovere-spina-carlo-oriente-02-2-768x609.jpg 768w, https:\/\/berti.net\/wp-content\/uploads\/2024\/09\/berti-parquet-rovere-spina-carlo-oriente-02-2-1536x1218.jpg 1536w, https:\/\/berti.net\/wp-content\/uploads\/2024\/09\/berti-parquet-rovere-spina-carlo-oriente-02-2.jpg 1639w\" sizes=\"auto, (max-width: 1024px) 100vw, 1024px\" \/><\/figure>\n\n\n\n<p class=\"has-xxs-font-size\">PROJET <a href=\"http:\/\/www.faddarchitects.com\/portfolio\/adp-102\/\" target=\"_blank\" rel=\"noreferrer noopener\">FADD ARCHITECTS<\/a> | PHOTOS <a href=\"https:\/\/carloriente.it\/\" target=\"_blank\" rel=\"noreferrer noopener\">CARLO ORIENTE<\/a><\/p>\n\n\n\n<figure class=\"wp-block-image size-large is-style-default\"><img loading=\"lazy\" decoding=\"async\" width=\"1018\" height=\"1024\" src=\"https:\/\/www.berti.net\/wp-content\/uploads\/2024\/09\/berti-parquet-rovere-spina-carlo-oriente-04-1018x1024.jpg\" alt=\"\" class=\"wp-image-6632\" srcset=\"https:\/\/berti.net\/wp-content\/uploads\/2024\/09\/berti-parquet-rovere-spina-carlo-oriente-04-1018x1024.jpg 1018w, https:\/\/berti.net\/wp-content\/uploads\/2024\/09\/berti-parquet-rovere-spina-carlo-oriente-04-298x300.jpg 298w, https:\/\/berti.net\/wp-content\/uploads\/2024\/09\/berti-parquet-rovere-spina-carlo-oriente-04-150x150.jpg 150w, https:\/\/berti.net\/wp-content\/uploads\/2024\/09\/berti-parquet-rovere-spina-carlo-oriente-04-768x772.jpg 768w, https:\/\/berti.net\/wp-content\/uploads\/2024\/09\/berti-parquet-rovere-spina-carlo-oriente-04.jpg 1293w\" sizes=\"auto, (max-width: 1018px) 100vw, 1018px\" \/><\/figure>\n\n\n\n<p class=\"has-xxs-font-size\">PROJET <a href=\"http:\/\/www.faddarchitects.com\/portfolio\/adp-102\/\" target=\"_blank\" rel=\"noreferrer noopener\">FADD ARCHITECTS<\/a> | PHOTOS <a href=\"https:\/\/carloriente.it\/\" target=\"_blank\" rel=\"noreferrer noopener\">CARLO ORIENTE<\/a><\/p>\n\n\n\n<figure class=\"wp-block-image size-large is-style-default\"><img loading=\"lazy\" decoding=\"async\" width=\"1024\" height=\"683\" src=\"https:\/\/www.berti.net\/wp-content\/uploads\/2024\/09\/berti-parquet-rovere-spina-carlo-oriente-03-1024x683.jpg\" alt=\"\" class=\"wp-image-6683\" srcset=\"https:\/\/berti.net\/wp-content\/uploads\/2024\/09\/berti-parquet-rovere-spina-carlo-oriente-03-1024x683.jpg 1024w, https:\/\/berti.net\/wp-content\/uploads\/2024\/09\/berti-parquet-rovere-spina-carlo-oriente-03-300x200.jpg 300w, https:\/\/berti.net\/wp-content\/uploads\/2024\/09\/berti-parquet-rovere-spina-carlo-oriente-03-768x512.jpg 768w, https:\/\/berti.net\/wp-content\/uploads\/2024\/09\/berti-parquet-rovere-spina-carlo-oriente-03-1536x1024.jpg 1536w, https:\/\/berti.net\/wp-content\/uploads\/2024\/09\/berti-parquet-rovere-spina-carlo-oriente-03.jpg 1639w\" sizes=\"auto, (max-width: 1024px) 100vw, 1024px\" \/><\/figure>\n\n\n\n<p class=\"has-xxs-font-size\">PROJET <a href=\"http:\/\/www.faddarchitects.com\/portfolio\/adp-102\/\" target=\"_blank\" rel=\"noreferrer noopener\">FADD ARCHITECTS<\/a> | PHOTOS <a href=\"https:\/\/carloriente.it\/\" target=\"_blank\" rel=\"noreferrer noopener\">CARLO ORIENTE<\/a><\/p>\n\n\n\n<figure class=\"wp-block-image size-large is-style-default\"><img loading=\"lazy\" decoding=\"async\" width=\"1024\" height=\"812\" src=\"https:\/\/www.berti.net\/wp-content\/uploads\/2024\/09\/berti-parquet-rovere-spina-carlo-oriente-01-1024x812.jpg\" alt=\"\" class=\"wp-image-6686\" srcset=\"https:\/\/berti.net\/wp-content\/uploads\/2024\/09\/berti-parquet-rovere-spina-carlo-oriente-01-1024x812.jpg 1024w, https:\/\/berti.net\/wp-content\/uploads\/2024\/09\/berti-parquet-rovere-spina-carlo-oriente-01-300x238.jpg 300w, https:\/\/berti.net\/wp-content\/uploads\/2024\/09\/berti-parquet-rovere-spina-carlo-oriente-01-768x609.jpg 768w, https:\/\/berti.net\/wp-content\/uploads\/2024\/09\/berti-parquet-rovere-spina-carlo-oriente-01-1536x1218.jpg 1536w, https:\/\/berti.net\/wp-content\/uploads\/2024\/09\/berti-parquet-rovere-spina-carlo-oriente-01.jpg 1639w\" sizes=\"auto, (max-width: 1024px) 100vw, 1024px\" \/><\/figure>\n\n\n\n<p class=\"has-xxs-font-size\">PROJET <a href=\"http:\/\/www.faddarchitects.com\/portfolio\/adp-102\/\" target=\"_blank\" rel=\"noreferrer noopener\">FADD ARCHITECTS<\/a> | PHOTOS <a href=\"https:\/\/carloriente.it\/\" target=\"_blank\" rel=\"noreferrer noopener\">CARLO ORIENTE<\/a><\/p>\n<\/div>\n<\/div>\n\n\n\n<div class=\"wp-block-group post-categories has-global-padding is-content-justification-left is-layout-constrained wp-container-core-group-is-layout-836d34cb wp-block-group-is-layout-constrained\" style=\"margin-top:var(--wp--preset--spacing--70);font-size:11px\">\n<div class=\"wp-block-group is-content-justification-center is-nowrap is-layout-flex wp-container-core-group-is-layout-60758a6d wp-block-group-is-layout-flex\">\n<p>Magazine \/<\/p>\n\n\n<div class=\"taxonomy-category wp-block-post-terms\"><a href=\"https:\/\/berti.net\/fr\/magazine\/category\/projects-fr\/\" rel=\"tag\">Projects<\/a><\/div><\/div>\n<\/div>\n<\/div>\n","protected":false},"excerpt":{"rendered":"<p>L&rsquo;\u00e9l\u00e9gance du parquet \u00e0 chevrons hongrois dans un appartement prestigieux situ\u00e9 au c\u0153ur de Naples.<\/p>\n","protected":false},"author":2,"featured_media":6631,"comment_status":"closed","ping_status":"closed","sticky":false,"template":"","format":"standard","meta":{"footnotes":""},"categories":[47],"tags":[],"class_list":["post-15577","post","type-post","status-publish","format-standard","has-post-thumbnail","hentry","category-projects-fr"],"_links":{"self":[{"href":"https:\/\/berti.net\/fr\/wp-json\/wp\/v2\/posts\/15577","targetHints":{"allow":["GET"]}}],"collection":[{"href":"https:\/\/berti.net\/fr\/wp-json\/wp\/v2\/posts"}],"about":[{"href":"https:\/\/berti.net\/fr\/wp-json\/wp\/v2\/types\/post"}],"author":[{"embeddable":true,"href":"https:\/\/berti.net\/fr\/wp-json\/wp\/v2\/users\/2"}],"replies":[{"embeddable":true,"href":"https:\/\/berti.net\/fr\/wp-json\/wp\/v2\/comments?post=15577"}],"version-history":[{"count":4,"href":"https:\/\/berti.net\/fr\/wp-json\/wp\/v2\/posts\/15577\/revisions"}],"predecessor-version":[{"id":20936,"href":"https:\/\/berti.net\/fr\/wp-json\/wp\/v2\/posts\/15577\/revisions\/20936"}],"wp:featuredmedia":[{"embeddable":true,"href":"https:\/\/berti.net\/fr\/wp-json\/wp\/v2\/media\/6631"}],"wp:attachment":[{"href":"https:\/\/berti.net\/fr\/wp-json\/wp\/v2\/media?parent=15577"}],"wp:term":[{"taxonomy":"category","embeddable":true,"href":"https:\/\/berti.net\/fr\/wp-json\/wp\/v2\/categories?post=15577"},{"taxonomy":"post_tag","embeddable":true,"href":"https:\/\/berti.net\/fr\/wp-json\/wp\/v2\/tags?post=15577"}],"curies":[{"name":"wp","href":"https:\/\/api.w.org\/{rel}","templated":true}]}}