{"id":15575,"date":"2023-04-11T16:21:16","date_gmt":"2023-04-11T16:21:16","guid":{"rendered":"https:\/\/www.berti.net\/magazine\/maisons-avec-parquet\/"},"modified":"2025-05-28T09:29:55","modified_gmt":"2025-05-28T09:29:55","slug":"maisons-avec-parquet","status":"publish","type":"post","link":"https:\/\/berti.net\/fr\/magazine\/maisons-avec-parquet\/","title":{"rendered":"Maisons avec parquet"},"content":{"rendered":"\n<div class=\"wp-block-group post-detail-pattern is-container has-base-2-color has-contrast-background-color has-text-color has-background has-link-color wp-elements-0f89a02e5a69b0ccc253cb97d569608e has-global-padding is-layout-constrained wp-block-group-is-layout-constrained\" style=\"margin-top:0;margin-bottom:0;padding-top:var(--wp--preset--spacing--70);padding-bottom:var(--wp--preset--spacing--70)\">\n<div class=\"wp-block-columns alignwide is-layout-flex wp-container-core-columns-is-layout-d125203f wp-block-columns-is-layout-flex\" style=\"margin-bottom:var(--wp--preset--spacing--50)\">\n<div class=\"wp-block-column is-vertically-aligned-stretch is-layout-flow wp-block-column-is-layout-flow\" style=\"padding-right:0;flex-basis:50%\">\n<div class=\"wp-block-group is-vertical is-content-justification-stretch is-layout-flex wp-container-core-group-is-layout-e9e70883 wp-block-group-is-layout-flex\" style=\"min-height:100%\">\n<div class=\"wp-block-group post-categories is-nowrap is-layout-flex wp-container-core-group-is-layout-3155b93e wp-block-group-is-layout-flex\" style=\"margin-top:var(--wp--preset--spacing--20);font-size:11px\">\n<p>Magazine \/<\/p>\n\n\n<div class=\"taxonomy-category wp-block-post-terms\"><a href=\"https:\/\/berti.net\/fr\/magazine\/category\/projects-fr\/\" rel=\"tag\">Projects<\/a><\/div><\/div>\n\n\n<div style=\"font-style:normal;font-weight:600;text-transform:uppercase;\" class=\"has-link-color wp-elements-32859cd979b45056895d81c5660c23a0 wp-block-post-date has-text-color has-base-color has-s-font-size\"><time datetime=\"2023-04-11T16:21:16+00:00\">11 avril 2023<\/time><\/div>\n\n\n<h1 class=\"wp-block-heading post-title\">Maisons avec parquet<\/h1>\n\n\n\n<h2 class=\"wp-block-heading post-subtitle\" style=\"margin-bottom:var(--wp--preset--spacing--20)\">\u00c0 Palerme, un appartement de 140 m\u00e8tres carr\u00e9s au style minimaliste. \u00a0\u00bbCasa sul Parco\u00a0\u00bb est un <strong>projet de<\/strong> r\u00e9novation <strong>sartoriale<\/strong> avec une atmosph\u00e8re sophistiqu\u00e9e caract\u00e9ris\u00e9e par une luminosit\u00e9 importante et les <strong>couleurs naturelles du bois<\/strong>. <\/h2>\n\n\n\n<h3 class=\"wp-block-heading has-m-font-size\"><strong>Parquet, ch\u00eane, Essential<\/strong><\/h3>\n\n\n\n<p>Du beige des sols en bois aux nuances terreuses des autres meubles, la palette neutre est la cl\u00e9 d&rsquo;espaces \u00e9l\u00e9gants \u00e0 l&rsquo;atmosph\u00e8re douce. Ainsi, dans cette r\u00e9novation d&rsquo;un appartement situ\u00e9 aux \u00e9tages sup\u00e9rieurs d&rsquo;un immeuble d&rsquo;appartements des ann\u00e9es 1970 donnant sur le Parco della Favorita \u00e0 Palerme, le <a href=\"https:\/\/www.studiodidea.it\/progetto\/casa-sul-parco-a396\/\" target=\"_blank\" rel=\"noreferrer noopener\"><strong>Studio Didea<\/strong><\/a> est intervenu en r\u00e9pondant aux besoins et aux d\u00e9sirs du client : cr\u00e9er un espace minimal en harmonie avec la nature environnante. <\/p>\n\n\n\n<p>C&rsquo;est le bois du plancher qui est le grand protagoniste. Choisi dans la version la plus authentique, le <a href=\"https:\/\/www.berti.net\/parquet\/parquet-in-rovere-e-legni-pregiati-essential\/parquet-rovere-chiaro-naturalizzato\/\" target=\"_blank\" rel=\"noreferrer noopener\"><strong>ch\u00eane clair naturalis\u00e9<\/strong><\/a> de la collection Essential est un parquet pr\u00e9fini bross\u00e9 avec une finition mate. Le parquet mat rend toute la naturalit\u00e9 du bois en diffusant la lumi\u00e8re de mani\u00e8re diffuse sans effet miroir ; le brossage du bois, en revanche, met en valeur la texture du parquet pour un r\u00e9sultat final sophistiqu\u00e9 et enveloppant. C&rsquo;est ainsi que les parquets aux couleurs claires et limpides et aux veines visibles et tactiles s&rsquo;int\u00e8grent parfaitement dans un style minimaliste.   <\/p>\n\n\n\n<h3 class=\"wp-block-heading has-m-font-size\"><strong>Meubles avec parquet<\/strong><\/h3>\n\n\n\n<p>Le bois pour les sols int\u00e9rieurs a toujours \u00e9t\u00e9 l&rsquo;un des meilleurs mat\u00e9riaux offerts par la nature. Les planches de bois sont uniques pour rendre votre maison confortable, chaleureuse et \u00e9l\u00e9gante. En outre, le parquet pr\u00e9sente d&rsquo;importants avantages : de la beaut\u00e9 au confort, de la facilit\u00e9 d&rsquo;entretien \u00e0 la durabilit\u00e9 de la mati\u00e8re premi\u00e8re.<br\/>C&rsquo;est pour cette raison que le projet \u00a0\u00bbHouse on the Park\u00a0\u00bb se targue d&rsquo;une riche pr\u00e9sence de parquet et de bois, en harmonie avec la vue panoramique sur l&rsquo;\u00e9tendue de verdure \u00e0 perte de vue et la pr\u00e9sence d\u00e9rangeante du Monte Pellegrino. Un projet de r\u00e9novation au go\u00fbt simple et minimaliste, avec une attention aux d\u00e9tails artisanaux et une s\u00e9lection soign\u00e9e de mat\u00e9riaux luxueux et pr\u00e9cieux et de finitions naturelles pour des environnements chaleureux et accueillants, marqu\u00e9s par des lignes nettes et rationnelles, en \u00e9quilibre avec des tonalit\u00e9s chaudes et douces.   <\/p>\n\n\n\n<figure class=\"wp-block-image size-large is-style-default\"><img loading=\"lazy\" decoding=\"async\" width=\"1024\" height=\"812\" src=\"https:\/\/www.berti.net\/wp-content\/uploads\/2024\/09\/arredamento-con-parquet-rovere-chiaro-berti-1024x812.jpg\" alt=\"\" class=\"wp-image-6814\" srcset=\"https:\/\/berti.net\/wp-content\/uploads\/2024\/09\/arredamento-con-parquet-rovere-chiaro-berti-1024x812.jpg 1024w, https:\/\/berti.net\/wp-content\/uploads\/2024\/09\/arredamento-con-parquet-rovere-chiaro-berti-300x238.jpg 300w, https:\/\/berti.net\/wp-content\/uploads\/2024\/09\/arredamento-con-parquet-rovere-chiaro-berti-768x609.jpg 768w, https:\/\/berti.net\/wp-content\/uploads\/2024\/09\/arredamento-con-parquet-rovere-chiaro-berti-1536x1218.jpg 1536w, https:\/\/berti.net\/wp-content\/uploads\/2024\/09\/arredamento-con-parquet-rovere-chiaro-berti.jpg 1639w\" sizes=\"auto, (max-width: 1024px) 100vw, 1024px\" \/><\/figure>\n\n\n\n<p><\/p>\n\n\n\n<h3 class=\"wp-block-heading has-m-font-size\"><strong>R\u00e9novation et rev\u00eatement de sol : les avantages du parquet<\/strong><\/h3>\n\n\n\n<p>Lorsqu&rsquo;il s&rsquo;agit de r\u00e9novation, les sols en bois vous s\u00e9duisent toujours par leur chaleur, leur parfum et leur beaut\u00e9 visuelle. Voici quelques-unes des raisons qui ont motiv\u00e9 le choix du parquet dans ce projet de r\u00e9novation&#8230; <\/p>\n\n\n\n<ol style=\"line-height:1.6\" class=\"wp-block-list has-s-font-size\">\n<li><strong>R\u00e9sistance du bois.  <\/strong>Le choix d&rsquo;un parquet est un choix \u00e0 long terme. Qu&rsquo;il s&rsquo;agisse de noyer, de teck ou de ch\u00eane, les techniques modernes de finition rendent les sols en bois r\u00e9sistants aux pas. <\/li>\n\n\n\n<li><strong>Isolation thermique et acoustique.<\/strong>  Le bois est un mat\u00e9riau qui absorbe naturellement le son et qui, par cons\u00e9quent, att\u00e9nue le bruit, am\u00e9liore l&rsquo;efficacit\u00e9 thermique, r\u00e9gule l&rsquo;humidit\u00e9 de l&rsquo;air et emp\u00eache l&rsquo;accumulation de charges \u00e9lectrostatiques.<\/li>\n\n\n\n<li><strong>Chauffage au sol et parquet.<\/strong>  Le bois est un mat\u00e9riau vivant aux excellentes propri\u00e9t\u00e9s isolantes : le contact direct avec la chaleur \u00e9mise par les panneaux radiants permet de r\u00e9partir la chaleur de mani\u00e8re homog\u00e8ne, ce qui garantit des \u00e9conomies d&rsquo;\u00e9nergie et favorise la sensation de chaleur lorsque l&rsquo;on marche pieds nus.<\/li>\n\n\n\n<li><strong>Pieds nus.<\/strong>  Marcher pieds nus sur un parquet pr\u00e9sente des avantages psychophysiques. Selon une \u00e9tude de l&rsquo;Universit\u00e9 de Californie Irvine, marcher pieds nus a un effet positif sur la posture et la qualit\u00e9 du sommeil. Les diff\u00e9rents traitements de surface, comme le rabotage ou le brossage du bois, procurent une profonde sensation de d\u00e9tente.  <\/li>\n\n\n\n<li><strong>Le nettoyage du parquet.<\/strong> Contrairement aux id\u00e9es re\u00e7ues, le choix d&rsquo;un parquet est une solution rapide et pratique : il est hypoallerg\u00e9nique, ne retient pas la poussi\u00e8re et n&rsquo;en produit pas ! <strong><a href=\"https:\/\/blog.berti.net\/berti-consiglia-pulire-e-mantenere-il-parquet-come-il-giorno-dellacquisto\/\" target=\"_blank\" rel=\"noreferrer noopener\">Dans cet article, nous vous expliquons comment conserver l&rsquo;aspect neuf d&rsquo;un parquet<\/a>.<\/strong><\/li>\n<\/ol>\n\n\n\n<p>Si vous r\u00e9novez votre maison, vous savez que le choix du rev\u00eatement de sol est le moment le plus important car il d\u00e9finit les espaces et d\u00e9termine le style de votre maison. Berti propose des solutions de parquet adapt\u00e9es \u00e0 chaque besoin et \u00e0 chaque environnement, d\u00e9couvrez-les sur notre site :<strong><a href=\"https:\/\/www.berti.net\/fr\/parquet\/\"> https:\/\/www.berti.net\/parquet\/<\/a> <\/strong>ou contactez-nous pour conna\u00eetre le revendeur le plus proche de chez vous :<strong><a href=\"https:\/\/www.berti.net\/fr\/points-de-vente\/\"> https:\/\/www.berti.net\/trova-il-punto-vendita\/<\/a><\/strong> <\/p>\n\n\n\n<p class=\"has-s-font-size\">DANS CE PROJET :<br\/>\u2937 <strong><a href=\"https:\/\/www.berti.net\/parquet\/parquet-in-rovere-e-legni-pregiati-essential\/parquet-rovere-chiaro-naturalizzato\/\">Parquet en ch\u00eane clair naturalis\u00e9<\/a><\/strong><br\/>\u2937 <strong><a href=\"https:\/\/www.berti.net\/fr\/parquet\/parquet-essentiel\/\">Collection de sols en bois Essential<\/a><\/strong><\/p>\n<\/div>\n<\/div>\n\n\n\n<div class=\"wp-block-column is-layout-flow wp-container-core-column-is-layout-22223934 wp-block-column-is-layout-flow\" style=\"flex-basis:50%\">\n<figure class=\"wp-block-image size-large is-style-default\"><img loading=\"lazy\" decoding=\"async\" width=\"1024\" height=\"812\" src=\"https:\/\/www.berti.net\/wp-content\/uploads\/2024\/09\/case-con-parquet-berti-1-1024x812.jpg\" alt=\"\" class=\"wp-image-6639\" srcset=\"https:\/\/berti.net\/wp-content\/uploads\/2024\/09\/case-con-parquet-berti-1-1024x812.jpg 1024w, https:\/\/berti.net\/wp-content\/uploads\/2024\/09\/case-con-parquet-berti-1-300x238.jpg 300w, https:\/\/berti.net\/wp-content\/uploads\/2024\/09\/case-con-parquet-berti-1-768x609.jpg 768w, https:\/\/berti.net\/wp-content\/uploads\/2024\/09\/case-con-parquet-berti-1-1536x1218.jpg 1536w, https:\/\/berti.net\/wp-content\/uploads\/2024\/09\/case-con-parquet-berti-1.jpg 1639w\" sizes=\"auto, (max-width: 1024px) 100vw, 1024px\" \/><\/figure>\n\n\n\n<figure class=\"wp-block-image size-large is-style-default\"><img loading=\"lazy\" decoding=\"async\" width=\"1024\" height=\"812\" src=\"https:\/\/www.berti.net\/wp-content\/uploads\/2024\/09\/case-con-parquet-prefiniti-rovere-chiaro-naturalizzato-berti-1024x812.jpg\" alt=\"\" class=\"wp-image-6642\" srcset=\"https:\/\/berti.net\/wp-content\/uploads\/2024\/09\/case-con-parquet-prefiniti-rovere-chiaro-naturalizzato-berti-1024x812.jpg 1024w, https:\/\/berti.net\/wp-content\/uploads\/2024\/09\/case-con-parquet-prefiniti-rovere-chiaro-naturalizzato-berti-300x238.jpg 300w, https:\/\/berti.net\/wp-content\/uploads\/2024\/09\/case-con-parquet-prefiniti-rovere-chiaro-naturalizzato-berti-768x609.jpg 768w, https:\/\/berti.net\/wp-content\/uploads\/2024\/09\/case-con-parquet-prefiniti-rovere-chiaro-naturalizzato-berti-1536x1218.jpg 1536w, https:\/\/berti.net\/wp-content\/uploads\/2024\/09\/case-con-parquet-prefiniti-rovere-chiaro-naturalizzato-berti.jpg 1639w\" sizes=\"auto, (max-width: 1024px) 100vw, 1024px\" \/><\/figure>\n\n\n\n<figure class=\"wp-block-image size-large is-style-default\"><img loading=\"lazy\" decoding=\"async\" width=\"1024\" height=\"812\" src=\"https:\/\/www.berti.net\/wp-content\/uploads\/2024\/09\/case-con-parquet-rovere-chiaro-berti-1024x812.jpg\" alt=\"\" class=\"wp-image-6650\" srcset=\"https:\/\/berti.net\/wp-content\/uploads\/2024\/09\/case-con-parquet-rovere-chiaro-berti-1024x812.jpg 1024w, https:\/\/berti.net\/wp-content\/uploads\/2024\/09\/case-con-parquet-rovere-chiaro-berti-300x238.jpg 300w, https:\/\/berti.net\/wp-content\/uploads\/2024\/09\/case-con-parquet-rovere-chiaro-berti-768x609.jpg 768w, https:\/\/berti.net\/wp-content\/uploads\/2024\/09\/case-con-parquet-rovere-chiaro-berti-1536x1218.jpg 1536w, https:\/\/berti.net\/wp-content\/uploads\/2024\/09\/case-con-parquet-rovere-chiaro-berti.jpg 1639w\" sizes=\"auto, (max-width: 1024px) 100vw, 1024px\" \/><\/figure>\n\n\n\n<figure class=\"wp-block-image size-large is-style-default\"><img loading=\"lazy\" decoding=\"async\" width=\"1024\" height=\"812\" src=\"https:\/\/www.berti.net\/wp-content\/uploads\/2024\/09\/case-con-parquet-rovere-chiaro-naturalizzato-berti-1024x812.jpg\" alt=\"\" class=\"wp-image-6653\" srcset=\"https:\/\/berti.net\/wp-content\/uploads\/2024\/09\/case-con-parquet-rovere-chiaro-naturalizzato-berti-1024x812.jpg 1024w, https:\/\/berti.net\/wp-content\/uploads\/2024\/09\/case-con-parquet-rovere-chiaro-naturalizzato-berti-300x238.jpg 300w, https:\/\/berti.net\/wp-content\/uploads\/2024\/09\/case-con-parquet-rovere-chiaro-naturalizzato-berti-768x609.jpg 768w, https:\/\/berti.net\/wp-content\/uploads\/2024\/09\/case-con-parquet-rovere-chiaro-naturalizzato-berti-1536x1218.jpg 1536w, https:\/\/berti.net\/wp-content\/uploads\/2024\/09\/case-con-parquet-rovere-chiaro-naturalizzato-berti.jpg 1639w\" sizes=\"auto, (max-width: 1024px) 100vw, 1024px\" \/><\/figure>\n<\/div>\n<\/div>\n\n\n\n<div class=\"wp-block-group post-categories has-global-padding is-content-justification-left is-layout-constrained wp-container-core-group-is-layout-836d34cb wp-block-group-is-layout-constrained\" style=\"margin-top:var(--wp--preset--spacing--70);font-size:11px\">\n<div class=\"wp-block-group is-content-justification-center is-nowrap is-layout-flex wp-container-core-group-is-layout-60758a6d wp-block-group-is-layout-flex\">\n<p>Magazine \/<\/p>\n\n\n<div class=\"taxonomy-category wp-block-post-terms\"><a href=\"https:\/\/berti.net\/fr\/magazine\/category\/projects-fr\/\" rel=\"tag\">Projects<\/a><\/div><\/div>\n<\/div>\n<\/div>\n","protected":false},"excerpt":{"rendered":"<p>\u00c0 Palerme, un appartement de 140 m\u00e8tres carr\u00e9s au style minimaliste caract\u00e9ris\u00e9 par une grande luminosit\u00e9 et les couleurs naturelles du bois.<\/p>\n","protected":false},"author":2,"featured_media":6638,"comment_status":"closed","ping_status":"closed","sticky":false,"template":"","format":"standard","meta":{"footnotes":""},"categories":[47],"tags":[],"class_list":["post-15575","post","type-post","status-publish","format-standard","has-post-thumbnail","hentry","category-projects-fr"],"_links":{"self":[{"href":"https:\/\/berti.net\/fr\/wp-json\/wp\/v2\/posts\/15575","targetHints":{"allow":["GET"]}}],"collection":[{"href":"https:\/\/berti.net\/fr\/wp-json\/wp\/v2\/posts"}],"about":[{"href":"https:\/\/berti.net\/fr\/wp-json\/wp\/v2\/types\/post"}],"author":[{"embeddable":true,"href":"https:\/\/berti.net\/fr\/wp-json\/wp\/v2\/users\/2"}],"replies":[{"embeddable":true,"href":"https:\/\/berti.net\/fr\/wp-json\/wp\/v2\/comments?post=15575"}],"version-history":[{"count":4,"href":"https:\/\/berti.net\/fr\/wp-json\/wp\/v2\/posts\/15575\/revisions"}],"predecessor-version":[{"id":20939,"href":"https:\/\/berti.net\/fr\/wp-json\/wp\/v2\/posts\/15575\/revisions\/20939"}],"wp:featuredmedia":[{"embeddable":true,"href":"https:\/\/berti.net\/fr\/wp-json\/wp\/v2\/media\/6638"}],"wp:attachment":[{"href":"https:\/\/berti.net\/fr\/wp-json\/wp\/v2\/media?parent=15575"}],"wp:term":[{"taxonomy":"category","embeddable":true,"href":"https:\/\/berti.net\/fr\/wp-json\/wp\/v2\/categories?post=15575"},{"taxonomy":"post_tag","embeddable":true,"href":"https:\/\/berti.net\/fr\/wp-json\/wp\/v2\/tags?post=15575"}],"curies":[{"name":"wp","href":"https:\/\/api.w.org\/{rel}","templated":true}]}}