{"id":15573,"date":"2021-11-30T12:35:19","date_gmt":"2021-11-30T12:35:19","guid":{"rendered":"https:\/\/www.berti.net\/magazine\/comment-choisir-un-parquet\/"},"modified":"2025-05-19T09:26:41","modified_gmt":"2025-05-19T09:26:41","slug":"comment-choisir-un-parquet","status":"publish","type":"post","link":"https:\/\/berti.net\/fr\/magazine\/comment-choisir-un-parquet\/","title":{"rendered":"Comment choisir un parquet"},"content":{"rendered":"\n<div class=\"wp-block-group post-detail-pattern is-container has-base-2-color has-contrast-background-color has-text-color has-background has-link-color wp-elements-3b776d807197df8b906648558abcf85c has-global-padding is-layout-constrained wp-block-group-is-layout-constrained\" style=\"margin-top:0;margin-bottom:0;padding-top:var(--wp--preset--spacing--70);padding-bottom:var(--wp--preset--spacing--70)\">\n<div class=\"wp-block-columns alignwide is-layout-flex wp-container-core-columns-is-layout-d125203f wp-block-columns-is-layout-flex\" style=\"margin-bottom:var(--wp--preset--spacing--50)\">\n<div class=\"wp-block-column is-vertically-aligned-stretch is-layout-flow wp-block-column-is-layout-flow\" style=\"padding-right:0;flex-basis:50%\">\n<div class=\"wp-block-group is-vertical is-content-justification-stretch is-layout-flex wp-container-core-group-is-layout-e9e70883 wp-block-group-is-layout-flex\" style=\"min-height:100%\">\n<div class=\"wp-block-group post-categories is-nowrap is-layout-flex wp-container-core-group-is-layout-3155b93e wp-block-group-is-layout-flex\" style=\"margin-top:var(--wp--preset--spacing--20);font-size:11px\">\n<p>Magazine \/<\/p>\n\n\n<div class=\"taxonomy-category wp-block-post-terms\"><a href=\"https:\/\/berti.net\/fr\/magazine\/category\/products-fr\/\" rel=\"tag\">Products<\/a><\/div><\/div>\n\n\n<div style=\"font-style:normal;font-weight:600;text-transform:uppercase;\" class=\"has-link-color wp-elements-32859cd979b45056895d81c5660c23a0 wp-block-post-date has-text-color has-base-color has-s-font-size\"><time datetime=\"2021-11-30T12:35:19+00:00\">30 novembre 2021<\/time><\/div>\n\n\n<h1 class=\"wp-block-heading post-title\">Comment choisir un parquet<\/h1>\n\n\n\n<h2 class=\"wp-block-heading post-subtitle\" style=\"margin-bottom:var(--wp--preset--spacing--20)\">Le monde vari\u00e9 du parquet offre de nombreuses solutions. Cependant, il n&rsquo;est pas toujours facile de choisir la \u00a0\u00bbbonne\u00a0\u00bb.  Pour avoir une id\u00e9e claire du <strong>parquet \u00e0 choisir et \u00eatre satisfait du r\u00e9sultat final<\/strong>, suivez nos conseils.<\/h2>\n\n\n\n<h3 class=\"wp-block-heading has-m-font-size\"><strong>Comment choisir un parquet ?<\/strong><\/h3>\n\n\n\n<p>Cela d\u00e9pend. L&rsquo;attrait du parquet est ind\u00e9niable. Un rev\u00eatement en bois \u00a0\u00bbchaud\u00a0\u00bb vous met imm\u00e9diatement \u00e0 l&rsquo;aise, transmet un sentiment de confort et, en m\u00eame temps, d&rsquo;\u00e9l\u00e9gance. M\u00eame les solutions les plus \u00a0\u00bbrustiques\u00a0\u00bb peuvent se pr\u00e9valoir de ce plus qui ne passe pas inaper\u00e7u. Cependant, il n&rsquo;est pas \u00e9vident de savoir quel parquet choisir et comment le choisir.      <\/p>\n\n\n\n<p>C&rsquo;est le fait d&rsquo;\u00eatre en bois qui donne au parquet son ind\u00e9niable malice. Un mat\u00e9riau vivant, riche, unique. Il est tr\u00e8s important de savoir choisir le \u00a0\u00bbbon\u00a0\u00bb <strong>bois pour le parquet<\/strong>. Gr\u00e2ce \u00e0 ses caract\u00e9ristiques esth\u00e9tiques et fonctionnelles, le parquet peut se targuer d&rsquo;\u00eatre largement accept\u00e9. Il est beau, certes, mais pas seulement. Le nettoyage et l&rsquo;entretien du parquet sont rapides et faciles. En outre, le bois offre une bonne isolation acoustique et thermique, autant de caract\u00e9ristiques qui l&rsquo;ont \u00e9lev\u00e9 au rang de solution d&rsquo;excellence.      <\/p>\n\n\n\n<h3 class=\"wp-block-heading has-m-font-size\"><strong>La pose de parquet comme \u00e9l\u00e9ment d&rsquo;ameublement<\/strong><\/h3>\n\n\n\n<p>La g\u00e9om\u00e9trie de pose est importante parce qu&rsquo;elle donne du caract\u00e8re et de la personnalit\u00e9 \u00e0 la pi\u00e8ce, ce qui en fait le v\u00e9ritable protagoniste de la maison, cela va sans dire. La g\u00e9om\u00e9trie de pose d\u00e9signe le dessin qui r\u00e9sulte de la combinaison des diff\u00e9rents \u00e9l\u00e9ments qui composent le parquet. L&rsquo;aspect final du parquet d\u00e9pend de plusieurs facteurs : la taille des modules et des lames de bois, le choix de motifs g\u00e9om\u00e9triques ou non, l&rsquo;inventivit\u00e9 de la combinaison. <strong>Choisir un parquet<\/strong> pour les pi\u00e8ces de sa maison, c&rsquo;est aussi mettre en lumi\u00e8re cet aspect plus purement esth\u00e9tique.    <\/p>\n\n\n\n<h3 class=\"wp-block-heading has-m-font-size\"><strong>Parquet clair ou fonc\u00e9 ?<\/strong><\/h3>\n\n\n\n<p>Le parquet est donc une carte de visite, une solution \u00e9l\u00e9gante et raffin\u00e9e mais&#8230; comment choisir la couleur de parquet la plus adapt\u00e9e \u00e0 votre int\u00e9rieur ? Pour une petite pi\u00e8ce qui ne b\u00e9n\u00e9ficie pas d&rsquo;un \u00e9clairage naturel, il est pr\u00e9f\u00e9rable d&rsquo;opter pour un parquet clair comme l&rsquo;\u00e9rable ou le ch\u00eane verni couleur, par exemple. Bien entendu, le bois dans les tons fonc\u00e9s a toujours \u00e9t\u00e9 culte. Il donne du caract\u00e8re et de la personnalit\u00e9 \u00e0 la pi\u00e8ce. Les teintes allant du rouge caramel au brun dor\u00e9 refl\u00e8tent quant \u00e0 elles la recherche du raffinement et apportent de la lumi\u00e8re \u00e0 la pi\u00e8ce. Enfin, le gris. C&rsquo;est une couleur de plus en plus demand\u00e9e pour sa singularit\u00e9, o\u00f9 se m\u00ealent raffinement et modernit\u00e9.      <\/p>\n\n\n\n<p><a href=\"https:\/\/www.berti.net\/colori\/\"><strong>Visitez la page Couleurs o\u00f9 les produits sont rassembl\u00e9s et s\u00e9lectionn\u00e9s en fonction de leur couleur<\/strong>.<\/a><\/p>\n\n\n\n<figure class=\"wp-block-image size-full is-style-default\"><img loading=\"lazy\" decoding=\"async\" width=\"590\" height=\"380\" src=\"https:\/\/www.berti.net\/wp-content\/uploads\/2024\/09\/come-scegliere-il-colore-del-parquet-1.jpg\" alt=\"\" class=\"wp-image-6901\" srcset=\"https:\/\/berti.net\/wp-content\/uploads\/2024\/09\/come-scegliere-il-colore-del-parquet-1.jpg 590w, https:\/\/berti.net\/wp-content\/uploads\/2024\/09\/come-scegliere-il-colore-del-parquet-1-300x193.jpg 300w\" sizes=\"auto, (max-width: 590px) 100vw, 590px\" \/><\/figure>\n\n\n\n<h3 class=\"wp-block-heading has-m-font-size\"><strong>Couleur du bois et autres caract\u00e9ristiques \u00e0 conna\u00eetre<\/strong><\/h3>\n\n\n\n<p>De nombreux facteurs doivent \u00eatre pris en compte lors du choix du bois \u00e0 utiliser. Les caract\u00e9ristiques de la pi\u00e8ce, les go\u00fbts esth\u00e9tiques de chacun et, enfin, le co\u00fbt. Parmi les principaux bois utilis\u00e9s, citons  <\/p>\n\n\n\n<p><strong>Ch\u00eane<\/strong>: de couleur jaune miel, il pr\u00e9sente une tr\u00e8s bonne r\u00e9sistance et s&rsquo;adapte donc parfaitement \u00e0 tous les environnements ;<\/p>\n\n\n\n<p><strong>Wenge<\/strong>: avec sa couleur fonc\u00e9e intense, c&rsquo;est un bois tr\u00e8s dur et r\u00e9sistant. En raison de sa couleur particuli\u00e8re, il est pr\u00e9f\u00e9rable de ne pas l&rsquo;utiliser dans les petites pi\u00e8ces sombres. <\/p>\n\n\n\n<figure class=\"wp-block-image size-full is-style-default\"><img loading=\"lazy\" decoding=\"async\" width=\"590\" height=\"380\" src=\"https:\/\/www.berti.net\/wp-content\/uploads\/2024\/09\/colori-parquet-rovere-wenge-berti.jpg\" alt=\"\" class=\"wp-image-6904\" srcset=\"https:\/\/berti.net\/wp-content\/uploads\/2024\/09\/colori-parquet-rovere-wenge-berti.jpg 590w, https:\/\/berti.net\/wp-content\/uploads\/2024\/09\/colori-parquet-rovere-wenge-berti-300x193.jpg 300w\" sizes=\"auto, (max-width: 590px) 100vw, 590px\" \/><\/figure>\n\n\n\n<p style=\"font-size:12px\">Parquet mural en bois weng\u00e9 et plancher en ch\u00eane pr\u00e9fini<\/p>\n\n\n\n<p>Le <strong>noyer am\u00e9ricain et le noyer europ\u00e9en<\/strong>: tous deux sont tr\u00e8s pr\u00e9cieux, le premier se caract\u00e9risant par un ton brun fonc\u00e9 profond et une homog\u00e9n\u00e9it\u00e9 de couleur, le second par des zones plus claires contrastant avec les zones plus fonc\u00e9es ;<\/p>\n\n\n\n<figure class=\"wp-block-image size-full is-style-default\"><img loading=\"lazy\" decoding=\"async\" width=\"590\" height=\"380\" src=\"https:\/\/www.berti.net\/wp-content\/uploads\/2024\/09\/noce-canaletto-caratteristiche-parquet-berti.jpg\" alt=\"\" class=\"wp-image-6923\" srcset=\"https:\/\/berti.net\/wp-content\/uploads\/2024\/09\/noce-canaletto-caratteristiche-parquet-berti.jpg 590w, https:\/\/berti.net\/wp-content\/uploads\/2024\/09\/noce-canaletto-caratteristiche-parquet-berti-300x193.jpg 300w\" sizes=\"auto, (max-width: 590px) 100vw, 590px\" \/><\/figure>\n\n\n\n<p style=\"font-size:12px\">Noyer Am\u00e9ricain Collection Antique Essential<\/p>\n\n\n\n<figure class=\"wp-block-image size-full is-style-default\"><img loading=\"lazy\" decoding=\"async\" width=\"590\" height=\"380\" src=\"https:\/\/www.berti.net\/wp-content\/uploads\/2024\/09\/noce-nazionale-colore-parquet-berti.jpg\" alt=\"\" class=\"wp-image-6926\" srcset=\"https:\/\/berti.net\/wp-content\/uploads\/2024\/09\/noce-nazionale-colore-parquet-berti.jpg 590w, https:\/\/berti.net\/wp-content\/uploads\/2024\/09\/noce-nazionale-colore-parquet-berti-300x193.jpg 300w\" sizes=\"auto, (max-width: 590px) 100vw, 590px\" \/><\/figure>\n\n\n\n<p style=\"font-size:12px\">Noyer europ\u00e9en Collection neutre Essential<\/p>\n\n\n\n<p><strong>Doussie :<\/strong> de brun \u00e0 rouge\u00e2tre ou m\u00eame jaune clair, il fait partie des bois les plus durs, les plus compacts et les plus r\u00e9sistants ;<\/p>\n\n\n\n<p><strong>Le teck<\/strong> est un bois naturellement hydrofuge, particuli\u00e8rement solide et durable, prot\u00e9g\u00e9 des insectes, des champignons et des changements brusques de temp\u00e9rature gr\u00e2ce \u00e0 sa r\u00e9sine huileuse caract\u00e9ristique ;<\/p>\n\n\n\n<figure class=\"wp-block-image size-full is-style-default\"><img loading=\"lazy\" decoding=\"async\" width=\"590\" height=\"380\" src=\"https:\/\/www.berti.net\/wp-content\/uploads\/2024\/09\/parquet-teak-parquet-in-bagno-berti-pavimenti.jpg\" alt=\"\" class=\"wp-image-6939\" srcset=\"https:\/\/berti.net\/wp-content\/uploads\/2024\/09\/parquet-teak-parquet-in-bagno-berti-pavimenti.jpg 590w, https:\/\/berti.net\/wp-content\/uploads\/2024\/09\/parquet-teak-parquet-in-bagno-berti-pavimenti-300x193.jpg 300w\" sizes=\"auto, (max-width: 590px) 100vw, 590px\" \/><\/figure>\n\n\n\n<p style=\"font-size:12px\">Parquet Teck Burma Antique Essential<\/p>\n\n\n\n<p><strong>Iroko<\/strong>: de couleur vert fonc\u00e9 \u00e0 jaune fonc\u00e9, il est tr\u00e8s r\u00e9sistant et durable.<\/p>\n\n\n\n<figure class=\"wp-block-image size-full is-style-default\"><img loading=\"lazy\" decoding=\"async\" width=\"590\" height=\"380\" src=\"https:\/\/www.berti.net\/wp-content\/uploads\/2024\/09\/parquet-iroko-prefinito-berti-pavimenti-legno.jpg\" alt=\"\" class=\"wp-image-6945\" srcset=\"https:\/\/berti.net\/wp-content\/uploads\/2024\/09\/parquet-iroko-prefinito-berti-pavimenti-legno.jpg 590w, https:\/\/berti.net\/wp-content\/uploads\/2024\/09\/parquet-iroko-prefinito-berti-pavimenti-legno-300x193.jpg 300w\" sizes=\"auto, (max-width: 590px) 100vw, 590px\" \/><\/figure>\n\n\n\n<p style=\"font-size:12px\">Collection Iroko Neutral Essential<\/p>\n\n\n\n<h3 class=\"wp-block-heading has-m-font-size\">M\u00e9fiez-vous&#8230; des comportements lors du <strong>choix du parquet<\/strong>!<\/h3>\n\n\n\n<p>Le parquet a un comportement qui peut varier. En effet, toutes les essences de bois ont tendance \u00e0 changer de ton et de couleur avec le temps. Cela signifie que certains facteurs peuvent \u00eatre \u00e0 l&rsquo;origine de ses changements esth\u00e9tiques, m\u00eame s&rsquo;ils sont minimes. En particulier, lors du <strong>choix d&rsquo;un parquet <\/strong>, il faut tenir compte de l&rsquo;exposition \u00e0 la lumi\u00e8re et \u00e0 l&rsquo;humidit\u00e9 (qui se traduisent par des variations de coloration) et de la temp\u00e9rature ambiante (avec une attention particuli\u00e8re \u00e0 la pr\u00e9sence \u00e9ventuelle d&rsquo;un <strong>chauffage par le sol<\/strong>). Dans ce cas \u00e9galement, il est souhaitable de disposer d&rsquo;une s\u00e9lection de types de parquets ad hoc pour obtenir un r\u00e9sultat durable.    <\/p>\n\n\n\n<h3 class=\"wp-block-heading has-m-font-size\"><strong>Pr\u00e9fini ou massif : quel parquet choisir ?<\/strong><\/h3>\n\n\n\n<p>Une fois que les exigences de la pi\u00e8ce dans laquelle il sera pos\u00e9 sont claires, le <strong>choix du parquet <\/strong>s&rsquo;oriente vers deux types. Nous avons le parquet pr\u00e9fini, avec des lames compos\u00e9es d&rsquo;une ou plusieurs couches de bois (g\u00e9n\u00e9ralement du bouleau, du fr\u00eane, du sapin ou du peuplier) coll\u00e9es les unes sur les autres ou dans des orientations diff\u00e9rentes, recouvertes d&rsquo;une couche sup\u00e9rieure de bois ou d&rsquo;essences de bois (bois plus pr\u00e9cieux) ; ou le parquet en bois massif, sans stratifications et, par cons\u00e9quent, avec des lames enti\u00e8rement compos\u00e9es de l&rsquo;essence de bois choisie. <\/p>\n\n\n\n<p class=\"has-s-font-size\" style=\"margin-bottom:var(--wp--preset--spacing--10);line-height:1.6\"><strong>\u27be<\/strong> <a href=\"https:\/\/www.berti.net\/fr\/demandez-une-consultation\/\" target=\"_blank\" rel=\"noreferrer noopener\"><strong>VOUS AVEZ DES DOUTES OU DES DEMANDES SP\u00c9CIFIQUES ? CONTACTEZ-NOUS POUR UNE CONSULTATION <\/strong><\/a><\/p>\n<\/div>\n<\/div>\n\n\n\n<div class=\"wp-block-column is-layout-flow wp-container-core-column-is-layout-22223934 wp-block-column-is-layout-flow\" style=\"flex-basis:50%\">\n<figure class=\"wp-block-image size-full is-style-default\"><img loading=\"lazy\" decoding=\"async\" width=\"590\" height=\"380\" src=\"https:\/\/www.berti.net\/wp-content\/uploads\/2024\/09\/parquet-noce-nazionale-prefinito-berti-pavimenti-legno.jpg\" alt=\"\" class=\"wp-image-6886\" srcset=\"https:\/\/berti.net\/wp-content\/uploads\/2024\/09\/parquet-noce-nazionale-prefinito-berti-pavimenti-legno.jpg 590w, https:\/\/berti.net\/wp-content\/uploads\/2024\/09\/parquet-noce-nazionale-prefinito-berti-pavimenti-legno-300x193.jpg 300w\" sizes=\"auto, (max-width: 590px) 100vw, 590px\" \/><\/figure>\n\n\n\n<p style=\"font-size:12px\">Dalles de parquet Barbaro en noyer national et ch\u00eane avec bordure<\/p>\n\n\n\n<figure class=\"wp-block-image size-full is-style-default\"><img loading=\"lazy\" decoding=\"async\" width=\"590\" height=\"380\" src=\"https:\/\/www.berti.net\/wp-content\/uploads\/2024\/09\/parquet-spina-ungherese-berti.jpg\" alt=\"\" class=\"wp-image-6890\" srcset=\"https:\/\/berti.net\/wp-content\/uploads\/2024\/09\/parquet-spina-ungherese-berti.jpg 590w, https:\/\/berti.net\/wp-content\/uploads\/2024\/09\/parquet-spina-ungherese-berti-300x193.jpg 300w\" sizes=\"auto, (max-width: 590px) 100vw, 590px\" \/><\/figure>\n\n\n\n<p style=\"font-size:12px\">Chevrons pour parquet hongrois Parquet Berti Studio On Demand<\/p>\n\n\n\n<figure class=\"wp-block-image size-full is-style-default\"><img loading=\"lazy\" decoding=\"async\" width=\"590\" height=\"380\" src=\"https:\/\/www.berti.net\/wp-content\/uploads\/2024\/09\/parquet-prefinito-tavole-legno.jpg\" alt=\"\" class=\"wp-image-6896\" srcset=\"https:\/\/berti.net\/wp-content\/uploads\/2024\/09\/parquet-prefinito-tavole-legno.jpg 590w, https:\/\/berti.net\/wp-content\/uploads\/2024\/09\/parquet-prefinito-tavole-legno-300x193.jpg 300w\" sizes=\"auto, (max-width: 590px) 100vw, 590px\" \/><\/figure>\n\n\n\n<p style=\"font-size:12px\">Parquet en ch\u00eane pr\u00e9fini Countryside Tuscany<\/p>\n<\/div>\n<\/div>\n\n\n\n<div class=\"wp-block-group post-categories has-global-padding is-content-justification-left is-layout-constrained wp-container-core-group-is-layout-836d34cb wp-block-group-is-layout-constrained\" style=\"margin-top:var(--wp--preset--spacing--70);font-size:11px\">\n<div class=\"wp-block-group is-content-justification-center is-nowrap is-layout-flex wp-container-core-group-is-layout-60758a6d wp-block-group-is-layout-flex\">\n<p>Magazine \/<\/p>\n\n\n<div class=\"taxonomy-category wp-block-post-terms\"><a href=\"https:\/\/berti.net\/fr\/magazine\/category\/products-fr\/\" rel=\"tag\">Products<\/a><\/div><\/div>\n<\/div>\n<\/div>\n\n<p><\/p>\n","protected":false},"excerpt":{"rendered":"<p>Pour vous faire une id\u00e9e pr\u00e9cise du parquet \u00e0 choisir et \u00eatre satisfait du r\u00e9sultat final, suivez nos conseils.<\/p>\n","protected":false},"author":5,"featured_media":6888,"comment_status":"closed","ping_status":"closed","sticky":false,"template":"","format":"standard","meta":{"footnotes":""},"categories":[45],"tags":[],"class_list":["post-15573","post","type-post","status-publish","format-standard","has-post-thumbnail","hentry","category-products-fr"],"_links":{"self":[{"href":"https:\/\/berti.net\/fr\/wp-json\/wp\/v2\/posts\/15573","targetHints":{"allow":["GET"]}}],"collection":[{"href":"https:\/\/berti.net\/fr\/wp-json\/wp\/v2\/posts"}],"about":[{"href":"https:\/\/berti.net\/fr\/wp-json\/wp\/v2\/types\/post"}],"author":[{"embeddable":true,"href":"https:\/\/berti.net\/fr\/wp-json\/wp\/v2\/users\/5"}],"replies":[{"embeddable":true,"href":"https:\/\/berti.net\/fr\/wp-json\/wp\/v2\/comments?post=15573"}],"version-history":[{"count":2,"href":"https:\/\/berti.net\/fr\/wp-json\/wp\/v2\/posts\/15573\/revisions"}],"predecessor-version":[{"id":20953,"href":"https:\/\/berti.net\/fr\/wp-json\/wp\/v2\/posts\/15573\/revisions\/20953"}],"wp:featuredmedia":[{"embeddable":true,"href":"https:\/\/berti.net\/fr\/wp-json\/wp\/v2\/media\/6888"}],"wp:attachment":[{"href":"https:\/\/berti.net\/fr\/wp-json\/wp\/v2\/media?parent=15573"}],"wp:term":[{"taxonomy":"category","embeddable":true,"href":"https:\/\/berti.net\/fr\/wp-json\/wp\/v2\/categories?post=15573"},{"taxonomy":"post_tag","embeddable":true,"href":"https:\/\/berti.net\/fr\/wp-json\/wp\/v2\/tags?post=15573"}],"curies":[{"name":"wp","href":"https:\/\/api.w.org\/{rel}","templated":true}]}}