{"id":15569,"date":"2023-02-07T14:03:19","date_gmt":"2023-02-07T14:03:19","guid":{"rendered":"https:\/\/www.berti.net\/magazine\/parquets-berti-toutes-les-nouvelles-a-la-reunion-de-vente\/"},"modified":"2025-05-19T09:26:26","modified_gmt":"2025-05-19T09:26:26","slug":"parquets-berti-toutes-les-nouvelles-a-la-reunion-de-vente","status":"publish","type":"post","link":"https:\/\/berti.net\/fr\/magazine\/parquets-berti-toutes-les-nouvelles-a-la-reunion-de-vente\/","title":{"rendered":"Parquets Berti : toutes les nouvelles \u00e0 la r\u00e9union de vente"},"content":{"rendered":"\n<div class=\"wp-block-group post-detail-pattern is-container has-base-2-color has-contrast-background-color has-text-color has-background has-link-color wp-elements-26c92fd6d801f446e1b84f2cd3895dfc has-global-padding is-layout-constrained wp-block-group-is-layout-constrained\" style=\"margin-top:0;margin-bottom:0;padding-top:var(--wp--preset--spacing--70);padding-bottom:var(--wp--preset--spacing--70)\">\n<div class=\"wp-block-columns alignwide is-layout-flex wp-container-core-columns-is-layout-d125203f wp-block-columns-is-layout-flex\" style=\"margin-bottom:var(--wp--preset--spacing--50)\">\n<div class=\"wp-block-column is-vertically-aligned-stretch is-layout-flow wp-block-column-is-layout-flow\" style=\"padding-right:0;flex-basis:50%\">\n<div class=\"wp-block-group is-vertical is-content-justification-stretch is-layout-flex wp-container-core-group-is-layout-e9e70883 wp-block-group-is-layout-flex\" style=\"min-height:100%\">\n<div class=\"wp-block-group post-categories is-nowrap is-layout-flex wp-container-core-group-is-layout-3155b93e wp-block-group-is-layout-flex\" style=\"margin-top:var(--wp--preset--spacing--20);font-size:11px\">\n<p>Magazine \/<\/p>\n\n\n<div class=\"taxonomy-category wp-block-post-terms\"><a href=\"https:\/\/berti.net\/fr\/magazine\/category\/products-fr\/\" rel=\"tag\">Products<\/a><span class=\"wp-block-post-terms__separator\">, <\/span><a href=\"https:\/\/berti.net\/fr\/magazine\/category\/events-fr\/\" rel=\"tag\">Events<\/a><\/div><\/div>\n\n\n<div style=\"font-style:normal;font-weight:600;text-transform:uppercase;\" class=\"has-link-color wp-elements-32859cd979b45056895d81c5660c23a0 wp-block-post-date has-text-color has-base-color has-s-font-size\"><time datetime=\"2023-02-07T14:03:19+00:00\">7 f\u00e9vrier 2023<\/time><\/div>\n\n\n<h1 class=\"wp-block-heading post-title\">Toutes les nouvelles de la r\u00e9union de vente<\/h1>\n\n\n\n<h2 class=\"wp-block-heading post-subtitle\" style=\"margin-bottom:var(--wp--preset--spacing--20)\">Nous voici r\u00e9unis avec notre force de vente italienne qui, du nord au sud, y compris les \u00eeles, a rejoint <strong>Berti<\/strong> <strong>Pavimenti Legno.<\/strong><br\/>La <strong>r\u00e9union de vente<\/strong> a toujours \u00e9t\u00e9 pour nous un moment fondamental et pr\u00e9cieux pour discuter des <strong>r\u00e9sultats obtenus<\/strong> et des <strong>mesures prises<\/strong>, esquisser de <strong>nouvelles strat\u00e9gies<\/strong>, analyser des probl\u00e8mes sp\u00e9cifiques ou g\u00e9n\u00e9raux, partager l&rsquo;exp\u00e9rience et faire une <strong>mise \u00e0 jour professionnelle<\/strong>.<\/h2>\n\n\n\n<p>La star incontest\u00e9e de la journ\u00e9e a \u00e9t\u00e9 I-Wood. La nouvelle collection de rev\u00eatements de <strong>sol<\/strong> et de mur <strong>int\u00e9rieurs<\/strong> en <strong>bois de ch\u00eane<\/strong>, caract\u00e9ris\u00e9e par une structure ultra-mince et une finition de surface protectrice extra-forte, combin\u00e9e \u00e0 un concept esth\u00e9tique \u00e0 l&#8217;empreinte fortement contemporaine. <\/p>\n\n\n\n<figure class=\"wp-block-image size-large is-style-default\"><img loading=\"lazy\" decoding=\"async\" width=\"1024\" height=\"678\" src=\"https:\/\/www.berti.net\/wp-content\/uploads\/2024\/10\/anteprima-pavimenti-berti-riunione-agenti-blog-1024x678.jpg\" alt=\"\" class=\"wp-image-6773\" srcset=\"https:\/\/berti.net\/wp-content\/uploads\/2024\/10\/anteprima-pavimenti-berti-riunione-agenti-blog-1024x678.jpg 1024w, https:\/\/berti.net\/wp-content\/uploads\/2024\/10\/anteprima-pavimenti-berti-riunione-agenti-blog-300x199.jpg 300w, https:\/\/berti.net\/wp-content\/uploads\/2024\/10\/anteprima-pavimenti-berti-riunione-agenti-blog-768x509.jpg 768w, https:\/\/berti.net\/wp-content\/uploads\/2024\/10\/anteprima-pavimenti-berti-riunione-agenti-blog-1536x1017.jpg 1536w, https:\/\/berti.net\/wp-content\/uploads\/2024\/10\/anteprima-pavimenti-berti-riunione-agenti-blog.jpg 1963w\" sizes=\"auto, (max-width: 1024px) 100vw, 1024px\" \/><\/figure>\n\n\n\n<h3 class=\"wp-block-heading has-m-font-size\"><strong>Plancher et rev\u00eatement en bois I-Wood<\/strong><\/h3>\n\n\n\n<p>L&rsquo;\u00e9volution du concept de <strong>plancher en bois s<\/strong> &lsquo;appelle &lsquo;I-Wood&rsquo; : un syst\u00e8me de plancher en v\u00e9ritable <strong>ch\u00eane<\/strong> naturel. Innovante et modulaire, cette collection pr\u00e9sente un code esth\u00e9tique tr\u00e8s contemporain, expression du style italien. Le caract\u00e8re innovant de I-Wood a de multiples facettes : id\u00e9al pour les <strong>rev\u00eatements<\/strong> verticaux et horizontaux, c&rsquo;est la solution abordable et durable pour ceux qui choisissent le <strong>bois pour l&rsquo;ameublement<\/strong>.<br\/>Enfin, une solution de <strong>rev\u00eatement de sol en bois<\/strong> flexible et polyvalente. Avec une <strong>\u00e9paisseur de<\/strong> seulement <strong>10 mm, des<\/strong> performances de haut niveau sont garanties, notamment en termes de durabilit\u00e9. En effet, I-Wood est un produit certifi\u00e9 \u00a0\u00bbhigh traffic\u00a0\u00bb (classe de r\u00e9action au feu 1, BFL s-1). Comment cela est-il possible ?       <\/p>\n\n\n\n<ol class=\"wp-block-list\">\n<li>La premi\u00e8re couche de <strong>bois noble<\/strong> (seulement 0,6 millim\u00e8tre d&rsquo;\u00e9paisseur)<\/li>\n\n\n\n<li>combin\u00e9 avec le support interm\u00e9diaire en contreplaqu\u00e9 de <strong>bouleau<\/strong> \u00e0 7 couches crois\u00e9es (8,8 millim\u00e8tres)  <\/li>\n\n\n\n<li>combin\u00e9e \u00e0 une couche \u00e9quilibr\u00e9e d&rsquo;<strong>essence de bois<\/strong> (d&rsquo;une \u00e9paisseur de 0,6 millim\u00e8tre seulement)  <\/li>\n\n\n\n<li>est prot\u00e9g\u00e9 par 7 couches de la <strong>finition<\/strong>innovante <strong>\u00a0\u00bbXstremeStrong<\/strong>\u00a0\u00bb, con\u00e7ue et d\u00e9velopp\u00e9e par Berti.<\/li>\n<\/ol>\n\n\n\n<figure class=\"wp-block-image size-large is-style-default\"><img loading=\"lazy\" decoding=\"async\" width=\"1024\" height=\"575\" src=\"https:\/\/www.berti.net\/wp-content\/uploads\/2024\/10\/berti-iwood-spessore-totale-1024x575.jpg\" alt=\"\" class=\"wp-image-6744\" srcset=\"https:\/\/berti.net\/wp-content\/uploads\/2024\/10\/berti-iwood-spessore-totale-1024x575.jpg 1024w, https:\/\/berti.net\/wp-content\/uploads\/2024\/10\/berti-iwood-spessore-totale-300x168.jpg 300w, https:\/\/berti.net\/wp-content\/uploads\/2024\/10\/berti-iwood-spessore-totale-768x431.jpg 768w, https:\/\/berti.net\/wp-content\/uploads\/2024\/10\/berti-iwood-spessore-totale.jpg 1259w\" sizes=\"auto, (max-width: 1024px) 100vw, 1024px\" \/><\/figure>\n\n\n\n<figure class=\"wp-block-image size-large is-style-default\"><img loading=\"lazy\" decoding=\"async\" width=\"1024\" height=\"522\" src=\"https:\/\/www.berti.net\/wp-content\/uploads\/2024\/10\/berti-iwood-xtremestrong-1-1024x522.jpg\" alt=\"\" class=\"wp-image-6747\" srcset=\"https:\/\/berti.net\/wp-content\/uploads\/2024\/10\/berti-iwood-xtremestrong-1-1024x522.jpg 1024w, https:\/\/berti.net\/wp-content\/uploads\/2024\/10\/berti-iwood-xtremestrong-1-300x153.jpg 300w, https:\/\/berti.net\/wp-content\/uploads\/2024\/10\/berti-iwood-xtremestrong-1-768x391.jpg 768w, https:\/\/berti.net\/wp-content\/uploads\/2024\/10\/berti-iwood-xtremestrong-1-1536x783.jpg 1536w, https:\/\/berti.net\/wp-content\/uploads\/2024\/10\/berti-iwood-xtremestrong-1-2048x1043.jpg 2048w\" sizes=\"auto, (max-width: 1024px) 100vw, 1024px\" \/><\/figure>\n\n\n\n<p>Pour confirmer la stabilit\u00e9 et la fiabilit\u00e9 de la gamme de placages bois I-Wood, <strong>les finitions ont \u00e9t\u00e9 test\u00e9es conform\u00e9ment aux normes UNI EN.<\/strong> Le r\u00e9sultat du \u00a0\u00bbtaber test\u00a0\u00bb confirme que le <strong>bois I-Wood est 100 fois plus r\u00e9sistant.<\/strong> En effet, ce test international de mesure de la r\u00e9sistance \u00e0 l&rsquo;abrasion des vernis, exprim\u00e9e par le nombre de tours n\u00e9cessaires pour consommer compl\u00e8tement le vernis et affecter la protection du bois, confirme que le vernis sp\u00e9cial \u00a0\u00bbXtremeStrong\u00a0\u00bb de Berti a une r\u00e9sistance \u00e0 l&rsquo;abrasion de 200 tours, c&rsquo;est-\u00e0-dire 100 tours de plus que <strong>la moyenne du march\u00e9 et \u00e9tablie par la norme UNI 11622-1:2016.<\/strong>  <\/p>\n\n\n\n<h3 class=\"wp-block-heading has-m-font-size\"><strong>La collection. Un design vivant et polyvalent <\/strong><\/h3>\n\n\n\n<p><strong>En collaboration avec Diesel Living, nous proposons I-Wood en version imprim\u00e9e num\u00e9rique.<\/strong>  Une technologie d&rsquo;impression de pointe utilisant des couleurs non toxiques, ininflammables et inodores. Gr\u00e2ce \u00e0 une base aqueuse, la couleur p\u00e9n\u00e8tre dans le grain du bois et est incroyablement <strong>r\u00e9sistante aux UV<\/strong>: le r\u00e9sultat est une int\u00e9gration visuelle et mat\u00e9rielle parfaite. <\/p>\n\n\n\n<figure class=\"wp-block-image size-large is-style-default\"><img loading=\"lazy\" decoding=\"async\" width=\"768\" height=\"1024\" src=\"https:\/\/www.berti.net\/wp-content\/uploads\/2024\/10\/diesel-berti-kaleidostone-iwood-rivestimenti-legno-768x1024.jpg\" alt=\"\" class=\"wp-image-6777\" srcset=\"https:\/\/berti.net\/wp-content\/uploads\/2024\/10\/diesel-berti-kaleidostone-iwood-rivestimenti-legno-768x1024.jpg 768w, https:\/\/berti.net\/wp-content\/uploads\/2024\/10\/diesel-berti-kaleidostone-iwood-rivestimenti-legno-225x300.jpg 225w, https:\/\/berti.net\/wp-content\/uploads\/2024\/10\/diesel-berti-kaleidostone-iwood-rivestimenti-legno.jpg 975w\" sizes=\"auto, (max-width: 768px) 100vw, 768px\" \/><\/figure>\n\n\n\n<p class=\"has-xxs-font-size\"><strong>\u2191EN PHOTO : <a href=\"https:\/\/www.berti.net\/fr\/i-bois\/kaleidostone\/\" target=\"_blank\" rel=\"noreferrer noopener\">I-Wood &#8211; DIESEL LIVING WITH BERTI | KALEIDOSTONE<\/a><\/strong><\/p>\n\n\n\n<figure class=\"wp-block-image size-large is-style-default\"><img loading=\"lazy\" decoding=\"async\" width=\"768\" height=\"1024\" src=\"https:\/\/www.berti.net\/wp-content\/uploads\/2024\/10\/diesel-berti-darkshade-iwood-rivestimenti-legno-768x1024.jpg\" alt=\"\" class=\"wp-image-6781\" srcset=\"https:\/\/berti.net\/wp-content\/uploads\/2024\/10\/diesel-berti-darkshade-iwood-rivestimenti-legno-768x1024.jpg 768w, https:\/\/berti.net\/wp-content\/uploads\/2024\/10\/diesel-berti-darkshade-iwood-rivestimenti-legno-225x300.jpg 225w, https:\/\/berti.net\/wp-content\/uploads\/2024\/10\/diesel-berti-darkshade-iwood-rivestimenti-legno.jpg 975w\" sizes=\"auto, (max-width: 768px) 100vw, 768px\" \/><\/figure>\n\n\n\n<p class=\"has-xxs-font-size\"><strong>\u2191 SUR LA PHOTO : I-Wood &#8211; DIESEL LIVING WITH BERTI | DARK SHADE<\/strong><\/p>\n\n\n\n<figure class=\"wp-block-image size-large is-style-default\"><img loading=\"lazy\" decoding=\"async\" width=\"768\" height=\"1024\" src=\"https:\/\/www.berti.net\/wp-content\/uploads\/2024\/10\/diesel-berti-blackstar-iwood-rivestimenti-legno-768x1024.jpg\" alt=\"\" class=\"wp-image-6785\" srcset=\"https:\/\/berti.net\/wp-content\/uploads\/2024\/10\/diesel-berti-blackstar-iwood-rivestimenti-legno-768x1024.jpg 768w, https:\/\/berti.net\/wp-content\/uploads\/2024\/10\/diesel-berti-blackstar-iwood-rivestimenti-legno-225x300.jpg 225w, https:\/\/berti.net\/wp-content\/uploads\/2024\/10\/diesel-berti-blackstar-iwood-rivestimenti-legno.jpg 975w\" sizes=\"auto, (max-width: 768px) 100vw, 768px\" \/><\/figure>\n\n\n\n<p class=\"has-xxs-font-size\"><strong>\u2191 EN PHOTO : I-Wood &#8211; DIESEL LIVING WITH BERTI | BLACK STAR<\/strong><\/p>\n\n\n\n<p>Lambris et rev\u00eatements de sol design \u00e0 forte personnalit\u00e9, caract\u00e9ris\u00e9s par de multiples possibilit\u00e9s de configuration. Il est possible de g\u00e9rer le positionnement et la fr\u00e9quence des motifs distribu\u00e9s sur la surface, de dense \u00e0 sporadique, ainsi que les variantes de couleur, pour caract\u00e9riser davantage l&rsquo;esth\u00e9tique et l&rsquo;aspect graphique final. <\/p>\n\n\n\n<figure class=\"wp-block-image size-large is-style-default\"><img loading=\"lazy\" decoding=\"async\" width=\"768\" height=\"1024\" src=\"https:\/\/www.berti.net\/wp-content\/uploads\/2024\/10\/berti-iwood-rivestimenti-legno-Ipuzzle-light-768x1024.jpg\" alt=\"\" class=\"wp-image-6788\" srcset=\"https:\/\/berti.net\/wp-content\/uploads\/2024\/10\/berti-iwood-rivestimenti-legno-Ipuzzle-light-768x1024.jpg 768w, https:\/\/berti.net\/wp-content\/uploads\/2024\/10\/berti-iwood-rivestimenti-legno-Ipuzzle-light-225x300.jpg 225w, https:\/\/berti.net\/wp-content\/uploads\/2024\/10\/berti-iwood-rivestimenti-legno-Ipuzzle-light.jpg 975w\" sizes=\"auto, (max-width: 768px) 100vw, 768px\" \/><\/figure>\n\n\n\n<p class=\"has-xxs-font-size\"><strong>\u2191IN PHOTO : I-Wood &#8211; I-PUZZLE CREAM<\/strong><\/p>\n\n\n\n<figure class=\"wp-block-image size-large is-style-default\"><img loading=\"lazy\" decoding=\"async\" width=\"768\" height=\"1024\" src=\"https:\/\/www.berti.net\/wp-content\/uploads\/2024\/10\/berti-iwood-rivestimenti-legno-ICA-M1-768x1024.jpg\" alt=\"\" class=\"wp-image-6791\" srcset=\"https:\/\/berti.net\/wp-content\/uploads\/2024\/10\/berti-iwood-rivestimenti-legno-ICA-M1-768x1024.jpg 768w, https:\/\/berti.net\/wp-content\/uploads\/2024\/10\/berti-iwood-rivestimenti-legno-ICA-M1-225x300.jpg 225w, https:\/\/berti.net\/wp-content\/uploads\/2024\/10\/berti-iwood-rivestimenti-legno-ICA-M1.jpg 975w\" sizes=\"auto, (max-width: 768px) 100vw, 768px\" \/><\/figure>\n\n\n\n<p class=\"has-xxs-font-size\"><strong>\u2191IN PHOTO : I-Wood design by Luca Artioli &#8211; ICA Module 1<\/strong><\/p>\n\n\n\n<figure class=\"wp-block-image size-large is-style-default\"><img loading=\"lazy\" decoding=\"async\" width=\"768\" height=\"1024\" src=\"https:\/\/www.berti.net\/wp-content\/uploads\/2024\/10\/berti-iwood-rivestimenti-legno-ICA-M2-768x1024.jpg\" alt=\"\" class=\"wp-image-6794\" srcset=\"https:\/\/berti.net\/wp-content\/uploads\/2024\/10\/berti-iwood-rivestimenti-legno-ICA-M2-768x1024.jpg 768w, https:\/\/berti.net\/wp-content\/uploads\/2024\/10\/berti-iwood-rivestimenti-legno-ICA-M2-225x300.jpg 225w, https:\/\/berti.net\/wp-content\/uploads\/2024\/10\/berti-iwood-rivestimenti-legno-ICA-M2.jpg 975w\" sizes=\"auto, (max-width: 768px) 100vw, 768px\" \/><\/figure>\n\n\n\n<p class=\"has-xxs-font-size\"><strong>\u2191IN PHOTO : I-Wood design by Luca Artioli &#8211; ICA Module 2<\/strong><\/p>\n\n\n\n<h3 class=\"wp-block-heading has-m-font-size\"><strong>Vous voulez en savoir plus ?<\/strong><\/h3>\n\n\n\n<p>D\u00e9couvrez la collection sur <a href=\"https:\/\/www.berti.net\/fr\/i-wood\/\" target=\"_blank\" rel=\"noreferrer noopener\"><strong>https:\/\/www.berti.net\/rivestimenti-in-legno-i-wood\/<\/strong><\/a><br\/>Parcourez le nouveau catalogue : <a href=\"https:\/\/www.berti.net\/wp-content\/uploads\/2023\/01\/berti_I-Wood_catalogo-web_02-112022-1.pdf\" target=\"_blank\" rel=\"noreferrer noopener\"><strong>https:\/\/www.berti.net\/wp-content\/uploads\/2023\/01\/berti_I-Wood_catalogo-web_02-112022-1.pdf<\/strong><\/a><\/p>\n<\/div>\n<\/div>\n\n\n\n<div class=\"wp-block-column is-layout-flow wp-container-core-column-is-layout-22223934 wp-block-column-is-layout-flow\" style=\"flex-basis:50%\">\n<figure class=\"wp-block-image size-large is-style-default\"><img loading=\"lazy\" decoding=\"async\" width=\"1024\" height=\"678\" src=\"https:\/\/www.berti.net\/wp-content\/uploads\/2024\/10\/matteo-berti-riunione-agenti-blog-1-1024x678.jpg\" alt=\"\" class=\"wp-image-6751\" srcset=\"https:\/\/berti.net\/wp-content\/uploads\/2024\/10\/matteo-berti-riunione-agenti-blog-1-1024x678.jpg 1024w, https:\/\/berti.net\/wp-content\/uploads\/2024\/10\/matteo-berti-riunione-agenti-blog-1-300x199.jpg 300w, https:\/\/berti.net\/wp-content\/uploads\/2024\/10\/matteo-berti-riunione-agenti-blog-1-768x509.jpg 768w, https:\/\/berti.net\/wp-content\/uploads\/2024\/10\/matteo-berti-riunione-agenti-blog-1-1536x1017.jpg 1536w, https:\/\/berti.net\/wp-content\/uploads\/2024\/10\/matteo-berti-riunione-agenti-blog-1.jpg 1963w\" sizes=\"auto, (max-width: 1024px) 100vw, 1024px\" \/><\/figure>\n\n\n\n<figure class=\"wp-block-image size-large is-style-default\"><img loading=\"lazy\" decoding=\"async\" width=\"1024\" height=\"678\" src=\"https:\/\/www.berti.net\/wp-content\/uploads\/2024\/10\/giancarlo-berti-riunione-agenti-blog-2-1024x678.jpg\" alt=\"\" class=\"wp-image-6756\" srcset=\"https:\/\/berti.net\/wp-content\/uploads\/2024\/10\/giancarlo-berti-riunione-agenti-blog-2-1024x678.jpg 1024w, https:\/\/berti.net\/wp-content\/uploads\/2024\/10\/giancarlo-berti-riunione-agenti-blog-2-300x199.jpg 300w, https:\/\/berti.net\/wp-content\/uploads\/2024\/10\/giancarlo-berti-riunione-agenti-blog-2-768x509.jpg 768w, https:\/\/berti.net\/wp-content\/uploads\/2024\/10\/giancarlo-berti-riunione-agenti-blog-2-1536x1017.jpg 1536w, https:\/\/berti.net\/wp-content\/uploads\/2024\/10\/giancarlo-berti-riunione-agenti-blog-2.jpg 1963w\" sizes=\"auto, (max-width: 1024px) 100vw, 1024px\" \/><\/figure>\n\n\n\n<figure class=\"wp-block-image size-large is-style-default\"><img loading=\"lazy\" decoding=\"async\" width=\"1024\" height=\"678\" src=\"https:\/\/www.berti.net\/wp-content\/uploads\/2024\/10\/fatturato-crescita-berti-riunione-agenti-blog-1024x678.jpg\" alt=\"\" class=\"wp-image-6759\" srcset=\"https:\/\/berti.net\/wp-content\/uploads\/2024\/10\/fatturato-crescita-berti-riunione-agenti-blog-1024x678.jpg 1024w, https:\/\/berti.net\/wp-content\/uploads\/2024\/10\/fatturato-crescita-berti-riunione-agenti-blog-300x199.jpg 300w, https:\/\/berti.net\/wp-content\/uploads\/2024\/10\/fatturato-crescita-berti-riunione-agenti-blog-768x509.jpg 768w, https:\/\/berti.net\/wp-content\/uploads\/2024\/10\/fatturato-crescita-berti-riunione-agenti-blog-1536x1017.jpg 1536w, https:\/\/berti.net\/wp-content\/uploads\/2024\/10\/fatturato-crescita-berti-riunione-agenti-blog.jpg 1963w\" sizes=\"auto, (max-width: 1024px) 100vw, 1024px\" \/><\/figure>\n\n\n\n<figure class=\"wp-block-image size-large is-style-default\"><img loading=\"lazy\" decoding=\"async\" width=\"1024\" height=\"449\" src=\"https:\/\/www.berti.net\/wp-content\/uploads\/2024\/10\/formazione-riunione-agenti-berti-parquet-scaled-1-1024x449.jpg\" alt=\"\" class=\"wp-image-6763\" srcset=\"https:\/\/berti.net\/wp-content\/uploads\/2024\/10\/formazione-riunione-agenti-berti-parquet-scaled-1-1024x449.jpg 1024w, https:\/\/berti.net\/wp-content\/uploads\/2024\/10\/formazione-riunione-agenti-berti-parquet-scaled-1-300x132.jpg 300w, https:\/\/berti.net\/wp-content\/uploads\/2024\/10\/formazione-riunione-agenti-berti-parquet-scaled-1-768x337.jpg 768w, https:\/\/berti.net\/wp-content\/uploads\/2024\/10\/formazione-riunione-agenti-berti-parquet-scaled-1-1536x674.jpg 1536w, https:\/\/berti.net\/wp-content\/uploads\/2024\/10\/formazione-riunione-agenti-berti-parquet-scaled-1-2048x898.jpg 2048w\" sizes=\"auto, (max-width: 1024px) 100vw, 1024px\" \/><\/figure>\n\n\n\n<figure class=\"wp-block-image size-large is-style-default\"><img loading=\"lazy\" decoding=\"async\" width=\"1024\" height=\"678\" src=\"https:\/\/www.berti.net\/wp-content\/uploads\/2024\/10\/berti-riunione-agenti-blog-1024x678.jpg\" alt=\"\" class=\"wp-image-6766\" srcset=\"https:\/\/berti.net\/wp-content\/uploads\/2024\/10\/berti-riunione-agenti-blog-1024x678.jpg 1024w, https:\/\/berti.net\/wp-content\/uploads\/2024\/10\/berti-riunione-agenti-blog-300x199.jpg 300w, https:\/\/berti.net\/wp-content\/uploads\/2024\/10\/berti-riunione-agenti-blog-768x509.jpg 768w, https:\/\/berti.net\/wp-content\/uploads\/2024\/10\/berti-riunione-agenti-blog-1536x1017.jpg 1536w, https:\/\/berti.net\/wp-content\/uploads\/2024\/10\/berti-riunione-agenti-blog.jpg 1963w\" sizes=\"auto, (max-width: 1024px) 100vw, 1024px\" \/><\/figure>\n\n\n\n<figure class=\"wp-block-image size-large is-style-default\"><img loading=\"lazy\" decoding=\"async\" width=\"1024\" height=\"678\" src=\"https:\/\/www.berti.net\/wp-content\/uploads\/2024\/10\/berti-riunione-agenti-blog-01-1024x678.jpg\" alt=\"\" class=\"wp-image-6769\" srcset=\"https:\/\/berti.net\/wp-content\/uploads\/2024\/10\/berti-riunione-agenti-blog-01-1024x678.jpg 1024w, https:\/\/berti.net\/wp-content\/uploads\/2024\/10\/berti-riunione-agenti-blog-01-300x199.jpg 300w, https:\/\/berti.net\/wp-content\/uploads\/2024\/10\/berti-riunione-agenti-blog-01-768x509.jpg 768w, https:\/\/berti.net\/wp-content\/uploads\/2024\/10\/berti-riunione-agenti-blog-01-1536x1017.jpg 1536w, https:\/\/berti.net\/wp-content\/uploads\/2024\/10\/berti-riunione-agenti-blog-01.jpg 1963w\" sizes=\"auto, (max-width: 1024px) 100vw, 1024px\" \/><\/figure>\n<\/div>\n<\/div>\n\n\n\n<div class=\"wp-block-group post-categories has-global-padding is-content-justification-left is-layout-constrained wp-container-core-group-is-layout-836d34cb wp-block-group-is-layout-constrained\" style=\"margin-top:var(--wp--preset--spacing--70);font-size:11px\">\n<div class=\"wp-block-group is-content-justification-center is-nowrap is-layout-flex wp-container-core-group-is-layout-60758a6d wp-block-group-is-layout-flex\">\n<p>Magazine \/<\/p>\n\n\n<div class=\"taxonomy-category wp-block-post-terms\"><a href=\"https:\/\/berti.net\/fr\/magazine\/category\/products-fr\/\" rel=\"tag\">Products<\/a><span class=\"wp-block-post-terms__separator\">, <\/span><a href=\"https:\/\/berti.net\/fr\/magazine\/category\/events-fr\/\" rel=\"tag\">Events<\/a><\/div><\/div>\n<\/div>\n<\/div>\n","protected":false},"excerpt":{"rendered":"<p>La r\u00e9union des ventes a toujours \u00e9t\u00e9 pour nous un moment fondamental et pr\u00e9cieux pour discuter des r\u00e9alisations et des \u00e9tapes franchies, esquisser de nouvelles strat\u00e9gies, analyser des probl\u00e8mes sp\u00e9cifiques ou g\u00e9n\u00e9raux, partager des exp\u00e9riences et faire du d\u00e9veloppement professionnel.<\/p>\n","protected":false},"author":9,"featured_media":6753,"comment_status":"closed","ping_status":"closed","sticky":false,"template":"","format":"standard","meta":{"footnotes":""},"categories":[45,43],"tags":[],"class_list":["post-15569","post","type-post","status-publish","format-standard","has-post-thumbnail","hentry","category-products-fr","category-events-fr"],"_links":{"self":[{"href":"https:\/\/berti.net\/fr\/wp-json\/wp\/v2\/posts\/15569","targetHints":{"allow":["GET"]}}],"collection":[{"href":"https:\/\/berti.net\/fr\/wp-json\/wp\/v2\/posts"}],"about":[{"href":"https:\/\/berti.net\/fr\/wp-json\/wp\/v2\/types\/post"}],"author":[{"embeddable":true,"href":"https:\/\/berti.net\/fr\/wp-json\/wp\/v2\/users\/9"}],"replies":[{"embeddable":true,"href":"https:\/\/berti.net\/fr\/wp-json\/wp\/v2\/comments?post=15569"}],"version-history":[{"count":4,"href":"https:\/\/berti.net\/fr\/wp-json\/wp\/v2\/posts\/15569\/revisions"}],"predecessor-version":[{"id":20942,"href":"https:\/\/berti.net\/fr\/wp-json\/wp\/v2\/posts\/15569\/revisions\/20942"}],"wp:featuredmedia":[{"embeddable":true,"href":"https:\/\/berti.net\/fr\/wp-json\/wp\/v2\/media\/6753"}],"wp:attachment":[{"href":"https:\/\/berti.net\/fr\/wp-json\/wp\/v2\/media?parent=15569"}],"wp:term":[{"taxonomy":"category","embeddable":true,"href":"https:\/\/berti.net\/fr\/wp-json\/wp\/v2\/categories?post=15569"},{"taxonomy":"post_tag","embeddable":true,"href":"https:\/\/berti.net\/fr\/wp-json\/wp\/v2\/tags?post=15569"}],"curies":[{"name":"wp","href":"https:\/\/api.w.org\/{rel}","templated":true}]}}