{"id":15565,"date":"2022-10-10T08:14:49","date_gmt":"2022-10-10T08:14:49","guid":{"rendered":"https:\/\/www.berti.net\/magazine\/parquets-et-revetements-de-sol-en-bois-pour-un-reve-personnalise\/"},"modified":"2025-05-19T09:26:31","modified_gmt":"2025-05-19T09:26:31","slug":"parquets-et-revetements-de-sol-en-bois-pour-un-reve-personnalise","status":"publish","type":"post","link":"https:\/\/berti.net\/fr\/magazine\/parquets-et-revetements-de-sol-en-bois-pour-un-reve-personnalise\/","title":{"rendered":"Parquets et rev\u00eatements de sol en bois pour un r\u00eave personnalis\u00e9"},"content":{"rendered":"\n<div class=\"wp-block-group post-detail-pattern is-container has-base-2-color has-contrast-background-color has-text-color has-background has-link-color wp-elements-a532c2f9bba81c563baa6fb0e1fb11e1 has-global-padding is-layout-constrained wp-block-group-is-layout-constrained\" style=\"margin-top:0;margin-bottom:0;padding-top:var(--wp--preset--spacing--70);padding-bottom:var(--wp--preset--spacing--70)\">\n<div class=\"wp-block-columns alignwide is-layout-flex wp-container-core-columns-is-layout-d125203f wp-block-columns-is-layout-flex\" style=\"margin-bottom:var(--wp--preset--spacing--50)\">\n<div class=\"wp-block-column is-vertically-aligned-stretch is-layout-flow wp-block-column-is-layout-flow\" style=\"padding-right:0;flex-basis:50%\">\n<div class=\"wp-block-group is-vertical is-content-justification-stretch is-layout-flex wp-container-core-group-is-layout-e9e70883 wp-block-group-is-layout-flex\" style=\"min-height:100%\">\n<div class=\"wp-block-group post-categories is-nowrap is-layout-flex wp-container-core-group-is-layout-3155b93e wp-block-group-is-layout-flex\" style=\"margin-top:var(--wp--preset--spacing--20);font-size:11px\">\n<p>Magazine \/<\/p>\n\n\n<div class=\"taxonomy-category wp-block-post-terms\"><a href=\"https:\/\/berti.net\/fr\/magazine\/category\/products-fr\/\" rel=\"tag\">Products<\/a><span class=\"wp-block-post-terms__separator\">, <\/span><a href=\"https:\/\/berti.net\/fr\/magazine\/category\/projects-fr\/\" rel=\"tag\">Projects<\/a><\/div><\/div>\n\n\n<div style=\"font-style:normal;font-weight:600;text-transform:uppercase;\" class=\"has-link-color wp-elements-32859cd979b45056895d81c5660c23a0 wp-block-post-date has-text-color has-base-color has-s-font-size\"><time datetime=\"2022-10-10T08:14:49+00:00\">10 octobre 2022<\/time><\/div>\n\n\n<h1 class=\"wp-block-heading post-title\">Parquets et rev\u00eatements de sol en bois pour un r\u00eave personnalis\u00e9<\/h1>\n\n\n\n<h2 class=\"wp-block-heading post-subtitle\" style=\"margin-bottom:var(--wp--preset--spacing--20)\"><strong>Parquets<\/strong> <strong>incrust\u00e9s<\/strong> <strong>design<\/strong> et <strong>sur mesure<\/strong>. Pour ceux qui veulent combiner <strong>beaut\u00e9<\/strong> et <strong>durabilit\u00e9<\/strong> au m\u00eame endroit. <\/h2>\n\n\n\n<h2 class=\"wp-block-heading post-subtitle\" style=\"margin-bottom:var(--wp--preset--spacing--20)\">Toujours passionn\u00e9e par l&rsquo;innovation, <strong>Berti Pavimenti Legno<\/strong> est constamment engag\u00e9e dans la <strong>conception<\/strong> et la <strong>recherche de<\/strong> nouveaux produits \u00e0 introduire sur le march\u00e9. Cette approche fournit de nouvelles inspirations dans le monde des <strong>sols<\/strong> <strong>en bois marquet\u00e9s<\/strong> et <strong>sur mesure<\/strong>, pour des environnements <strong>uniques<\/strong>, <strong>sur mesure<\/strong>, parfaits pour ceux qui <strong>en r\u00eavent<\/strong> et qui les <strong>vivent<\/strong>. <\/h2>\n\n\n\n<h3 class=\"wp-block-heading has-m-font-size\"><strong>Parquet et r\u00e9sine : l&rsquo;art de la beaut\u00e9<\/strong><\/h3>\n\n\n\n<p>Berti Pavimenti pr\u00e9sente un projet unique n\u00e9 d&rsquo;une vision ambitieuse et complexe, en collaboration avec Mino Longo &#8211; connu pour sa ma\u00eetrise dans le travail artistique de la r\u00e9sine. Une s\u00e9rie de <strong>parquets<\/strong> et de rev\u00eatements o\u00f9 le <strong>bois incrust\u00e9<\/strong> alterne avec la r\u00e9sine, cr\u00e9ant un jeu de perspectives et d&rsquo;illusions optiques \u00e0 chaque fois unique. <br\/>La particularit\u00e9 absolue des <strong>parquets<\/strong> et rev\u00eatements propos\u00e9s ici est leur non-reproductibilit\u00e9 : en effet, chacun est une pi\u00e8ce unique. R\u00e9alis\u00e9s et finis pas \u00e0 pas, avec un savoir-faire artisanal qui rend chaque d\u00e9tail pr\u00e9cieux.  <\/p>\n\n\n\n<h3 class=\"wp-block-heading has-m-font-size\"><strong>Ameublement avec parquet artistique et bio-inspir\u00e9<\/strong><div><span style=\"white-space: normal; background-image: none; background-position: 0% 0%; background-size: auto; background-repeat: repeat; background-attachment: scroll; background-origin: padding-box; background-clip: border-box; border: 0px; margin: 0px 0px 20px; padding: 0px; vertical-align: baseline; color: rgb(0, 0, 0); clear: both; font-size: 19px; line-height: 1.5em; font-family: Karla, sans-serif;\"><\/span><\/div><\/h3>\n\n\n\n<p>C&rsquo;est dans le respect de la nature et de l&rsquo;environnement que Berti a d\u00e9cid\u00e9 de r\u00e9aliser ce projet, en se concentrant \u00e9galement sur la durabilit\u00e9 et l&rsquo;am\u00e9lioration du confort et de la sant\u00e9 de ceux qui vivent dans les espaces en appliquant les derni\u00e8res technologies vertes, telles que l&rsquo;utilisation de mat\u00e9riaux renouvelables ou recycl\u00e9s, dits \u00a0\u00bbbiosourc\u00e9s\u00a0\u00bb, et en combinant le bois, le plus vert des mat\u00e9riaux de construction, avec de la r\u00e9sine v\u00e9g\u00e9tale : l\u00e9g\u00e8re, biod\u00e9gradable et r\u00e9sistante \u00e0 l&rsquo;eau et aux temp\u00e9ratures \u00e9lev\u00e9es. Les mat\u00e9riaux \u00a0\u00bbbiosourc\u00e9s\u00a0\u00bb sont appel\u00e9s ainsi parce qu&rsquo;ils sont d&rsquo;origine biologique et ne contiennent pas de composants d&rsquo;origine fossile, c&rsquo;est-\u00e0-dire d\u00e9riv\u00e9s du charbon et du p\u00e9trole. Cela garantit un produit sain et s\u00fbr : la valeur certifi\u00e9e de COV est inf\u00e9rieure aux limites autoris\u00e9es. En outre, la r\u00e9sine pr\u00e9sente l&rsquo;avantage de pouvoir \u00eatre ponc\u00e9e et peinte et d&rsquo;offrir des effets de couleur inimitables.   <\/p>\n\n\n\n<figure class=\"wp-block-image size-large is-style-default\"><img loading=\"lazy\" decoding=\"async\" width=\"1024\" height=\"714\" src=\"https:\/\/www.berti.net\/wp-content\/uploads\/2024\/10\/berti-parquet-tavole-rovere-prefinito-resina_2022-1024x714.jpg\" alt=\"\" class=\"wp-image-7012\" srcset=\"https:\/\/berti.net\/wp-content\/uploads\/2024\/10\/berti-parquet-tavole-rovere-prefinito-resina_2022-1024x714.jpg 1024w, https:\/\/berti.net\/wp-content\/uploads\/2024\/10\/berti-parquet-tavole-rovere-prefinito-resina_2022-300x209.jpg 300w, https:\/\/berti.net\/wp-content\/uploads\/2024\/10\/berti-parquet-tavole-rovere-prefinito-resina_2022-768x535.jpg 768w, https:\/\/berti.net\/wp-content\/uploads\/2024\/10\/berti-parquet-tavole-rovere-prefinito-resina_2022-1536x1071.jpg 1536w, https:\/\/berti.net\/wp-content\/uploads\/2024\/10\/berti-parquet-tavole-rovere-prefinito-resina_2022.jpg 1693w\" sizes=\"auto, (max-width: 1024px) 100vw, 1024px\" \/><\/figure>\n\n\n\n<figure class=\"wp-block-image size-large is-style-default\"><img loading=\"lazy\" decoding=\"async\" width=\"1024\" height=\"714\" src=\"https:\/\/www.berti.net\/wp-content\/uploads\/2024\/10\/berti-parquet-rovere-prefinito-pavimenti-in-legno-resina_2022-1024x714.jpg\" alt=\"\" class=\"wp-image-7015\" srcset=\"https:\/\/berti.net\/wp-content\/uploads\/2024\/10\/berti-parquet-rovere-prefinito-pavimenti-in-legno-resina_2022-1024x714.jpg 1024w, https:\/\/berti.net\/wp-content\/uploads\/2024\/10\/berti-parquet-rovere-prefinito-pavimenti-in-legno-resina_2022-300x209.jpg 300w, https:\/\/berti.net\/wp-content\/uploads\/2024\/10\/berti-parquet-rovere-prefinito-pavimenti-in-legno-resina_2022-768x535.jpg 768w, https:\/\/berti.net\/wp-content\/uploads\/2024\/10\/berti-parquet-rovere-prefinito-pavimenti-in-legno-resina_2022-1536x1071.jpg 1536w, https:\/\/berti.net\/wp-content\/uploads\/2024\/10\/berti-parquet-rovere-prefinito-pavimenti-in-legno-resina_2022.jpg 1693w\" sizes=\"auto, (max-width: 1024px) 100vw, 1024px\" \/><\/figure>\n\n\n\n<p class=\"has-xxs-font-size\">En photo :<strong>parquet en ch\u00eane pr\u00e9fini<\/strong> avec inserts en r\u00e9sine | Produit personnalis\u00e9 sur demande<\/p>\n\n\n\n<p>Le choix d&rsquo;int\u00e9grer le <strong>parquet<\/strong> <strong>et la r\u00e9sine<\/strong> n&rsquo;est pas nouveau pour Berti.<br\/>Les premi\u00e8res contaminations ont eu lieu en 2004 \u00e0 l&rsquo;occasion de l&rsquo;exposition \u00a0\u00bbTouch Wood\u00a0\u00bb \u00e0 V\u00e9rone o\u00f9, en collaboration avec Gaetano Pesce, 6 panneaux de parquet et de r\u00e9sine ont \u00e9t\u00e9 cr\u00e9\u00e9s. C&rsquo;est pr\u00e9cis\u00e9ment l&rsquo;unicit\u00e9, entendue comme la production de pi\u00e8ces uniques et non d&rsquo;artefacts identiques, qui est le fil rouge qui lie depuis toujours les cr\u00e9ations de Berti en mati\u00e8re de <strong>sols<\/strong> et de <strong>parquets<\/strong> <strong>en bois<\/strong> marquet\u00e9 sur le march\u00e9. <br\/>\u2937 <a href=\"https:\/\/www.berti.net\/fr\/r\u00e9f\u00e9rences\/gaetano-pesce\/\" target=\"_blank\" rel=\"noreferrer noopener\">Voir le projet avec Gaetano Pesce<\/a> <\/p>\n\n\n\n<p>Dans la collection de <strong>Dalles de parquet<\/strong> &lsquo;Square Space&rsquo;, en revanche, l&rsquo;utilisation de la r\u00e9sine est devenue la marque de fabrique, transformant les d\u00e9tails en d\u00e9corations \u00e9l\u00e9gantes.<br\/>\u2937 <a href=\"https:\/\/www.berti.net\/fr\/parquet\/dalles-de-parquet-square-space\/\" target=\"_blank\" rel=\"noreferrer noopener\">D\u00e9couvrir la collection<\/a><\/p>\n\n\n\n<h3 class=\"wp-block-heading has-m-font-size\"><strong>La qualit\u00e9 vient de l&rsquo;exp\u00e9rience<span style=\"white-space: normal; background-image: none; background-position: 0% 0%; background-size: auto; background-repeat: repeat; background-attachment: scroll; background-origin: padding-box; background-clip: border-box; border: 0px; margin: 0px 0px 20px; padding: 0px; vertical-align: baseline; color: rgb(0, 0, 0); clear: both; font-size: 19px; line-height: 1.5em; font-family: Karla, sans-serif;\"><\/span><\/strong><div><span style=\"white-space: normal; background-image: none; background-position: 0% 0%; background-size: auto; background-repeat: repeat; background-attachment: scroll; background-origin: padding-box; background-clip: border-box; border: 0px; margin: 0px 0px 20px; padding: 0px; vertical-align: baseline; color: rgb(0, 0, 0); clear: both; font-size: 19px; line-height: 1.5em; font-family: Karla, sans-serif;\"><\/span><\/div><\/h3>\n\n\n\n<figure class=\"wp-block-image size-large is-style-default\"><img loading=\"lazy\" decoding=\"async\" width=\"1024\" height=\"786\" src=\"https:\/\/www.berti.net\/wp-content\/uploads\/2024\/10\/berti-parquet-e-pavimenti-in-legno-resina_2022-1024x786.jpg\" alt=\"\" class=\"wp-image-7022\" srcset=\"https:\/\/berti.net\/wp-content\/uploads\/2024\/10\/berti-parquet-e-pavimenti-in-legno-resina_2022-1024x786.jpg 1024w, https:\/\/berti.net\/wp-content\/uploads\/2024\/10\/berti-parquet-e-pavimenti-in-legno-resina_2022-300x230.jpg 300w, https:\/\/berti.net\/wp-content\/uploads\/2024\/10\/berti-parquet-e-pavimenti-in-legno-resina_2022-768x590.jpg 768w, https:\/\/berti.net\/wp-content\/uploads\/2024\/10\/berti-parquet-e-pavimenti-in-legno-resina_2022-1536x1179.jpg 1536w, https:\/\/berti.net\/wp-content\/uploads\/2024\/10\/berti-parquet-e-pavimenti-in-legno-resina_2022.jpg 1693w\" sizes=\"auto, (max-width: 1024px) 100vw, 1024px\" \/><\/figure>\n\n\n\n<p>Des <strong>parquets<\/strong> uniques et des r\u00e9alisations qui deviennent de l&rsquo;art : la qualit\u00e9 est faite d&rsquo;exp\u00e9rience et de choix importants qui se concentrent sur la beaut\u00e9 du <strong>bois de parquet.<\/strong> Avec ce projet, nous voulons allumer l&rsquo;\u00e9tincelle de l&rsquo;inspiration des architectes et des designers, ou de tous ceux qui veulent un <strong>parquet sur mesure<\/strong>. <\/p>\n\n\n\n<p>De nombreuses ann\u00e9es d&rsquo;exp\u00e9rience dans la personnalisation des parquets et des rev\u00eatements muraux permettent au service technique d&rsquo;interpr\u00e9ter tous les besoins. <br\/><strong>\u2937 <a href=\"https:\/\/www.berti.net\/fr\/demandez-une-consultation\/\" target=\"_blank\" rel=\"noreferrer noopener\">Demandez une consultation maintenant !<\/a><\/strong><\/p>\n<\/div>\n<\/div>\n\n\n\n<div class=\"wp-block-column is-layout-flow wp-container-core-column-is-layout-22223934 wp-block-column-is-layout-flow\" style=\"flex-basis:50%\">\n<figure class=\"wp-block-image size-large is-style-default\"><img loading=\"lazy\" decoding=\"async\" width=\"1024\" height=\"786\" src=\"https:\/\/www.berti.net\/wp-content\/uploads\/2024\/10\/berti-parquet-e-pavimenti-in-legno-resina_2022-02-1024x786.jpg\" alt=\"\" class=\"wp-image-7000\" srcset=\"https:\/\/berti.net\/wp-content\/uploads\/2024\/10\/berti-parquet-e-pavimenti-in-legno-resina_2022-02-1024x786.jpg 1024w, https:\/\/berti.net\/wp-content\/uploads\/2024\/10\/berti-parquet-e-pavimenti-in-legno-resina_2022-02-300x230.jpg 300w, https:\/\/berti.net\/wp-content\/uploads\/2024\/10\/berti-parquet-e-pavimenti-in-legno-resina_2022-02-768x590.jpg 768w, https:\/\/berti.net\/wp-content\/uploads\/2024\/10\/berti-parquet-e-pavimenti-in-legno-resina_2022-02-1536x1179.jpg 1536w, https:\/\/berti.net\/wp-content\/uploads\/2024\/10\/berti-parquet-e-pavimenti-in-legno-resina_2022-02.jpg 1693w\" sizes=\"auto, (max-width: 1024px) 100vw, 1024px\" \/><\/figure>\n\n\n\n<figure class=\"wp-block-image size-large is-style-default\"><img loading=\"lazy\" decoding=\"async\" width=\"918\" height=\"1024\" src=\"https:\/\/www.berti.net\/wp-content\/uploads\/2024\/10\/berti-parquet-e-pavimenti-in-legno-resina_2022-03-918x1024.jpg\" alt=\"\" class=\"wp-image-7006\" srcset=\"https:\/\/berti.net\/wp-content\/uploads\/2024\/10\/berti-parquet-e-pavimenti-in-legno-resina_2022-03-918x1024.jpg 918w, https:\/\/berti.net\/wp-content\/uploads\/2024\/10\/berti-parquet-e-pavimenti-in-legno-resina_2022-03-269x300.jpg 269w, https:\/\/berti.net\/wp-content\/uploads\/2024\/10\/berti-parquet-e-pavimenti-in-legno-resina_2022-03-768x857.jpg 768w, https:\/\/berti.net\/wp-content\/uploads\/2024\/10\/berti-parquet-e-pavimenti-in-legno-resina_2022-03.jpg 1165w\" sizes=\"auto, (max-width: 918px) 100vw, 918px\" \/><\/figure>\n\n\n\n<figure class=\"wp-block-image size-large is-style-default\"><img loading=\"lazy\" decoding=\"async\" width=\"1024\" height=\"786\" src=\"https:\/\/www.berti.net\/wp-content\/uploads\/2024\/10\/berti-parquet-e-pavimenti-in-legno-resina-verde-1024x786.jpg\" alt=\"\" class=\"wp-image-7009\" srcset=\"https:\/\/berti.net\/wp-content\/uploads\/2024\/10\/berti-parquet-e-pavimenti-in-legno-resina-verde-1024x786.jpg 1024w, https:\/\/berti.net\/wp-content\/uploads\/2024\/10\/berti-parquet-e-pavimenti-in-legno-resina-verde-300x230.jpg 300w, https:\/\/berti.net\/wp-content\/uploads\/2024\/10\/berti-parquet-e-pavimenti-in-legno-resina-verde-768x590.jpg 768w, https:\/\/berti.net\/wp-content\/uploads\/2024\/10\/berti-parquet-e-pavimenti-in-legno-resina-verde-1536x1179.jpg 1536w, https:\/\/berti.net\/wp-content\/uploads\/2024\/10\/berti-parquet-e-pavimenti-in-legno-resina-verde.jpg 1693w\" sizes=\"auto, (max-width: 1024px) 100vw, 1024px\" \/><\/figure>\n<\/div>\n<\/div>\n\n\n\n<div class=\"wp-block-group post-categories has-global-padding is-content-justification-left is-layout-constrained wp-container-core-group-is-layout-836d34cb wp-block-group-is-layout-constrained\" style=\"margin-top:var(--wp--preset--spacing--70);font-size:11px\">\n<div class=\"wp-block-group is-content-justification-center is-nowrap is-layout-flex wp-container-core-group-is-layout-60758a6d wp-block-group-is-layout-flex\">\n<p>Magazine \/<\/p>\n\n\n<div class=\"taxonomy-category wp-block-post-terms\"><a href=\"https:\/\/berti.net\/fr\/magazine\/category\/products-fr\/\" rel=\"tag\">Products<\/a><span class=\"wp-block-post-terms__separator\">, <\/span><a href=\"https:\/\/berti.net\/fr\/magazine\/category\/projects-fr\/\" rel=\"tag\">Projects<\/a><\/div><\/div>\n<\/div>\n<\/div>\n","protected":false},"excerpt":{"rendered":"<p>Parquets incrust\u00e9s design et sur mesure. Pour ceux qui veulent combiner beaut\u00e9 et durabilit\u00e9 au m\u00eame endroit. <\/p>\n","protected":false},"author":9,"featured_media":7002,"comment_status":"closed","ping_status":"closed","sticky":false,"template":"","format":"standard","meta":{"footnotes":""},"categories":[45,47],"tags":[],"class_list":["post-15565","post","type-post","status-publish","format-standard","has-post-thumbnail","hentry","category-products-fr","category-projects-fr"],"_links":{"self":[{"href":"https:\/\/berti.net\/fr\/wp-json\/wp\/v2\/posts\/15565","targetHints":{"allow":["GET"]}}],"collection":[{"href":"https:\/\/berti.net\/fr\/wp-json\/wp\/v2\/posts"}],"about":[{"href":"https:\/\/berti.net\/fr\/wp-json\/wp\/v2\/types\/post"}],"author":[{"embeddable":true,"href":"https:\/\/berti.net\/fr\/wp-json\/wp\/v2\/users\/9"}],"replies":[{"embeddable":true,"href":"https:\/\/berti.net\/fr\/wp-json\/wp\/v2\/comments?post=15565"}],"version-history":[{"count":5,"href":"https:\/\/berti.net\/fr\/wp-json\/wp\/v2\/posts\/15565\/revisions"}],"predecessor-version":[{"id":20948,"href":"https:\/\/berti.net\/fr\/wp-json\/wp\/v2\/posts\/15565\/revisions\/20948"}],"wp:featuredmedia":[{"embeddable":true,"href":"https:\/\/berti.net\/fr\/wp-json\/wp\/v2\/media\/7002"}],"wp:attachment":[{"href":"https:\/\/berti.net\/fr\/wp-json\/wp\/v2\/media?parent=15565"}],"wp:term":[{"taxonomy":"category","embeddable":true,"href":"https:\/\/berti.net\/fr\/wp-json\/wp\/v2\/categories?post=15565"},{"taxonomy":"post_tag","embeddable":true,"href":"https:\/\/berti.net\/fr\/wp-json\/wp\/v2\/tags?post=15565"}],"curies":[{"name":"wp","href":"https:\/\/api.w.org\/{rel}","templated":true}]}}