{"id":15562,"date":"2020-01-28T12:58:15","date_gmt":"2020-01-28T12:58:15","guid":{"rendered":"https:\/\/www.berti.net\/magazine\/bienvenue-dans-la-nouvelle-annee-2020\/"},"modified":"2025-05-19T09:27:13","modified_gmt":"2025-05-19T09:27:13","slug":"bienvenue-dans-la-nouvelle-annee-2020","status":"publish","type":"post","link":"https:\/\/berti.net\/fr\/magazine\/bienvenue-dans-la-nouvelle-annee-2020\/","title":{"rendered":"Bienvenue dans la nouvelle ann\u00e9e 2020 !"},"content":{"rendered":"\n<div class=\"wp-block-group post-detail-pattern is-container has-base-2-color has-contrast-background-color has-text-color has-background has-link-color wp-elements-ba9e1c951d30fbead3ff7bd97e852d51 has-global-padding is-layout-constrained wp-block-group-is-layout-constrained\" style=\"margin-top:0;margin-bottom:0;padding-top:var(--wp--preset--spacing--70);padding-bottom:var(--wp--preset--spacing--70)\">\n<div class=\"wp-block-columns alignwide is-layout-flex wp-container-core-columns-is-layout-d125203f wp-block-columns-is-layout-flex\" style=\"margin-bottom:var(--wp--preset--spacing--50)\">\n<div class=\"wp-block-column is-vertically-aligned-stretch is-layout-flow wp-block-column-is-layout-flow\" style=\"padding-right:0;flex-basis:50%\">\n<div class=\"wp-block-group is-vertical is-content-justification-stretch is-layout-flex wp-container-core-group-is-layout-e9e70883 wp-block-group-is-layout-flex\" style=\"min-height:100%\">\n<div class=\"wp-block-group post-categories is-nowrap is-layout-flex wp-container-core-group-is-layout-3155b93e wp-block-group-is-layout-flex\" style=\"margin-top:var(--wp--preset--spacing--20);font-size:11px\">\n<p>Magazine \/<\/p>\n\n\n<div class=\"taxonomy-category wp-block-post-terms\"><a href=\"https:\/\/berti.net\/fr\/magazine\/category\/products-fr\/\" rel=\"tag\">Products<\/a><span class=\"wp-block-post-terms__separator\">, <\/span><a href=\"https:\/\/berti.net\/fr\/magazine\/category\/events-fr\/\" rel=\"tag\">Events<\/a><\/div><\/div>\n\n\n<div style=\"font-style:normal;font-weight:600;text-transform:uppercase;\" class=\"has-link-color wp-elements-32859cd979b45056895d81c5660c23a0 wp-block-post-date has-text-color has-base-color has-s-font-size\"><time datetime=\"2020-01-28T12:58:15+00:00\">28 janvier 2020<\/time><\/div>\n\n\n<h1 class=\"wp-block-heading post-title\">Bienvenue dans la nouvelle ann\u00e9e <strong>2020<\/strong>!<\/h1>\n\n\n\n<h1 class=\"wp-block-heading post-subtitle\" style=\"margin-bottom:var(--wp--preset--spacing--20)\"><strong>Domotex 2020<em>, l&rsquo;<\/em><\/strong>\u00e9v\u00e9nement de r\u00e9f\u00e9rence pour d\u00e9couvrir les derni\u00e8res tendances du march\u00e9 international des rev\u00eatements de sol, est un moment cl\u00e9 pour rencontrer des acheteurs, des partenaires, des architectes et des designers du monde entier, en activant des relations d&rsquo;affaires et des collaborations.<strong> Trente-cinq mille personnes, dont 70 % d&rsquo;\u00e9trangers, ont visit\u00e9 les 1400 exposants de plus de 60 pays<\/strong>.<\/h1>\n\n\n\n<p>Selon Andrea Grochow, responsable de l&rsquo;\u00e9v\u00e9nement, \u00a0\u00bbles chiffres de participation refl\u00e8tent une tendance continue vers une plus grande concentration du march\u00e9 avec une nouvelle augmentation de la proportion de professionnels de haut niveau, un facteur important pour la croissance du march\u00e9 en 2020&Prime;.<\/p>\n\n\n\n<p>Avec un look <em>blanc absolu <\/em>et pour la deuxi\u00e8me ann\u00e9e cons\u00e9cutive,<br\/><strong>Berti <\/strong> <strong>a attir\u00e9 les visiteurs avec un<\/strong><strong>aper\u00e7u de produits tr\u00e8s cr\u00e9atifs et innovants qui proviennent de la combinaison de la tradition artistique et de la recherche expressive en mati\u00e8re de design.<\/strong><\/p>\n\n\n\n<figure class=\"wp-block-image size-full\"><img loading=\"lazy\" decoding=\"async\" width=\"1200\" height=\"800\" src=\"https:\/\/www.berti.net\/wp-content\/uploads\/2024\/10\/berti_domotex_blog_1200x800_2020_stand_02.jpg\" alt=\"\" class=\"wp-image-7326\" srcset=\"https:\/\/berti.net\/wp-content\/uploads\/2024\/10\/berti_domotex_blog_1200x800_2020_stand_02.jpg 1200w, https:\/\/berti.net\/wp-content\/uploads\/2024\/10\/berti_domotex_blog_1200x800_2020_stand_02-300x200.jpg 300w, https:\/\/berti.net\/wp-content\/uploads\/2024\/10\/berti_domotex_blog_1200x800_2020_stand_02-1024x683.jpg 1024w, https:\/\/berti.net\/wp-content\/uploads\/2024\/10\/berti_domotex_blog_1200x800_2020_stand_02-768x512.jpg 768w\" sizes=\"auto, (max-width: 1200px) 100vw, 1200px\" \/><\/figure>\n\n\n\n<p>Pour la collection <a href=\"https:\/\/www.berti.net\/product\/prodotti-inspiration\/\" target=\"_blank\" rel=\"noreferrer noopener\"><strong>Berti Studio<\/strong><\/a>deux nouvelles couleurs<strong>(TerraGold<\/strong> et <strong>Greyish<\/strong>) sur des planches <strong>grand format<\/strong> et une s\u00e9rie exclusive de planches embellies avec des<strong> m\u00e9taux liquides et des r\u00e9sines color\u00e9es &#8211;<\/strong>id\u00e9ales pour les <strong>environnements importants<\/strong> tels que les h\u00f4tels, les r\u00e9sidences, les zones commerciales<strong>.<\/strong><\/p>\n\n\n\n<figure class=\"wp-block-image size-full\"><img loading=\"lazy\" decoding=\"async\" width=\"1200\" height=\"800\" src=\"https:\/\/www.berti.net\/wp-content\/uploads\/2024\/10\/berti_domotex_blog_1200x800_2020_bstudio.jpg\" alt=\"\" class=\"wp-image-7334\" srcset=\"https:\/\/berti.net\/wp-content\/uploads\/2024\/10\/berti_domotex_blog_1200x800_2020_bstudio.jpg 1200w, https:\/\/berti.net\/wp-content\/uploads\/2024\/10\/berti_domotex_blog_1200x800_2020_bstudio-300x200.jpg 300w, https:\/\/berti.net\/wp-content\/uploads\/2024\/10\/berti_domotex_blog_1200x800_2020_bstudio-1024x683.jpg 1024w, https:\/\/berti.net\/wp-content\/uploads\/2024\/10\/berti_domotex_blog_1200x800_2020_bstudio-768x512.jpg 768w\" sizes=\"auto, (max-width: 1200px) 100vw, 1200px\" \/><\/figure>\n\n\n\n<figure class=\"wp-block-image size-full\"><img loading=\"lazy\" decoding=\"async\" width=\"1200\" height=\"800\" src=\"https:\/\/www.berti.net\/wp-content\/uploads\/2024\/10\/berti_domotex_blog_1200x800_2020.jpg\" alt=\"\" class=\"wp-image-7376\" srcset=\"https:\/\/berti.net\/wp-content\/uploads\/2024\/10\/berti_domotex_blog_1200x800_2020.jpg 1200w, https:\/\/berti.net\/wp-content\/uploads\/2024\/10\/berti_domotex_blog_1200x800_2020-300x200.jpg 300w, https:\/\/berti.net\/wp-content\/uploads\/2024\/10\/berti_domotex_blog_1200x800_2020-1024x683.jpg 1024w, https:\/\/berti.net\/wp-content\/uploads\/2024\/10\/berti_domotex_blog_1200x800_2020-768x512.jpg 768w\" sizes=\"auto, (max-width: 1200px) 100vw, 1200px\" \/><\/figure>\n\n\n\n<p>Inspir\u00e9e par des \u00e9l\u00e9ments naturels, des motifs g\u00e9om\u00e9triques et des d\u00e9corations traditionnelles remarquables, la collection exclusive de <a href=\"https:\/\/www.berti.net\/product\/collezione-quadrotte-square-space\/\" target=\"_blank\" rel=\"noreferrer noopener\"><strong>Dalles de parquet <\/strong><\/a>qui c\u00e9l\u00e8bre le voyage comme un moment de cr\u00e9ativit\u00e9 : de Venezia au Costa Rica, tous les motifs font r\u00e9f\u00e9rence \u00e0 la nature et \u00e0 la beaut\u00e9 des lieux.<\/p>\n\n\n\n<p>Pr\u00e9sence incontournable au salon de la collection <strong><a href=\"https:\/\/www.berti.net\/collection\/diesel-living-with-berti\/\" target=\"_blank\" rel=\"noreferrer noopener\">Diesel Living<\/a> <\/strong>, avec une proposition originale et expressive de Shadows et l&rsquo;objectif d&rsquo;offrir une large gamme de produits \u00e0 travers lesquels <strong>le confort<\/strong> et la <strong>beaut\u00e9<\/strong> deviennent d&rsquo;authentiques leitmotivs du <strong>bien-vivre<\/strong>!<\/p>\n\n\n\n<figure class=\"wp-block-image size-full\"><img loading=\"lazy\" decoding=\"async\" width=\"1200\" height=\"1200\" src=\"https:\/\/www.berti.net\/wp-content\/uploads\/2024\/10\/berti_domotex-2020_giorno-1_001.jpg\" alt=\"\" class=\"wp-image-7410\" srcset=\"https:\/\/berti.net\/wp-content\/uploads\/2024\/10\/berti_domotex-2020_giorno-1_001.jpg 1200w, https:\/\/berti.net\/wp-content\/uploads\/2024\/10\/berti_domotex-2020_giorno-1_001-300x300.jpg 300w, https:\/\/berti.net\/wp-content\/uploads\/2024\/10\/berti_domotex-2020_giorno-1_001-1024x1024.jpg 1024w, https:\/\/berti.net\/wp-content\/uploads\/2024\/10\/berti_domotex-2020_giorno-1_001-150x150.jpg 150w, https:\/\/berti.net\/wp-content\/uploads\/2024\/10\/berti_domotex-2020_giorno-1_001-768x768.jpg 768w\" sizes=\"auto, (max-width: 1200px) 100vw, 1200px\" \/><\/figure>\n\n\n\n<p class=\"has-xxs-font-size\"><a href=\"https:\/\/www.berti.net\/product\/diesel-living-with-berti-prodotti-special\/\" target=\"_blank\" rel=\"noreferrer noopener\">Diesel Living avec Berti | Grey Shadow<\/a><\/p>\n\n\n\n<p><a href=\"https:\/\/www.berti.net\/downloads\/\" target=\"_blank\" rel=\"noreferrer noopener\"><strong>\u21b3Download catalogues<\/strong><\/a><\/p>\n\n\n\n<p><strong><a href=\"https:\/\/www.syncronia.com\/it\/download-texture-3d-diesel-living-with-berti\" target=\"_blank\" rel=\"noreferrer noopener\">\u21b3Download file bim 3 Diesel Living with Berti<\/a><\/strong><\/p>\n\n\n\n<p><a href=\"https:\/\/www.syncronia.com\/it\/produttori\/modelli-3d-bim-cad-pavimenti-altri-materiali-berti\" target=\"_blank\" rel=\"noreferrer noopener\"><strong>\u21b3Download file bim 3 Collection Dalles de parquet Square Space<\/strong><\/a><\/p>\n<\/div>\n<\/div>\n\n\n\n<div class=\"wp-block-column is-layout-flow wp-container-core-column-is-layout-22223934 wp-block-column-is-layout-flow\" style=\"flex-basis:50%\">\n<figure class=\"wp-block-image size-full is-style-default\"><img loading=\"lazy\" decoding=\"async\" width=\"871\" height=\"1140\" src=\"https:\/\/www.berti.net\/wp-content\/uploads\/2024\/10\/berti_domotex_blog_1200x800_2020_stand.jpg\" alt=\"\" class=\"wp-image-7323\" srcset=\"https:\/\/berti.net\/wp-content\/uploads\/2024\/10\/berti_domotex_blog_1200x800_2020_stand.jpg 871w, https:\/\/berti.net\/wp-content\/uploads\/2024\/10\/berti_domotex_blog_1200x800_2020_stand-229x300.jpg 229w, https:\/\/berti.net\/wp-content\/uploads\/2024\/10\/berti_domotex_blog_1200x800_2020_stand-782x1024.jpg 782w, https:\/\/berti.net\/wp-content\/uploads\/2024\/10\/berti_domotex_blog_1200x800_2020_stand-768x1005.jpg 768w\" sizes=\"auto, (max-width: 871px) 100vw, 871px\" \/><\/figure>\n\n\n\n<figure class=\"wp-block-image size-full\"><img loading=\"lazy\" decoding=\"async\" width=\"1200\" height=\"800\" src=\"https:\/\/www.berti.net\/wp-content\/uploads\/2024\/10\/berti_domotex_blog_1200x800_2020_stand_01.jpg\" alt=\"\" class=\"wp-image-7330\" srcset=\"https:\/\/berti.net\/wp-content\/uploads\/2024\/10\/berti_domotex_blog_1200x800_2020_stand_01.jpg 1200w, https:\/\/berti.net\/wp-content\/uploads\/2024\/10\/berti_domotex_blog_1200x800_2020_stand_01-300x200.jpg 300w, https:\/\/berti.net\/wp-content\/uploads\/2024\/10\/berti_domotex_blog_1200x800_2020_stand_01-1024x683.jpg 1024w, https:\/\/berti.net\/wp-content\/uploads\/2024\/10\/berti_domotex_blog_1200x800_2020_stand_01-768x512.jpg 768w\" sizes=\"auto, (max-width: 1200px) 100vw, 1200px\" \/><\/figure>\n<\/div>\n<\/div>\n\n\n\n<div class=\"wp-block-group post-categories has-global-padding is-content-justification-left is-layout-constrained wp-container-core-group-is-layout-836d34cb wp-block-group-is-layout-constrained\" style=\"margin-top:var(--wp--preset--spacing--70);font-size:11px\">\n<div class=\"wp-block-group is-content-justification-center is-nowrap is-layout-flex wp-container-core-group-is-layout-60758a6d wp-block-group-is-layout-flex\">\n<p>Magazine \/<\/p>\n\n\n<div class=\"taxonomy-category wp-block-post-terms\"><a href=\"https:\/\/berti.net\/fr\/magazine\/category\/products-fr\/\" rel=\"tag\">Products<\/a><span class=\"wp-block-post-terms__separator\">, <\/span><a href=\"https:\/\/berti.net\/fr\/magazine\/category\/events-fr\/\" rel=\"tag\">Events<\/a><\/div><\/div>\n<\/div>\n<\/div>\n\n<p><\/p>\n","protected":false},"excerpt":{"rendered":"<p>Domotex 2020, l&rsquo;\u00e9v\u00e9nement de r\u00e9f\u00e9rence pour d\u00e9couvrir les derni\u00e8res tendances du march\u00e9 international des rev\u00eatements de sol, est un moment cl\u00e9 pour rencontrer des acheteurs, des partenaires, des architectes et des designers du monde entier, en activant les relations d&rsquo;affaires et les collaborations.<\/p>\n","protected":false},"author":9,"featured_media":7325,"comment_status":"closed","ping_status":"closed","sticky":false,"template":"","format":"standard","meta":{"footnotes":""},"categories":[45,43],"tags":[],"class_list":["post-15562","post","type-post","status-publish","format-standard","has-post-thumbnail","hentry","category-products-fr","category-events-fr"],"_links":{"self":[{"href":"https:\/\/berti.net\/fr\/wp-json\/wp\/v2\/posts\/15562","targetHints":{"allow":["GET"]}}],"collection":[{"href":"https:\/\/berti.net\/fr\/wp-json\/wp\/v2\/posts"}],"about":[{"href":"https:\/\/berti.net\/fr\/wp-json\/wp\/v2\/types\/post"}],"author":[{"embeddable":true,"href":"https:\/\/berti.net\/fr\/wp-json\/wp\/v2\/users\/9"}],"replies":[{"embeddable":true,"href":"https:\/\/berti.net\/fr\/wp-json\/wp\/v2\/comments?post=15562"}],"version-history":[{"count":2,"href":"https:\/\/berti.net\/fr\/wp-json\/wp\/v2\/posts\/15562\/revisions"}],"predecessor-version":[{"id":20979,"href":"https:\/\/berti.net\/fr\/wp-json\/wp\/v2\/posts\/15562\/revisions\/20979"}],"wp:featuredmedia":[{"embeddable":true,"href":"https:\/\/berti.net\/fr\/wp-json\/wp\/v2\/media\/7325"}],"wp:attachment":[{"href":"https:\/\/berti.net\/fr\/wp-json\/wp\/v2\/media?parent=15562"}],"wp:term":[{"taxonomy":"category","embeddable":true,"href":"https:\/\/berti.net\/fr\/wp-json\/wp\/v2\/categories?post=15562"},{"taxonomy":"post_tag","embeddable":true,"href":"https:\/\/berti.net\/fr\/wp-json\/wp\/v2\/tags?post=15562"}],"curies":[{"name":"wp","href":"https:\/\/api.w.org\/{rel}","templated":true}]}}