{"id":15561,"date":"2021-11-18T09:21:22","date_gmt":"2021-11-18T09:21:22","guid":{"rendered":"https:\/\/www.berti.net\/magazine\/parquet-et-perspectives-davenir-evenement-aipi\/"},"modified":"2025-05-19T09:26:47","modified_gmt":"2025-05-19T09:26:47","slug":"parquet-et-perspectives-davenir-evenement-aipi","status":"publish","type":"post","link":"https:\/\/berti.net\/fr\/magazine\/parquet-et-perspectives-davenir-evenement-aipi\/","title":{"rendered":"Parquet et perspectives d&rsquo;avenir : \u00e9v\u00e9nement AIPI"},"content":{"rendered":"\n<div class=\"wp-block-group post-detail-pattern is-container has-base-2-color has-contrast-background-color has-text-color has-background has-link-color wp-elements-ff48b67cb0533434ebf6febac359fa49 has-global-padding is-layout-constrained wp-block-group-is-layout-constrained\" style=\"margin-top:0;margin-bottom:0;padding-top:var(--wp--preset--spacing--70);padding-bottom:var(--wp--preset--spacing--70)\">\n<div class=\"wp-block-columns alignwide is-layout-flex wp-container-core-columns-is-layout-d125203f wp-block-columns-is-layout-flex\" style=\"margin-bottom:var(--wp--preset--spacing--50)\">\n<div class=\"wp-block-column is-vertically-aligned-stretch is-layout-flow wp-block-column-is-layout-flow\" style=\"padding-right:0;flex-basis:50%\">\n<div class=\"wp-block-group is-vertical is-content-justification-stretch is-layout-flex wp-container-core-group-is-layout-e9e70883 wp-block-group-is-layout-flex\" style=\"min-height:100%\">\n<div class=\"wp-block-group post-categories is-nowrap is-layout-flex wp-container-core-group-is-layout-3155b93e wp-block-group-is-layout-flex\" style=\"margin-top:var(--wp--preset--spacing--20);font-size:11px\">\n<p>Magazine \/<\/p>\n\n\n<div class=\"taxonomy-category wp-block-post-terms\"><a href=\"https:\/\/berti.net\/fr\/magazine\/category\/products-fr\/\" rel=\"tag\">Products<\/a><span class=\"wp-block-post-terms__separator\">, <\/span><a href=\"https:\/\/berti.net\/fr\/magazine\/category\/events-fr\/\" rel=\"tag\">Events<\/a><\/div><\/div>\n\n\n<div style=\"font-style:normal;font-weight:600;text-transform:uppercase;\" class=\"has-link-color wp-elements-32859cd979b45056895d81c5660c23a0 wp-block-post-date has-text-color has-base-color has-s-font-size\"><time datetime=\"2021-11-18T09:21:22+00:00\">18 novembre 2021<\/time><\/div>\n\n\n<h1 class=\"wp-block-heading post-title\">Parquet et perspectives d&rsquo;avenir : <strong>\u00e9v\u00e9nement AIPI<\/strong><\/h1>\n\n\n\n<h2 class=\"wp-block-heading post-subtitle\" style=\"margin-bottom:var(--wp--preset--spacing--20)\">Le <strong>vendredi 12 novembre<\/strong>, le <strong>Berti Pavimenti<\/strong> de Legno a accueilli le premier \u00e9v\u00e9nement apr\u00e8s cette longue p\u00e9riode d&rsquo;inactivit\u00e9 due \u00e0 la pand\u00e9mie : <strong>\u00a0\u00bbNouvelles opportunit\u00e9s et nouvelle vision de l&rsquo;avenir professionnel\u00a0\u00bb<\/strong>, organis\u00e9 par la d\u00e9l\u00e9gation de Triveneto de l&rsquo;<strong>AIPI<\/strong> Associazione Italiana Progettisti d&rsquo;Interni.<\/h2>\n\n\n\n<h3 class=\"wp-block-heading has-m-font-size\">L&rsquo;objectif de cet \u00e9v\u00e9nement, dans le respect de la r\u00e9glementation <strong>anti-covidit\u00e9<\/strong>, \u00e9tait de r\u00e9unir les <strong>professionnels du secteur de l&rsquo;architecture<\/strong> et de la <strong>d\u00e9coration d&rsquo;int\u00e9rieur<\/strong> afin de d\u00e9velopper de nouveaux liens en racontant les perspectives d&rsquo;avenir.<\/h3>\n\n\n\n<p>Au cours de la matin\u00e9e, les invit\u00e9s ont pu d\u00e9couvrir l&rsquo;entreprise et sa longue histoire transmise de p\u00e8re en fils depuis trois g\u00e9n\u00e9rations. Les diff\u00e9rentes collections propos\u00e9es sur le march\u00e9 ont ensuite \u00e9t\u00e9 analys\u00e9es et d\u00e9crites avec leurs particularit\u00e9s et, dans une perspective d&rsquo;avenir, les invit\u00e9s ont \u00e9t\u00e9 inform\u00e9s des nouveaux projets en cours, qui ne sont plus uniquement orient\u00e9s vers les sols en bois ; en effet, depuis <strong>un certain temps <\/strong>, Berti <strong>s&rsquo;oriente vers d&rsquo;autres types de produits dans le secteur de l&rsquo;ameublement, <\/strong>tout en conservant la forte composante du<strong> bois<\/strong>. <\/p>\n\n\n\n<p>Un exemple clair de ce nouveau changement de direction est le projet <a href=\"https:\/\/www.berti.net\/prodotti\/piani-bagno\/\" target=\"_blank\" rel=\"noreferrer noopener\">\u00a0\u00bb<strong>Piano Bagno<\/strong>\u00a0\u00bb<\/a>qui, en utilisant du parquet au sol et du bois sur les \u00e9tag\u00e8res, vise \u00e0 recr\u00e9er une atmosph\u00e8re de d\u00e9tente et un retour \u00e0 la puret\u00e9 dans la pi\u00e8ce la plus intime du paysage domestique.<\/p>\n\n\n\n<p>Berti travaille \u00e0 la cr\u00e9ation d&rsquo;un produit de <strong>placage<\/strong> en bois tr\u00e8s fin et donc tr\u00e8s polyvalent, qui peut \u00eatre personnalis\u00e9 \u00e0 l&rsquo;aide de l&rsquo;impression num\u00e9rique avec n&rsquo;importe quel graphisme sans aucune limitation visuelle.<\/p>\n\n\n\n<p>Ce ne sont l\u00e0 que quelques-uns des nouveaux projets mis en \u0153uvre par Berti, toujours \u00e0 l&rsquo;avant-garde et \u00e0 la recherche de perspectives d&rsquo;avenir et de <strong>stimuli diff\u00e9rents pour occuper de nouvelles pi\u00e8ces de la maison<\/strong>, pour en faire un lieu accueillant avec l&rsquo;aide du bois, sur mesure pour chaque besoin.<\/p>\n\n\n\n<p>Ce focus a \u00e9t\u00e9 suivi d&rsquo;une visite du d\u00e9partement de production de l&rsquo;entreprise afin de montrer les diff\u00e9rentes <strong>\u00e9tapes de la transformation du bois<\/strong>: conception, collage, peinture, moulage, profilage et traitement de surface ; et de donner aux invit\u00e9s l&rsquo;occasion de se familiariser avec les produits et les diff\u00e9rentes techniques de fabrication.<\/p>\n\n\n\n<figure class=\"wp-block-image size-full is-style-default\"><img loading=\"lazy\" decoding=\"async\" width=\"590\" height=\"393\" src=\"https:\/\/www.berti.net\/wp-content\/uploads\/2024\/10\/evento-parquet-legnointarsiato-berti_pavimenti.jpg\" alt=\"\" class=\"wp-image-7151\" srcset=\"https:\/\/berti.net\/wp-content\/uploads\/2024\/10\/evento-parquet-legnointarsiato-berti_pavimenti.jpg 590w, https:\/\/berti.net\/wp-content\/uploads\/2024\/10\/evento-parquet-legnointarsiato-berti_pavimenti-300x200.jpg 300w\" sizes=\"auto, (max-width: 590px) 100vw, 590px\" \/><\/figure>\n\n\n\n<p>Imm\u00e9diatement apr\u00e8s, les invit\u00e9s ont visit\u00e9 la Berti <strong>Guest House<\/strong> pour admirer, tout en d\u00e9gustant un ap\u00e9ritif, les d\u00e9tails pr\u00e9cieux des sols marquet\u00e9s avec des inserts de nacre et des bois pr\u00e9cieux.<\/p>\n\n\n\n<figure class=\"wp-block-image size-full is-style-default\"><img loading=\"lazy\" decoding=\"async\" width=\"590\" height=\"401\" src=\"https:\/\/www.berti.net\/wp-content\/uploads\/2024\/10\/evento_parquet_pavimento-intarsiato_guest-house-berti-1.jpg\" alt=\"\" class=\"wp-image-7154\" srcset=\"https:\/\/berti.net\/wp-content\/uploads\/2024\/10\/evento_parquet_pavimento-intarsiato_guest-house-berti-1.jpg 590w, https:\/\/berti.net\/wp-content\/uploads\/2024\/10\/evento_parquet_pavimento-intarsiato_guest-house-berti-1-300x204.jpg 300w\" sizes=\"auto, (max-width: 590px) 100vw, 590px\" \/><\/figure>\n\n\n\n<p>La deuxi\u00e8me partie de la journ\u00e9e a \u00e9t\u00e9 consacr\u00e9e \u00e0 l&rsquo;<strong>Association italienne des d\u00e9corateurs d&rsquo;int\u00e9rieur<\/strong>, pr\u00e9sid\u00e9e par Antonio De Antonis et le vice-pr\u00e9sident Nicola Grandolini et coordonn\u00e9e par le d\u00e9l\u00e9gu\u00e9 de la V\u00e9n\u00e9tie Giorgio Cunico.<br\/>L&rsquo;Aipi est une association qui a \u00e9t\u00e9 fond\u00e9e en 1969 par un groupe d&rsquo;architectes et de designers importants de Milan, dont Franz Sartori et Del Lago, bient\u00f4t rejoints par Magistretti et Castiglioni.<\/p>\n\n\n\n<p>La mission de cette association est de <strong>rassembler les professionnels de l&rsquo;architecture et de l&rsquo;architecture d&rsquo;int\u00e9rieur pour qu&rsquo;ils coop\u00e8rent afin de sensibiliser le public \u00e0 la qualit\u00e9 de l&rsquo;architecture et de l&rsquo;architecture d&rsquo;int\u00e9rieur.<\/strong><\/p>\n\n\n\n<figure class=\"wp-block-image size-full is-style-default\"><img loading=\"lazy\" decoding=\"async\" width=\"590\" height=\"406\" src=\"https:\/\/www.berti.net\/wp-content\/uploads\/2024\/10\/evento-parquet-berti-aipi-1.jpg\" alt=\"\" class=\"wp-image-7157\" srcset=\"https:\/\/berti.net\/wp-content\/uploads\/2024\/10\/evento-parquet-berti-aipi-1.jpg 590w, https:\/\/berti.net\/wp-content\/uploads\/2024\/10\/evento-parquet-berti-aipi-1-300x206.jpg 300w\" sizes=\"auto, (max-width: 590px) 100vw, 590px\" \/><\/figure>\n\n\n\n<p>Ce n&rsquo;\u00e9tait que le <strong>premier \u00e9v\u00e9nement d&rsquo;une longue s\u00e9rie de manifestations<\/strong> destin\u00e9es \u00e0 toucher tous les cr\u00e9ateurs italiens inscrits \u00e0 l&rsquo;association.<\/p>\n\n\n\n<p>Si vous \u00eates int\u00e9ress\u00e9 par notre prochain \u00e9v\u00e9nement, veuillez envoyer un courriel \u00e0 <strong><em><a href=\"mailto:expressyourstyle@berti.net\">expressyourstyle@berti.net<\/a><\/em><\/strong><\/p>\n<\/div>\n<\/div>\n\n\n\n<div class=\"wp-block-column is-layout-flow wp-container-core-column-is-layout-22223934 wp-block-column-is-layout-flow\" style=\"flex-basis:50%\">\n<figure class=\"wp-block-image size-full is-style-default\"><img loading=\"lazy\" decoding=\"async\" width=\"590\" height=\"392\" src=\"https:\/\/www.berti.net\/wp-content\/uploads\/2024\/10\/evento-parquet-pavimenti-legno-berti-1.jpg\" alt=\"\" class=\"wp-image-7127\" srcset=\"https:\/\/berti.net\/wp-content\/uploads\/2024\/10\/evento-parquet-pavimenti-legno-berti-1.jpg 590w, https:\/\/berti.net\/wp-content\/uploads\/2024\/10\/evento-parquet-pavimenti-legno-berti-1-300x199.jpg 300w\" sizes=\"auto, (max-width: 590px) 100vw, 590px\" \/><\/figure>\n\n\n\n<figure class=\"wp-block-image size-full is-style-default\"><img loading=\"lazy\" decoding=\"async\" width=\"590\" height=\"410\" src=\"https:\/\/www.berti.net\/wp-content\/uploads\/2024\/10\/evento-parquet-legnointarsiato-berti-1.jpg\" alt=\"\" class=\"wp-image-7133\" srcset=\"https:\/\/berti.net\/wp-content\/uploads\/2024\/10\/evento-parquet-legnointarsiato-berti-1.jpg 590w, https:\/\/berti.net\/wp-content\/uploads\/2024\/10\/evento-parquet-legnointarsiato-berti-1-300x208.jpg 300w\" sizes=\"auto, (max-width: 590px) 100vw, 590px\" \/><\/figure>\n\n\n\n<figure class=\"wp-block-image size-full is-style-default\"><img loading=\"lazy\" decoding=\"async\" width=\"590\" height=\"408\" src=\"https:\/\/www.berti.net\/wp-content\/uploads\/2024\/10\/evento-parquet-produzione-berti_pavimenti.jpg\" alt=\"\" class=\"wp-image-7145\" srcset=\"https:\/\/berti.net\/wp-content\/uploads\/2024\/10\/evento-parquet-produzione-berti_pavimenti.jpg 590w, https:\/\/berti.net\/wp-content\/uploads\/2024\/10\/evento-parquet-produzione-berti_pavimenti-300x207.jpg 300w\" sizes=\"auto, (max-width: 590px) 100vw, 590px\" \/><\/figure>\n\n\n\n<figure class=\"wp-block-image size-full is-style-default\"><img loading=\"lazy\" decoding=\"async\" width=\"590\" height=\"416\" src=\"https:\/\/www.berti.net\/wp-content\/uploads\/2024\/10\/evento-parquet-pavimentointarsiato-berti-1.jpg\" alt=\"\" class=\"wp-image-7148\" srcset=\"https:\/\/berti.net\/wp-content\/uploads\/2024\/10\/evento-parquet-pavimentointarsiato-berti-1.jpg 590w, https:\/\/berti.net\/wp-content\/uploads\/2024\/10\/evento-parquet-pavimentointarsiato-berti-1-300x212.jpg 300w\" sizes=\"auto, (max-width: 590px) 100vw, 590px\" \/><\/figure>\n<\/div>\n<\/div>\n\n\n\n<div class=\"wp-block-group post-categories has-global-padding is-content-justification-left is-layout-constrained wp-container-core-group-is-layout-836d34cb wp-block-group-is-layout-constrained\" style=\"margin-top:var(--wp--preset--spacing--70);font-size:11px\">\n<div class=\"wp-block-group is-content-justification-center is-nowrap is-layout-flex wp-container-core-group-is-layout-60758a6d wp-block-group-is-layout-flex\">\n<p>Magazine \/<\/p>\n\n\n<div class=\"taxonomy-category wp-block-post-terms\"><a href=\"https:\/\/berti.net\/fr\/magazine\/category\/products-fr\/\" rel=\"tag\">Products<\/a><span class=\"wp-block-post-terms__separator\">, <\/span><a href=\"https:\/\/berti.net\/fr\/magazine\/category\/events-fr\/\" rel=\"tag\">Events<\/a><\/div><\/div>\n<\/div>\n<\/div>\n\n<p><\/p>\n","protected":false},"excerpt":{"rendered":"<p>Le vendredi 12 novembre, Berti Wood Flooring a organis\u00e9 le premier \u00e9v\u00e9nement apr\u00e8s cette longue p\u00e9riode d&rsquo;inactivit\u00e9 due \u00e0 la pand\u00e9mie : \u00a0\u00bbDe nouvelles opportunit\u00e9s et une nouvelle vision de l&rsquo;avenir professionnel\u00a0\u00bb.<\/p>\n","protected":false},"author":9,"featured_media":7129,"comment_status":"closed","ping_status":"closed","sticky":false,"template":"","format":"standard","meta":{"footnotes":""},"categories":[45,43],"tags":[],"class_list":["post-15561","post","type-post","status-publish","format-standard","has-post-thumbnail","hentry","category-products-fr","category-events-fr"],"_links":{"self":[{"href":"https:\/\/berti.net\/fr\/wp-json\/wp\/v2\/posts\/15561","targetHints":{"allow":["GET"]}}],"collection":[{"href":"https:\/\/berti.net\/fr\/wp-json\/wp\/v2\/posts"}],"about":[{"href":"https:\/\/berti.net\/fr\/wp-json\/wp\/v2\/types\/post"}],"author":[{"embeddable":true,"href":"https:\/\/berti.net\/fr\/wp-json\/wp\/v2\/users\/9"}],"replies":[{"embeddable":true,"href":"https:\/\/berti.net\/fr\/wp-json\/wp\/v2\/comments?post=15561"}],"version-history":[{"count":4,"href":"https:\/\/berti.net\/fr\/wp-json\/wp\/v2\/posts\/15561\/revisions"}],"predecessor-version":[{"id":20958,"href":"https:\/\/berti.net\/fr\/wp-json\/wp\/v2\/posts\/15561\/revisions\/20958"}],"wp:featuredmedia":[{"embeddable":true,"href":"https:\/\/berti.net\/fr\/wp-json\/wp\/v2\/media\/7129"}],"wp:attachment":[{"href":"https:\/\/berti.net\/fr\/wp-json\/wp\/v2\/media?parent=15561"}],"wp:term":[{"taxonomy":"category","embeddable":true,"href":"https:\/\/berti.net\/fr\/wp-json\/wp\/v2\/categories?post=15561"},{"taxonomy":"post_tag","embeddable":true,"href":"https:\/\/berti.net\/fr\/wp-json\/wp\/v2\/tags?post=15561"}],"curies":[{"name":"wp","href":"https:\/\/api.w.org\/{rel}","templated":true}]}}