{"id":15551,"date":"2019-09-23T14:24:53","date_gmt":"2019-09-23T14:24:53","guid":{"rendered":"https:\/\/www.berti.net\/magazine\/london-design-week-2019\/"},"modified":"2025-05-19T09:27:28","modified_gmt":"2025-05-19T09:27:28","slug":"london-design-week-2019","status":"publish","type":"post","link":"https:\/\/berti.net\/fr\/magazine\/london-design-week-2019\/","title":{"rendered":"LONDON DESIGN WEEK 2019"},"content":{"rendered":"\n<div class=\"wp-block-group post-detail-pattern is-container has-base-2-color has-contrast-background-color has-text-color has-background has-link-color wp-elements-d353da9566ef3a09c1d4a0951a6d40a5 has-global-padding is-layout-constrained wp-block-group-is-layout-constrained\" style=\"margin-top:0;margin-bottom:0;padding-top:var(--wp--preset--spacing--70);padding-bottom:var(--wp--preset--spacing--70)\">\n<div class=\"wp-block-columns alignwide is-layout-flex wp-container-core-columns-is-layout-d125203f wp-block-columns-is-layout-flex\" style=\"margin-bottom:var(--wp--preset--spacing--50)\">\n<div class=\"wp-block-column is-vertically-aligned-stretch is-layout-flow wp-block-column-is-layout-flow\" style=\"padding-right:0;flex-basis:50%\">\n<div class=\"wp-block-group is-vertical is-content-justification-stretch is-layout-flex wp-container-core-group-is-layout-e9e70883 wp-block-group-is-layout-flex\" style=\"min-height:100%\">\n<div class=\"wp-block-group post-categories is-nowrap is-layout-flex wp-container-core-group-is-layout-3155b93e wp-block-group-is-layout-flex\" style=\"margin-top:var(--wp--preset--spacing--20);font-size:11px\">\n<p>Magazine \/<\/p>\n\n\n<div class=\"taxonomy-category wp-block-post-terms\"><a href=\"https:\/\/berti.net\/fr\/magazine\/category\/products-fr\/\" rel=\"tag\">Products<\/a><span class=\"wp-block-post-terms__separator\">, <\/span><a href=\"https:\/\/berti.net\/fr\/magazine\/category\/events-fr\/\" rel=\"tag\">Events<\/a><\/div><\/div>\n\n\n<div style=\"font-style:normal;font-weight:600;text-transform:uppercase;\" class=\"has-link-color wp-elements-32859cd979b45056895d81c5660c23a0 wp-block-post-date has-text-color has-base-color has-s-font-size\"><time datetime=\"2019-09-23T14:24:53+00:00\">23 septembre 2019<\/time><\/div>\n\n\n<h1 class=\"wp-block-heading post-title\"><strong>LONDON<\/strong> <strong>DESIGN WEEK<\/strong> 2019<\/h1>\n\n\n\n<h3 class=\"wp-block-heading post-subtitle\" style=\"margin-bottom:var(--wp--preset--spacing--20)\">Nous venons de passer quatre jours au salon international du design dans le c\u0153ur cr\u00e9atif de <strong>Londres<\/strong>, au cours desquels nous avons pr\u00e9sent\u00e9 <strong>Berti<\/strong> et <strong>Diesel Living with Berti<\/strong> <strong>wood flooring<\/strong>.<\/h3>\n\n\n\n<p>Ces derni\u00e8res ann\u00e9es, la London <strong>Design Week<\/strong> est devenue l&rsquo;une des destinations les plus cr\u00e9atives d&rsquo;int\u00e9r\u00eat international, attirant plus de <strong>29 000 visiteurs<\/strong>, pour la plupart des professionnels.<br\/>L&rsquo;<strong>Old Truman Brewery<\/strong>, dans l&rsquo;East End de Londres, est c\u00e9l\u00e8bre pour avoir \u00e9t\u00e9 l&rsquo;une des plus grandes brasseries du 19e si\u00e8cle et constitue donc l&rsquo;endroit id\u00e9al pour accueillir la <strong>London Design Fair,<\/strong> gr\u00e2ce \u00e0 son atmosph\u00e8re post-industrielle.<\/p>\n\n\n\n<p><strong>LA GALERIE<\/strong> <a href=\"https:\/\/www.londondesignfair.co.uk\/bathroom-gallery\" target=\"_blank\" rel=\"noreferrer noopener\"><strong>DES SAL<\/strong><\/a> <strong>LES<\/strong> <strong>DE<\/strong> <strong>BAIN<\/strong><br\/>Les parquets Berti ont \u00e9t\u00e9 s\u00e9lectionn\u00e9s pour le projet<strong>\u00a0\u00bbDNA Made in Italy<\/strong>\u00a0\u00bb de l&rsquo;architecte Marco Poletti, qui a \u00e9t\u00e9 plac\u00e9 dans l&rsquo;\u00e9v\u00e9nement \u00a0\u00bb<strong>La Galerie des Salles de Bain<\/strong> \u00a0\u00bb &#8211; en collaboration avec l&rsquo;Association <strong>des Salles de Bain<\/strong>. <a href=\"https:\/\/www.elledecoration.co.uk\/design\/events\/a28695357\/london-design-fair-bathroom-gallery\/\" target=\"_blank\" rel=\"noreferrer noopener\"><strong>Elle Decoration Uk<\/strong><\/a> et le talentueux designer <strong>Ioana Lopascu<\/strong>.<\/p>\n\n\n\n<figure class=\"wp-block-image size-full\"><img loading=\"lazy\" decoding=\"async\" width=\"1200\" height=\"800\" src=\"https:\/\/www.berti.net\/wp-content\/uploads\/2024\/10\/blog-berti_parquet_LDF_1200x800_01.jpg\" alt=\"\" class=\"wp-image-7464\" srcset=\"https:\/\/berti.net\/wp-content\/uploads\/2024\/10\/blog-berti_parquet_LDF_1200x800_01.jpg 1200w, https:\/\/berti.net\/wp-content\/uploads\/2024\/10\/blog-berti_parquet_LDF_1200x800_01-300x200.jpg 300w, https:\/\/berti.net\/wp-content\/uploads\/2024\/10\/blog-berti_parquet_LDF_1200x800_01-1024x683.jpg 1024w, https:\/\/berti.net\/wp-content\/uploads\/2024\/10\/blog-berti_parquet_LDF_1200x800_01-768x512.jpg 768w\" sizes=\"auto, (max-width: 1200px) 100vw, 1200px\" \/><\/figure>\n\n\n\n<p><strong>HALL 11, STAND 6-7<\/strong><br\/>A travers cet \u00e9v\u00e9nement, l&rsquo;objectif \u00e9tait de proposer le style de l&rsquo;<strong>excellence italienne<\/strong> avec un espace d\u00e9di\u00e9 \u00e0 deux visions n\u00e9es de l&rsquo;id\u00e9e et de la n\u00e9cessit\u00e9 d&rsquo;\u00e9tudier la relation entre l&rsquo;\u00eatre humain et l&rsquo;habitat : <strong>Urban&amp;Nature<\/strong>, deux mondes aux antipodes et compl\u00e9mentaires \u00e0 la fois.<\/p>\n\n\n\n<figure class=\"wp-block-image size-full\"><img loading=\"lazy\" decoding=\"async\" width=\"798\" height=\"800\" src=\"https:\/\/www.berti.net\/wp-content\/uploads\/2024\/10\/blog-berti_parquet_LDF_1200x800_04.jpg\" alt=\"\" class=\"wp-image-7467\" srcset=\"https:\/\/berti.net\/wp-content\/uploads\/2024\/10\/blog-berti_parquet_LDF_1200x800_04.jpg 798w, https:\/\/berti.net\/wp-content\/uploads\/2024\/10\/blog-berti_parquet_LDF_1200x800_04-300x300.jpg 300w, https:\/\/berti.net\/wp-content\/uploads\/2024\/10\/blog-berti_parquet_LDF_1200x800_04-150x150.jpg 150w, https:\/\/berti.net\/wp-content\/uploads\/2024\/10\/blog-berti_parquet_LDF_1200x800_04-768x770.jpg 768w\" sizes=\"auto, (max-width: 798px) 100vw, 798px\" \/><\/figure>\n\n\n\n<p>\u00a0\u00bb<strong>Urban<\/strong>\u00a0\u00bb est le monde des couleurs vibrantes et des contrastes forts ; des tons froids qui, \u00e9clair\u00e9s par des points de lumi\u00e8re color\u00e9e, transmettent un conte de f\u00e9es moderne typiquement m\u00e9tropolitain.<br\/>Voici deux des produits les plus frappants de la collection <strong>Diesel Living with Berti<\/strong>, avec une forte charge expressive et une intensit\u00e9 chromatique \u00e0 l&rsquo;impact mat\u00e9riel incisif : <strong><a href=\"https:\/\/www.berti.net\/product\/diesel-living-with-berti-prodotti-true-colors\/\" target=\"_blank\" rel=\"noreferrer noopener\">True Indigo<\/a> et <a href=\"https:\/\/www.berti.net\/product\/diesel-living-with-berti-prodotti-special\/\" target=\"_blank\" rel=\"noreferrer noopener\">Black Shadow<\/a><\/strong>.<\/p>\n\n\n\n<figure class=\"wp-block-image size-full\"><img loading=\"lazy\" decoding=\"async\" width=\"1200\" height=\"800\" src=\"https:\/\/www.berti.net\/wp-content\/uploads\/2024\/10\/blog-berti_parquet_LDF_1200x800_02.jpg\" alt=\"\" class=\"wp-image-7473\" srcset=\"https:\/\/berti.net\/wp-content\/uploads\/2024\/10\/blog-berti_parquet_LDF_1200x800_02.jpg 1200w, https:\/\/berti.net\/wp-content\/uploads\/2024\/10\/blog-berti_parquet_LDF_1200x800_02-300x200.jpg 300w, https:\/\/berti.net\/wp-content\/uploads\/2024\/10\/blog-berti_parquet_LDF_1200x800_02-1024x683.jpg 1024w, https:\/\/berti.net\/wp-content\/uploads\/2024\/10\/blog-berti_parquet_LDF_1200x800_02-768x512.jpg 768w\" sizes=\"auto, (max-width: 1200px) 100vw, 1200px\" \/><\/figure>\n\n\n\n<p>La Vision<strong>\u00a0\u00bbNature<\/strong>\u00a0\u00bb, quant \u00e0 elle, prend vie et respire dans un environnement o\u00f9 les mat\u00e9riaux et les couleurs r\u00e9chauffent l&rsquo;espace et le r\u00e9g\u00e9n\u00e8rent avec des couleurs \u00e9motionnelles. Le sol en bois de cet espace, compos\u00e9 de la <a href=\"https:\/\/www.berti.net\/product\/collezione-quadrotte-square-space\/\" target=\"_blank\" rel=\"noreferrer noopener\"><strong>Dalles de parquet San Jos\u00e8<\/strong> <\/a>de la collection \u00a0\u00bbSquare Space\u00a0\u00bb, pr\u00e9sente un motif qui \u00e9voque les ondulations de la plage et les vagues de l&rsquo;oc\u00e9an, tandis que l&rsquo;alternance de couleurs chaudes \u00e9voque les troncs des for\u00eats. <\/p>\n\n\n\n<figure class=\"wp-block-image size-full\"><img loading=\"lazy\" decoding=\"async\" width=\"1200\" height=\"800\" src=\"https:\/\/www.berti.net\/wp-content\/uploads\/2024\/10\/blog-berti_parquet_LDF_1200x800_03.jpg\" alt=\"\" class=\"wp-image-7476\" srcset=\"https:\/\/berti.net\/wp-content\/uploads\/2024\/10\/blog-berti_parquet_LDF_1200x800_03.jpg 1200w, https:\/\/berti.net\/wp-content\/uploads\/2024\/10\/blog-berti_parquet_LDF_1200x800_03-300x200.jpg 300w, https:\/\/berti.net\/wp-content\/uploads\/2024\/10\/blog-berti_parquet_LDF_1200x800_03-1024x683.jpg 1024w, https:\/\/berti.net\/wp-content\/uploads\/2024\/10\/blog-berti_parquet_LDF_1200x800_03-768x512.jpg 768w\" sizes=\"auto, (max-width: 1200px) 100vw, 1200px\" \/><\/figure>\n\n\n\n<p><a href=\"https:\/\/www.pinterest.it\/bertipavimenti\/pins\/\" target=\"_blank\" rel=\"noreferrer noopener\"><strong>  Galerie Pinterest<\/strong><\/a><\/p>\n\n\n\n<p><a href=\"https:\/\/www.berti.net\/downloads\/\" target=\"_blank\" rel=\"noreferrer noopener\"><strong>  Parcourir le catalogue<\/strong><\/a><\/p>\n\n\n\n<p><a href=\"https:\/\/www.syncronia.com\/it\/download-texture-3d-diesel-living-with-berti\" target=\"_blank\" rel=\"noreferrer noopener\"><strong>  T\u00e9l\u00e9chargez les textures, mod\u00e8les 3D et fichiers BIM de la collection Diesel Living with Berti<\/strong><\/a><\/p>\n<\/div>\n<\/div>\n\n\n\n<div class=\"wp-block-column is-layout-flow wp-container-core-column-is-layout-22223934 wp-block-column-is-layout-flow\" style=\"flex-basis:50%\">\n<figure class=\"wp-block-image size-full is-style-default\"><img loading=\"lazy\" decoding=\"async\" width=\"1200\" height=\"800\" src=\"https:\/\/www.berti.net\/wp-content\/uploads\/2024\/10\/blog-berti_parquet_LDF_1200x800_05.jpg\" alt=\"\" class=\"wp-image-7459\" srcset=\"https:\/\/berti.net\/wp-content\/uploads\/2024\/10\/blog-berti_parquet_LDF_1200x800_05.jpg 1200w, https:\/\/berti.net\/wp-content\/uploads\/2024\/10\/blog-berti_parquet_LDF_1200x800_05-300x200.jpg 300w, https:\/\/berti.net\/wp-content\/uploads\/2024\/10\/blog-berti_parquet_LDF_1200x800_05-1024x683.jpg 1024w, https:\/\/berti.net\/wp-content\/uploads\/2024\/10\/blog-berti_parquet_LDF_1200x800_05-768x512.jpg 768w\" sizes=\"auto, (max-width: 1200px) 100vw, 1200px\" \/><\/figure>\n<\/div>\n<\/div>\n\n\n\n<div class=\"wp-block-group post-categories has-global-padding is-content-justification-left is-layout-constrained wp-container-core-group-is-layout-836d34cb wp-block-group-is-layout-constrained\" style=\"margin-top:var(--wp--preset--spacing--70);font-size:11px\">\n<div class=\"wp-block-group is-content-justification-center is-nowrap is-layout-flex wp-container-core-group-is-layout-60758a6d wp-block-group-is-layout-flex\">\n<p>Magazine \/<\/p>\n\n\n<div class=\"taxonomy-category wp-block-post-terms\"><a href=\"https:\/\/berti.net\/fr\/magazine\/category\/products-fr\/\" rel=\"tag\">Products<\/a><span class=\"wp-block-post-terms__separator\">, <\/span><a href=\"https:\/\/berti.net\/fr\/magazine\/category\/events-fr\/\" rel=\"tag\">Events<\/a><\/div><\/div>\n<\/div>\n<\/div>\n\n<p><\/p>\n","protected":false},"excerpt":{"rendered":"<p>Nous venons de passer quatre jours au salon international du design dans le c\u0153ur cr\u00e9atif de Londres, au cours desquels nous avons pr\u00e9sent\u00e9 Berti et Diesel Living with Berti wood flooring.<\/p>\n","protected":false},"author":9,"featured_media":7461,"comment_status":"closed","ping_status":"closed","sticky":false,"template":"","format":"standard","meta":{"footnotes":""},"categories":[45,43],"tags":[],"class_list":["post-15551","post","type-post","status-publish","format-standard","has-post-thumbnail","hentry","category-products-fr","category-events-fr"],"_links":{"self":[{"href":"https:\/\/berti.net\/fr\/wp-json\/wp\/v2\/posts\/15551","targetHints":{"allow":["GET"]}}],"collection":[{"href":"https:\/\/berti.net\/fr\/wp-json\/wp\/v2\/posts"}],"about":[{"href":"https:\/\/berti.net\/fr\/wp-json\/wp\/v2\/types\/post"}],"author":[{"embeddable":true,"href":"https:\/\/berti.net\/fr\/wp-json\/wp\/v2\/users\/9"}],"replies":[{"embeddable":true,"href":"https:\/\/berti.net\/fr\/wp-json\/wp\/v2\/comments?post=15551"}],"version-history":[{"count":4,"href":"https:\/\/berti.net\/fr\/wp-json\/wp\/v2\/posts\/15551\/revisions"}],"predecessor-version":[{"id":20988,"href":"https:\/\/berti.net\/fr\/wp-json\/wp\/v2\/posts\/15551\/revisions\/20988"}],"wp:featuredmedia":[{"embeddable":true,"href":"https:\/\/berti.net\/fr\/wp-json\/wp\/v2\/media\/7461"}],"wp:attachment":[{"href":"https:\/\/berti.net\/fr\/wp-json\/wp\/v2\/media?parent=15551"}],"wp:term":[{"taxonomy":"category","embeddable":true,"href":"https:\/\/berti.net\/fr\/wp-json\/wp\/v2\/categories?post=15551"},{"taxonomy":"post_tag","embeddable":true,"href":"https:\/\/berti.net\/fr\/wp-json\/wp\/v2\/tags?post=15551"}],"curies":[{"name":"wp","href":"https:\/\/api.w.org\/{rel}","templated":true}]}}