{"id":15546,"date":"2019-09-13T14:52:53","date_gmt":"2019-09-13T14:52:53","guid":{"rendered":"https:\/\/www.berti.net\/magazine\/journees-portes-ouvertes-des-entreprises-creatives\/"},"modified":"2025-05-19T09:27:34","modified_gmt":"2025-05-19T09:27:34","slug":"journees-portes-ouvertes-des-entreprises-creatives","status":"publish","type":"post","link":"https:\/\/berti.net\/fr\/magazine\/journees-portes-ouvertes-des-entreprises-creatives\/","title":{"rendered":"Journ\u00e9es portes ouvertes des entreprises cr\u00e9atives !"},"content":{"rendered":"\n<div class=\"wp-block-group post-detail-pattern is-container has-base-2-color has-contrast-background-color has-text-color has-background has-link-color wp-elements-af86fc83c33719009bca6c42d5391da8 has-global-padding is-layout-constrained wp-block-group-is-layout-constrained\" style=\"margin-top:0;margin-bottom:0;padding-top:var(--wp--preset--spacing--70);padding-bottom:var(--wp--preset--spacing--70)\">\n<div class=\"wp-block-columns alignwide is-layout-flex wp-container-core-columns-is-layout-d125203f wp-block-columns-is-layout-flex\" style=\"margin-bottom:var(--wp--preset--spacing--50)\">\n<div class=\"wp-block-column is-vertically-aligned-stretch is-layout-flow wp-block-column-is-layout-flow\" style=\"padding-right:0;flex-basis:50%\">\n<div class=\"wp-block-group is-vertical is-content-justification-stretch is-layout-flex wp-container-core-group-is-layout-e9e70883 wp-block-group-is-layout-flex\" style=\"min-height:100%\">\n<div class=\"wp-block-group post-categories is-nowrap is-layout-flex wp-container-core-group-is-layout-3155b93e wp-block-group-is-layout-flex\" style=\"margin-top:var(--wp--preset--spacing--20);font-size:11px\">\n<p>Magazine \/<\/p>\n\n\n<div class=\"taxonomy-category wp-block-post-terms\"><a href=\"https:\/\/berti.net\/fr\/magazine\/category\/products-fr\/\" rel=\"tag\">Products<\/a><span class=\"wp-block-post-terms__separator\">, <\/span><a href=\"https:\/\/berti.net\/fr\/magazine\/category\/events-fr\/\" rel=\"tag\">Events<\/a><span class=\"wp-block-post-terms__separator\">, <\/span><a href=\"https:\/\/berti.net\/fr\/magazine\/category\/projects-fr\/\" rel=\"tag\">Projects<\/a><\/div><\/div>\n\n\n<div style=\"font-style:normal;font-weight:600;text-transform:uppercase;\" class=\"has-link-color wp-elements-32859cd979b45056895d81c5660c23a0 wp-block-post-date has-text-color has-base-color has-s-font-size\"><time datetime=\"2019-09-13T14:52:53+00:00\">13 septembre 2019<\/time><\/div>\n\n\n<h1 class=\"wp-block-heading post-title\">Journ\u00e9es portes ouvertes des <strong>entreprises cr\u00e9atives<\/strong>!<\/h1>\n\n\n\n<h1 class=\"wp-block-heading post-subtitle\" style=\"margin-bottom:var(--wp--preset--spacing--20)\"><strong>Deux journ\u00e9es<\/strong> intenses mais pleines de sens se sont achev\u00e9es avec <strong>15 invit\u00e9s<\/strong>, dont des <strong>architectes<\/strong> et des <strong>d\u00e9corateurs d&rsquo;int\u00e9rieur<\/strong> venus d&rsquo;<strong>Isra\u00ebl<\/strong>: les rencontres cr\u00e9atives entre <strong>architectes<\/strong> et <strong>entreprises<\/strong> sont des moments importants pour apprendre \u00e0 se conna\u00eetre et discuter de questions d&rsquo;ordre professionnel.<\/h1>\n\n\n\n<p>Lors de la premi\u00e8re r\u00e9union, il \u00e9tait normal de pr\u00e9senter l&rsquo;histoire de <a href=\"https:\/\/www.berti.net\/fr\/entreprise\/\"><strong>Berti Pavimenti Legno<\/strong><\/a>avec un regard curieux sur le pass\u00e9 et l&rsquo;avenir : l&rsquo;introduction du <strong>laser<\/strong> dans le <strong>travail du bois<\/strong> en Italie comme \u00e9l\u00e9ment distinctif du secteur ; les <strong>r\u00e9f\u00e9rences<\/strong> prestigieuses dans le monde et en Italie ; le partenariat renouvel\u00e9 avec <a href=\"https:\/\/www.berti.net\/collection\/diesel-living-with-berti\/\"><strong>Diesel Living<\/strong><\/a> et la collection moderne de <a href=\"https:\/\/www.berti.net\/product\/collezione-quadrotte-square-space\/\"><strong>Dalles de parquet marquet\u00e9es pr\u00e9finies<\/strong><\/a>.<br\/><br\/>Des pr\u00e9sentations plus techniques ont ensuite expliqu\u00e9 les avantages des parquets et des rev\u00eatements de sol en bois de <strong>Berti<\/strong> et les ont d\u00e9montr\u00e9s lors de la <strong>visite de l&rsquo;entreprise<\/strong> dans les diff\u00e9rents d\u00e9partements de production, y compris l&rsquo;<strong>entrep\u00f4t vertical<\/strong>, qui occupe une superficie d&rsquo;environ <strong><em>2 600<\/em> m\u00e8tres carr\u00e9s !<\/strong><\/p>\n\n\n\n<figure class=\"wp-block-image size-full\"><img loading=\"lazy\" decoding=\"async\" width=\"1203\" height=\"800\" src=\"https:\/\/www.berti.net\/wp-content\/uploads\/2024\/10\/blog-berti_parquet_opendays_1200x800_031.jpg\" alt=\"\" class=\"wp-image-7494\" srcset=\"https:\/\/berti.net\/wp-content\/uploads\/2024\/10\/blog-berti_parquet_opendays_1200x800_031.jpg 1203w, https:\/\/berti.net\/wp-content\/uploads\/2024\/10\/blog-berti_parquet_opendays_1200x800_031-300x200.jpg 300w, https:\/\/berti.net\/wp-content\/uploads\/2024\/10\/blog-berti_parquet_opendays_1200x800_031-1024x681.jpg 1024w, https:\/\/berti.net\/wp-content\/uploads\/2024\/10\/blog-berti_parquet_opendays_1200x800_031-768x511.jpg 768w\" sizes=\"auto, (max-width: 1203px) 100vw, 1203px\" \/><\/figure>\n\n\n\n<figure class=\"wp-block-image size-full\"><img loading=\"lazy\" decoding=\"async\" width=\"1203\" height=\"800\" src=\"https:\/\/www.berti.net\/wp-content\/uploads\/2024\/10\/blog-berti_parquet_opendays_1200x800_05.jpg\" alt=\"\" class=\"wp-image-7497\" srcset=\"https:\/\/berti.net\/wp-content\/uploads\/2024\/10\/blog-berti_parquet_opendays_1200x800_05.jpg 1203w, https:\/\/berti.net\/wp-content\/uploads\/2024\/10\/blog-berti_parquet_opendays_1200x800_05-300x200.jpg 300w, https:\/\/berti.net\/wp-content\/uploads\/2024\/10\/blog-berti_parquet_opendays_1200x800_05-1024x681.jpg 1024w, https:\/\/berti.net\/wp-content\/uploads\/2024\/10\/blog-berti_parquet_opendays_1200x800_05-768x511.jpg 768w\" sizes=\"auto, (max-width: 1203px) 100vw, 1203px\" \/><\/figure>\n\n\n\n<p>Cr\u00e9er du <strong>dynamisme<\/strong> et emprunter des voies <strong>innovantes<\/strong>, des <strong>collaborations<\/strong> futures et partager une forte <strong>passion pour le travail<\/strong> a toujours \u00e9t\u00e9 notre valeur et notre objectif. C&rsquo;est pourquoi nous mettons \u00e0 la disposition de nos <strong>clients<\/strong> notre <strong>passion pour le bois<\/strong>, traduite en <strong>comp\u00e9tences<\/strong> et en <strong>capacit\u00e9s<\/strong>, afin de proposer des solutions <strong>sur mesure<\/strong>, <strong>esth\u00e9tiques<\/strong>, <strong>fonctionnelles<\/strong> et bien d\u00e9finies. <\/p>\n\n\n\n<figure class=\"wp-block-image size-full\"><img loading=\"lazy\" decoding=\"async\" width=\"1203\" height=\"800\" src=\"https:\/\/www.berti.net\/wp-content\/uploads\/2024\/10\/blog-berti_parquet_opendays_1200x800_06.jpg\" alt=\"\" class=\"wp-image-7500\" srcset=\"https:\/\/berti.net\/wp-content\/uploads\/2024\/10\/blog-berti_parquet_opendays_1200x800_06.jpg 1203w, https:\/\/berti.net\/wp-content\/uploads\/2024\/10\/blog-berti_parquet_opendays_1200x800_06-300x200.jpg 300w, https:\/\/berti.net\/wp-content\/uploads\/2024\/10\/blog-berti_parquet_opendays_1200x800_06-1024x681.jpg 1024w, https:\/\/berti.net\/wp-content\/uploads\/2024\/10\/blog-berti_parquet_opendays_1200x800_06-768x511.jpg 768w\" sizes=\"auto, (max-width: 1203px) 100vw, 1203px\" \/><\/figure>\n\n\n\n<p><a href=\"https:\/\/www.syncronia.com\/it\/download-texture-3d-diesel-living-with-berti\" target=\"_blank\" rel=\"noreferrer noopener\"><strong>Parcourez la galerie sur Facebook !<\/strong><\/a><\/p>\n<\/div>\n<\/div>\n\n\n\n<div class=\"wp-block-column is-layout-flow wp-container-core-column-is-layout-22223934 wp-block-column-is-layout-flow\" style=\"flex-basis:50%\">\n<figure class=\"wp-block-image size-full is-style-default\"><img loading=\"lazy\" decoding=\"async\" width=\"1200\" height=\"800\" src=\"https:\/\/www.berti.net\/wp-content\/uploads\/2024\/10\/blog-berti_parquet_opendays_1200x800_01.jpg\" alt=\"\" class=\"wp-image-7489\" srcset=\"https:\/\/berti.net\/wp-content\/uploads\/2024\/10\/blog-berti_parquet_opendays_1200x800_01.jpg 1200w, https:\/\/berti.net\/wp-content\/uploads\/2024\/10\/blog-berti_parquet_opendays_1200x800_01-300x200.jpg 300w, https:\/\/berti.net\/wp-content\/uploads\/2024\/10\/blog-berti_parquet_opendays_1200x800_01-1024x683.jpg 1024w, https:\/\/berti.net\/wp-content\/uploads\/2024\/10\/blog-berti_parquet_opendays_1200x800_01-768x512.jpg 768w\" sizes=\"auto, (max-width: 1200px) 100vw, 1200px\" \/><\/figure>\n\n\n\n<figure class=\"wp-block-image size-full\"><img loading=\"lazy\" decoding=\"async\" width=\"1200\" height=\"800\" src=\"https:\/\/www.berti.net\/wp-content\/uploads\/2024\/10\/blog-berti_parquet_opendays_1200x800_02.jpg\" alt=\"\" class=\"wp-image-7503\" srcset=\"https:\/\/berti.net\/wp-content\/uploads\/2024\/10\/blog-berti_parquet_opendays_1200x800_02.jpg 1200w, https:\/\/berti.net\/wp-content\/uploads\/2024\/10\/blog-berti_parquet_opendays_1200x800_02-300x200.jpg 300w, https:\/\/berti.net\/wp-content\/uploads\/2024\/10\/blog-berti_parquet_opendays_1200x800_02-1024x683.jpg 1024w, https:\/\/berti.net\/wp-content\/uploads\/2024\/10\/blog-berti_parquet_opendays_1200x800_02-768x512.jpg 768w\" sizes=\"auto, (max-width: 1200px) 100vw, 1200px\" \/><\/figure>\n<\/div>\n<\/div>\n\n\n\n<div class=\"wp-block-group post-categories has-global-padding is-content-justification-left is-layout-constrained wp-container-core-group-is-layout-836d34cb wp-block-group-is-layout-constrained\" style=\"margin-top:var(--wp--preset--spacing--70);font-size:11px\">\n<div class=\"wp-block-group is-content-justification-center is-nowrap is-layout-flex wp-container-core-group-is-layout-60758a6d wp-block-group-is-layout-flex\">\n<p>Magazine \/<\/p>\n\n\n<div class=\"taxonomy-category wp-block-post-terms\"><a href=\"https:\/\/berti.net\/fr\/magazine\/category\/products-fr\/\" rel=\"tag\">Products<\/a><span class=\"wp-block-post-terms__separator\">, <\/span><a href=\"https:\/\/berti.net\/fr\/magazine\/category\/events-fr\/\" rel=\"tag\">Events<\/a><span class=\"wp-block-post-terms__separator\">, <\/span><a href=\"https:\/\/berti.net\/fr\/magazine\/category\/projects-fr\/\" rel=\"tag\">Projects<\/a><\/div><\/div>\n<\/div>\n<\/div>\n\n<p><\/p>\n","protected":false},"excerpt":{"rendered":"<p>Deux journ\u00e9es intenses mais pleines de sens se sont achev\u00e9es avec 15 invit\u00e9s, dont des architectes et des d\u00e9corateurs d&rsquo;int\u00e9rieur venus d&rsquo;Isra\u00ebl : les rencontres cr\u00e9atives entre architectes et entreprises sont des moments importants pour apprendre \u00e0 se conna\u00eetre et discuter de questions d&rsquo;ordre professionnel.<\/p>\n","protected":false},"author":9,"featured_media":7491,"comment_status":"closed","ping_status":"closed","sticky":false,"template":"","format":"standard","meta":{"footnotes":""},"categories":[45,43,47],"tags":[],"class_list":["post-15546","post","type-post","status-publish","format-standard","has-post-thumbnail","hentry","category-products-fr","category-events-fr","category-projects-fr"],"_links":{"self":[{"href":"https:\/\/berti.net\/fr\/wp-json\/wp\/v2\/posts\/15546","targetHints":{"allow":["GET"]}}],"collection":[{"href":"https:\/\/berti.net\/fr\/wp-json\/wp\/v2\/posts"}],"about":[{"href":"https:\/\/berti.net\/fr\/wp-json\/wp\/v2\/types\/post"}],"author":[{"embeddable":true,"href":"https:\/\/berti.net\/fr\/wp-json\/wp\/v2\/users\/9"}],"replies":[{"embeddable":true,"href":"https:\/\/berti.net\/fr\/wp-json\/wp\/v2\/comments?post=15546"}],"version-history":[{"count":4,"href":"https:\/\/berti.net\/fr\/wp-json\/wp\/v2\/posts\/15546\/revisions"}],"predecessor-version":[{"id":20991,"href":"https:\/\/berti.net\/fr\/wp-json\/wp\/v2\/posts\/15546\/revisions\/20991"}],"wp:featuredmedia":[{"embeddable":true,"href":"https:\/\/berti.net\/fr\/wp-json\/wp\/v2\/media\/7491"}],"wp:attachment":[{"href":"https:\/\/berti.net\/fr\/wp-json\/wp\/v2\/media?parent=15546"}],"wp:term":[{"taxonomy":"category","embeddable":true,"href":"https:\/\/berti.net\/fr\/wp-json\/wp\/v2\/categories?post=15546"},{"taxonomy":"post_tag","embeddable":true,"href":"https:\/\/berti.net\/fr\/wp-json\/wp\/v2\/tags?post=15546"}],"curies":[{"name":"wp","href":"https:\/\/api.w.org\/{rel}","templated":true}]}}