{"id":15535,"date":"2019-04-04T15:38:41","date_gmt":"2019-04-04T15:38:41","guid":{"rendered":"https:\/\/www.berti.net\/magazine\/travaux-en-cours-salone-del-mobile-2019\/"},"modified":"2025-05-19T09:27:53","modified_gmt":"2025-05-19T09:27:53","slug":"travaux-en-cours-salone-del-mobile-2019","status":"publish","type":"post","link":"https:\/\/berti.net\/fr\/magazine\/travaux-en-cours-salone-del-mobile-2019\/","title":{"rendered":"Travaux en cours &#8211; Salone del Mobile 2019"},"content":{"rendered":"\n<div class=\"wp-block-group post-detail-pattern is-container has-base-2-color has-contrast-background-color has-text-color has-background has-link-color wp-elements-54b1e421b8b13215e97e98ac7e8743a7 has-global-padding is-layout-constrained wp-block-group-is-layout-constrained\" style=\"margin-top:0;margin-bottom:0;padding-top:var(--wp--preset--spacing--70);padding-bottom:var(--wp--preset--spacing--70)\">\n<div class=\"wp-block-columns alignwide is-layout-flex wp-container-core-columns-is-layout-d125203f wp-block-columns-is-layout-flex\" style=\"margin-bottom:var(--wp--preset--spacing--50)\">\n<div class=\"wp-block-column is-vertically-aligned-stretch is-layout-flow wp-block-column-is-layout-flow\" style=\"padding-right:0;flex-basis:50%\">\n<div class=\"wp-block-group is-vertical is-content-justification-stretch is-layout-flex wp-container-core-group-is-layout-e9e70883 wp-block-group-is-layout-flex\" style=\"min-height:100%\">\n<div class=\"wp-block-group post-categories is-nowrap is-layout-flex wp-container-core-group-is-layout-3155b93e wp-block-group-is-layout-flex\" style=\"margin-top:var(--wp--preset--spacing--20);font-size:11px\">\n<p>Magazine \/<\/p>\n\n\n<div class=\"taxonomy-category wp-block-post-terms\"><a href=\"https:\/\/berti.net\/fr\/magazine\/category\/events-fr\/\" rel=\"tag\">Events<\/a><\/div><\/div>\n\n\n<div style=\"font-style:normal;font-weight:600;text-transform:uppercase;\" class=\"has-link-color wp-elements-32859cd979b45056895d81c5660c23a0 wp-block-post-date has-text-color has-base-color has-s-font-size\"><time datetime=\"2019-04-04T15:38:41+00:00\">4 avril 2019<\/time><\/div>\n\n\n<h1 class=\"wp-block-heading post-title\"><strong>Travaux en cours<\/strong> &#8211; Salone del Mobile 2019<\/h1>\n\n\n\n<h3 class=\"wp-block-heading post-subtitle\" style=\"margin-bottom:var(--wp--preset--spacing--20)\">Dix ans apr\u00e8s le lancement du projet <strong>Diesel Living<\/strong>, cette \u00e9dition du <strong>Salone del Mobile<\/strong> est consacr\u00e9e au concept du <strong>futur<\/strong>, o\u00f9 tout peut \u00eatre construit et o\u00f9 tout est en constante <strong>\u00e9volution.<\/strong> La collection de rev\u00eatements de sol en bois <strong>Diesel Living with Berti<\/strong> sera d\u00e9clin\u00e9e en <strong>noir<\/strong> et en <strong>gris<\/strong> pour <strong>Shadow<\/strong>. <\/h3>\n\n\n\n<figure class=\"wp-block-image size-full\"><img loading=\"lazy\" decoding=\"async\" width=\"886\" height=\"1181\" src=\"https:\/\/www.berti.net\/wp-content\/uploads\/2024\/10\/DIESEL-LIVING-@-SALONE-DEL-MOBILE-2019_WIP.gif\" alt=\"\" class=\"wp-image-7558\"\/><\/figure>\n\n\n\n<p><strong>DIESEL LIVING WORK IN PROGRESS<\/strong><br\/>SALONE DEL MOBILE<br\/><em>Hall 16, A35\/B28, Fiera di Milano, RHO<\/em><\/p>\n<\/div>\n<\/div>\n\n\n\n<div class=\"wp-block-column is-layout-flow wp-container-core-column-is-layout-22223934 wp-block-column-is-layout-flow\" style=\"flex-basis:50%\"><\/div>\n<\/div>\n\n\n\n<div class=\"wp-block-group post-categories has-global-padding is-content-justification-left is-layout-constrained wp-container-core-group-is-layout-836d34cb wp-block-group-is-layout-constrained\" style=\"margin-top:var(--wp--preset--spacing--70);font-size:11px\">\n<div class=\"wp-block-group is-content-justification-center is-nowrap is-layout-flex wp-container-core-group-is-layout-60758a6d wp-block-group-is-layout-flex\">\n<p>Magazine \/<\/p>\n\n\n<div class=\"taxonomy-category wp-block-post-terms\"><a href=\"https:\/\/berti.net\/fr\/magazine\/category\/events-fr\/\" rel=\"tag\">Events<\/a><\/div><\/div>\n<\/div>\n<\/div>\n\n<p><\/p>\n","protected":false},"excerpt":{"rendered":"<p>Dix ans apr\u00e8s le lancement du projet Diesel Living, cette \u00e9dition du Salone del Mobile est consacr\u00e9e au concept du futur, o\u00f9 tout peut \u00eatre construit et est en perp\u00e9tuel chantier<\/p>\n","protected":false},"author":9,"featured_media":7560,"comment_status":"closed","ping_status":"closed","sticky":false,"template":"","format":"standard","meta":{"footnotes":""},"categories":[43],"tags":[],"class_list":["post-15535","post","type-post","status-publish","format-standard","has-post-thumbnail","hentry","category-events-fr"],"_links":{"self":[{"href":"https:\/\/berti.net\/fr\/wp-json\/wp\/v2\/posts\/15535","targetHints":{"allow":["GET"]}}],"collection":[{"href":"https:\/\/berti.net\/fr\/wp-json\/wp\/v2\/posts"}],"about":[{"href":"https:\/\/berti.net\/fr\/wp-json\/wp\/v2\/types\/post"}],"author":[{"embeddable":true,"href":"https:\/\/berti.net\/fr\/wp-json\/wp\/v2\/users\/9"}],"replies":[{"embeddable":true,"href":"https:\/\/berti.net\/fr\/wp-json\/wp\/v2\/comments?post=15535"}],"version-history":[{"count":4,"href":"https:\/\/berti.net\/fr\/wp-json\/wp\/v2\/posts\/15535\/revisions"}],"predecessor-version":[{"id":21011,"href":"https:\/\/berti.net\/fr\/wp-json\/wp\/v2\/posts\/15535\/revisions\/21011"}],"wp:featuredmedia":[{"embeddable":true,"href":"https:\/\/berti.net\/fr\/wp-json\/wp\/v2\/media\/7560"}],"wp:attachment":[{"href":"https:\/\/berti.net\/fr\/wp-json\/wp\/v2\/media?parent=15535"}],"wp:term":[{"taxonomy":"category","embeddable":true,"href":"https:\/\/berti.net\/fr\/wp-json\/wp\/v2\/categories?post=15535"},{"taxonomy":"post_tag","embeddable":true,"href":"https:\/\/berti.net\/fr\/wp-json\/wp\/v2\/tags?post=15535"}],"curies":[{"name":"wp","href":"https:\/\/api.w.org\/{rel}","templated":true}]}}