{"id":15524,"date":"2016-07-21T13:10:28","date_gmt":"2016-07-21T13:10:28","guid":{"rendered":"https:\/\/www.berti.net\/magazine\/nuit-de-larchichef-a-belgrade-quand-larchitecture-rencontre-la-cuisine\/"},"modified":"2025-05-19T09:29:24","modified_gmt":"2025-05-19T09:29:24","slug":"nuit-de-larchichef-a-belgrade-quand-larchitecture-rencontre-la-cuisine","status":"publish","type":"post","link":"https:\/\/berti.net\/fr\/magazine\/nuit-de-larchichef-a-belgrade-quand-larchitecture-rencontre-la-cuisine\/","title":{"rendered":"Nuit de l&rsquo;Archichef \u00e0 Belgrade : quand l&rsquo;architecture rencontre la cuisine"},"content":{"rendered":"\n<div class=\"wp-block-group post-detail-pattern is-container has-base-2-color has-contrast-background-color has-text-color has-background has-link-color wp-elements-a1cb031008ba07b03e8254291b87141a has-global-padding is-layout-constrained wp-block-group-is-layout-constrained\" style=\"margin-top:0;margin-bottom:0;padding-top:var(--wp--preset--spacing--70);padding-bottom:var(--wp--preset--spacing--70)\">\n<div class=\"wp-block-columns alignwide is-layout-flex wp-container-core-columns-is-layout-d125203f wp-block-columns-is-layout-flex\" style=\"margin-bottom:var(--wp--preset--spacing--50)\">\n<div class=\"wp-block-column is-vertically-aligned-stretch is-layout-flow wp-block-column-is-layout-flow\" style=\"padding-right:0;flex-basis:50%\">\n<div class=\"wp-block-group is-vertical is-content-justification-stretch is-layout-flex wp-container-core-group-is-layout-e9e70883 wp-block-group-is-layout-flex\" style=\"min-height:100%\">\n<div class=\"wp-block-group post-categories is-nowrap is-layout-flex wp-container-core-group-is-layout-3155b93e wp-block-group-is-layout-flex\" style=\"margin-top:var(--wp--preset--spacing--20);font-size:11px\">\n<p>Magazine \/<\/p>\n\n\n<div class=\"taxonomy-category wp-block-post-terms\"><a href=\"https:\/\/berti.net\/fr\/magazine\/category\/products-fr\/\" rel=\"tag\">Products<\/a><span class=\"wp-block-post-terms__separator\">, <\/span><a href=\"https:\/\/berti.net\/fr\/magazine\/category\/events-fr\/\" rel=\"tag\">Events<\/a><span class=\"wp-block-post-terms__separator\">, <\/span><a href=\"https:\/\/berti.net\/fr\/magazine\/category\/projects-fr\/\" rel=\"tag\">Projects<\/a><\/div><\/div>\n\n\n<div style=\"font-style:normal;font-weight:600;text-transform:uppercase;\" class=\"has-link-color wp-elements-32859cd979b45056895d81c5660c23a0 wp-block-post-date has-text-color has-base-color has-s-font-size\"><time datetime=\"2016-07-21T13:10:28+00:00\">21 juillet 2016<\/time><\/div>\n\n\n<h1 class=\"wp-block-heading post-title\"><strong>Nuit Archichef<\/strong> \u00e0 <strong>Belgrade<\/strong>: quand l&rsquo;architecture rencontre la cuisine.<\/h1>\n\n\n\n<h2 class=\"wp-block-heading post-subtitle\" style=\"margin-bottom:var(--wp--preset--spacing--20)\">La<strong>nuit Archichef<\/strong> \u00e0 <strong>Belgrade<\/strong> a \u00e9t\u00e9 l&rsquo;\u00e9v\u00e9nement qui a accueilli <strong>Berti Pavimenti Legno<\/strong> en tant que partenaire. Pour en savoir plus.<\/h2>\n\n\n\n<figure class=\"wp-block-image size-full is-style-default\"><img loading=\"lazy\" decoding=\"async\" width=\"756\" height=\"1135\" src=\"https:\/\/www.berti.net\/wp-content\/uploads\/2016\/06\/berti_archichef_belgrado01.jpg\" alt=\"\" class=\"wp-image-8386\" srcset=\"https:\/\/berti.net\/wp-content\/uploads\/2016\/06\/berti_archichef_belgrado01.jpg 756w, https:\/\/berti.net\/wp-content\/uploads\/2016\/06\/berti_archichef_belgrado01-200x300.jpg 200w, https:\/\/berti.net\/wp-content\/uploads\/2016\/06\/berti_archichef_belgrado01-682x1024.jpg 682w\" sizes=\"auto, (max-width: 756px) 100vw, 756px\" \/><\/figure>\n\n\n\n<p>Il s&rsquo;agissait d&rsquo;un d\u00eener\/\u00e9v\u00e9nement organis\u00e9 par le <strong>restaurant Homa<\/strong>, qui a r\u00e9uni cinq cabinets d&rsquo;architectes de la capitale serbe derri\u00e8re la cuisini\u00e8re, associant ainsi cr\u00e9ativit\u00e9 et sens culinaire \u00e0 la conception architecturale.<\/p>\n\n\n\n<p>Chaque architecte a choisi sa recette pr\u00e9f\u00e9r\u00e9e, ou celle qui d\u00e9crivait le mieux les caract\u00e9ristiques de sa pratique, et a \u00e9t\u00e9 responsable du choix des ingr\u00e9dients individuels ainsi que de la pr\u00e9sentation finale des plats. \u00c0 la fin de la pr\u00e9paration, le plat choisi et sa pr\u00e9paration ont \u00e9t\u00e9 d\u00e9crits. Cinq studios ont particip\u00e9 \u00e0 cette premi\u00e8re \u00e9tape serbe : <strong>AA Studio, Art Machine, Atelier Petrovic, Draft Architects<\/strong> et <strong>Studio Sinestezia<\/strong>.  <\/p>\n\n\n\n<figure class=\"wp-block-image size-full is-style-default\"><img loading=\"lazy\" decoding=\"async\" width=\"1368\" height=\"912\" src=\"https:\/\/www.berti.net\/wp-content\/uploads\/2016\/06\/berti_archichef_belgrado02.jpg\" alt=\"\" class=\"wp-image-8401\" srcset=\"https:\/\/berti.net\/wp-content\/uploads\/2016\/06\/berti_archichef_belgrado02.jpg 1368w, https:\/\/berti.net\/wp-content\/uploads\/2016\/06\/berti_archichef_belgrado02-300x200.jpg 300w, https:\/\/berti.net\/wp-content\/uploads\/2016\/06\/berti_archichef_belgrado02-1024x683.jpg 1024w, https:\/\/berti.net\/wp-content\/uploads\/2016\/06\/berti_archichef_belgrado02-768x512.jpg 768w\" sizes=\"auto, (max-width: 1368px) 100vw, 1368px\" \/><\/figure>\n\n\n\n<figure class=\"wp-block-image size-full is-style-default\"><img loading=\"lazy\" decoding=\"async\" width=\"1368\" height=\"912\" src=\"https:\/\/www.berti.net\/wp-content\/uploads\/2016\/06\/berti_archichef_belgrado03.jpg\" alt=\"\" class=\"wp-image-8405\" srcset=\"https:\/\/berti.net\/wp-content\/uploads\/2016\/06\/berti_archichef_belgrado03.jpg 1368w, https:\/\/berti.net\/wp-content\/uploads\/2016\/06\/berti_archichef_belgrado03-300x200.jpg 300w, https:\/\/berti.net\/wp-content\/uploads\/2016\/06\/berti_archichef_belgrado03-1024x683.jpg 1024w, https:\/\/berti.net\/wp-content\/uploads\/2016\/06\/berti_archichef_belgrado03-768x512.jpg 768w\" sizes=\"auto, (max-width: 1368px) 100vw, 1368px\" \/><\/figure>\n\n\n\n<figure class=\"wp-block-image size-full is-style-default\"><img loading=\"lazy\" decoding=\"async\" width=\"1327\" height=\"912\" src=\"https:\/\/www.berti.net\/wp-content\/uploads\/2016\/06\/berti_archichef_belgrado04.jpg\" alt=\"\" class=\"wp-image-8408\" srcset=\"https:\/\/berti.net\/wp-content\/uploads\/2016\/06\/berti_archichef_belgrado04.jpg 1327w, https:\/\/berti.net\/wp-content\/uploads\/2016\/06\/berti_archichef_belgrado04-300x206.jpg 300w, https:\/\/berti.net\/wp-content\/uploads\/2016\/06\/berti_archichef_belgrado04-1024x704.jpg 1024w, https:\/\/berti.net\/wp-content\/uploads\/2016\/06\/berti_archichef_belgrado04-768x528.jpg 768w\" sizes=\"auto, (max-width: 1327px) 100vw, 1327px\" \/><\/figure>\n\n\n\n<p><strong>Berti<\/strong> a eu le plaisir d&rsquo;\u00eatre l&rsquo;un des partenaires sp\u00e9ciaux de cette initiative, aux c\u00f4t\u00e9s d&rsquo;autres excellentes entreprises italiennes de design, tandis que les prestigieux <strong>Elle Decor<\/strong> et <strong>Architonic<\/strong> ont agi en tant que partenaires m\u00e9diatiques.<\/p>\n\n\n\n<p>Apr\u00e8s Belgrade, l&rsquo;\u00e9dition 2016 de l&rsquo;Archichef Night se poursuit \u00e0 <strong>Londres<\/strong> en juillet, \u00e0 <strong>Copenhague<\/strong> en septembre, \u00e0 <strong>Palerme<\/strong> en octobre et enfin, en d\u00e9cembre, \u00e0 <strong>Bolzano<\/strong>.<\/p>\n\n\n\n<p>L&rsquo;Archichef Night est une id\u00e9e de <strong><a href=\"https:\/\/www.towant.eu\/\" target=\"_blank\" rel=\"noreferrer noopener\">TOWANT<\/a><\/strong>une agence d\u00e9di\u00e9e \u00e0 l&rsquo;organisation d&rsquo;\u00e9v\u00e9nements architecturaux en Italie et \u00e0 l&rsquo;\u00e9tranger, qui collabore avec certaines des plus importantes marques de design italiennes et internationales. Outre l&rsquo;<strong>ArchichefNight<\/strong>, les \u00e9v\u00e9nements organis\u00e9s ces derni\u00e8res ann\u00e9es comprennent l&rsquo;European<strong>DesignFoosball<\/strong>, un tournoi de baby-foot europ\u00e9en consacr\u00e9 au design ; <strong>Beachdesign<\/strong>, le premier tournoi de billes de plage pour l&rsquo;architecture italienne ; et <strong>DJArch<\/strong>, des soir\u00e9es organis\u00e9es dans des salles d&rsquo;exposition de design o\u00f9 le DJ est l&rsquo;architecte. <\/p>\n\n\n\n<p><strong><a href=\"https:\/\/cucina.corriere.it\/notizie\/cards\/archichef-night-2016-una-sera-architetti-diventano-chef\/serata-tavola-gli-architetti_principale.shtml\" target=\"_blank\" rel=\"noreferrer noopener\">Archichef sp\u00e9cial sur Corriere.it<\/a><\/strong><\/p>\n\n\n\n<figure class=\"wp-block-image size-full is-style-default\"><img loading=\"lazy\" decoding=\"async\" width=\"1368\" height=\"912\" src=\"https:\/\/www.berti.net\/wp-content\/uploads\/2016\/06\/berti_archichef_belgrado06.jpg\" alt=\"\" class=\"wp-image-8414\" srcset=\"https:\/\/berti.net\/wp-content\/uploads\/2016\/06\/berti_archichef_belgrado06.jpg 1368w, https:\/\/berti.net\/wp-content\/uploads\/2016\/06\/berti_archichef_belgrado06-300x200.jpg 300w, https:\/\/berti.net\/wp-content\/uploads\/2016\/06\/berti_archichef_belgrado06-1024x683.jpg 1024w, https:\/\/berti.net\/wp-content\/uploads\/2016\/06\/berti_archichef_belgrado06-768x512.jpg 768w\" sizes=\"auto, (max-width: 1368px) 100vw, 1368px\" \/><\/figure>\n\n\n\n<figure class=\"wp-block-image size-full is-style-default\"><img loading=\"lazy\" decoding=\"async\" width=\"1368\" height=\"912\" src=\"https:\/\/www.berti.net\/wp-content\/uploads\/2016\/06\/berti_archichef_belgrado07.jpg\" alt=\"\" class=\"wp-image-8418\" srcset=\"https:\/\/berti.net\/wp-content\/uploads\/2016\/06\/berti_archichef_belgrado07.jpg 1368w, https:\/\/berti.net\/wp-content\/uploads\/2016\/06\/berti_archichef_belgrado07-300x200.jpg 300w, https:\/\/berti.net\/wp-content\/uploads\/2016\/06\/berti_archichef_belgrado07-1024x683.jpg 1024w, https:\/\/berti.net\/wp-content\/uploads\/2016\/06\/berti_archichef_belgrado07-768x512.jpg 768w\" sizes=\"auto, (max-width: 1368px) 100vw, 1368px\" \/><\/figure>\n<\/div>\n<\/div>\n\n\n\n<div class=\"wp-block-column is-layout-flow wp-container-core-column-is-layout-22223934 wp-block-column-is-layout-flow\" style=\"flex-basis:50%\">\n<figure class=\"wp-block-image size-full is-style-default\"><img loading=\"lazy\" decoding=\"async\" width=\"1368\" height=\"912\" src=\"https:\/\/www.berti.net\/wp-content\/uploads\/2016\/06\/berti_archichef_belgrado05.jpg\" alt=\"\" class=\"wp-image-8393\" srcset=\"https:\/\/berti.net\/wp-content\/uploads\/2016\/06\/berti_archichef_belgrado05.jpg 1368w, https:\/\/berti.net\/wp-content\/uploads\/2016\/06\/berti_archichef_belgrado05-300x200.jpg 300w, https:\/\/berti.net\/wp-content\/uploads\/2016\/06\/berti_archichef_belgrado05-1024x683.jpg 1024w, https:\/\/berti.net\/wp-content\/uploads\/2016\/06\/berti_archichef_belgrado05-768x512.jpg 768w\" sizes=\"auto, (max-width: 1368px) 100vw, 1368px\" \/><\/figure>\n\n\n\n<figure class=\"wp-block-image size-full is-style-default\"><img loading=\"lazy\" decoding=\"async\" width=\"1368\" height=\"912\" src=\"https:\/\/www.berti.net\/wp-content\/uploads\/2016\/06\/berti_archichef_belgrado08.jpg\" alt=\"\" class=\"wp-image-8398\" srcset=\"https:\/\/berti.net\/wp-content\/uploads\/2016\/06\/berti_archichef_belgrado08.jpg 1368w, https:\/\/berti.net\/wp-content\/uploads\/2016\/06\/berti_archichef_belgrado08-300x200.jpg 300w, https:\/\/berti.net\/wp-content\/uploads\/2016\/06\/berti_archichef_belgrado08-1024x683.jpg 1024w, https:\/\/berti.net\/wp-content\/uploads\/2016\/06\/berti_archichef_belgrado08-768x512.jpg 768w\" sizes=\"auto, (max-width: 1368px) 100vw, 1368px\" \/><\/figure>\n<\/div>\n<\/div>\n\n\n\n<div class=\"wp-block-group post-categories has-global-padding is-content-justification-left is-layout-constrained wp-container-core-group-is-layout-836d34cb wp-block-group-is-layout-constrained\" style=\"margin-top:var(--wp--preset--spacing--70);font-size:11px\">\n<div class=\"wp-block-group is-content-justification-center is-nowrap is-layout-flex wp-container-core-group-is-layout-60758a6d wp-block-group-is-layout-flex\">\n<p>Magazine \/<\/p>\n\n\n<div class=\"taxonomy-category wp-block-post-terms\"><a href=\"https:\/\/berti.net\/fr\/magazine\/category\/products-fr\/\" rel=\"tag\">Products<\/a><span class=\"wp-block-post-terms__separator\">, <\/span><a href=\"https:\/\/berti.net\/fr\/magazine\/category\/events-fr\/\" rel=\"tag\">Events<\/a><span class=\"wp-block-post-terms__separator\">, <\/span><a href=\"https:\/\/berti.net\/fr\/magazine\/category\/projects-fr\/\" rel=\"tag\">Projects<\/a><\/div><\/div>\n<\/div>\n<\/div>\n\n<p><\/p>\n","protected":false},"excerpt":{"rendered":"<p>La nuit Archichef \u00e0 Belgrade a \u00e9t\u00e9 l&rsquo;\u00e9v\u00e9nement qui a accueilli Berti Pavimenti Legno en tant que partenaire.<\/p>\n","protected":false},"author":9,"featured_media":8388,"comment_status":"closed","ping_status":"closed","sticky":false,"template":"","format":"standard","meta":{"footnotes":""},"categories":[45,43,47],"tags":[],"class_list":["post-15524","post","type-post","status-publish","format-standard","has-post-thumbnail","hentry","category-products-fr","category-events-fr","category-projects-fr"],"_links":{"self":[{"href":"https:\/\/berti.net\/fr\/wp-json\/wp\/v2\/posts\/15524","targetHints":{"allow":["GET"]}}],"collection":[{"href":"https:\/\/berti.net\/fr\/wp-json\/wp\/v2\/posts"}],"about":[{"href":"https:\/\/berti.net\/fr\/wp-json\/wp\/v2\/types\/post"}],"author":[{"embeddable":true,"href":"https:\/\/berti.net\/fr\/wp-json\/wp\/v2\/users\/9"}],"replies":[{"embeddable":true,"href":"https:\/\/berti.net\/fr\/wp-json\/wp\/v2\/comments?post=15524"}],"version-history":[{"count":2,"href":"https:\/\/berti.net\/fr\/wp-json\/wp\/v2\/posts\/15524\/revisions"}],"predecessor-version":[{"id":21056,"href":"https:\/\/berti.net\/fr\/wp-json\/wp\/v2\/posts\/15524\/revisions\/21056"}],"wp:featuredmedia":[{"embeddable":true,"href":"https:\/\/berti.net\/fr\/wp-json\/wp\/v2\/media\/8388"}],"wp:attachment":[{"href":"https:\/\/berti.net\/fr\/wp-json\/wp\/v2\/media?parent=15524"}],"wp:term":[{"taxonomy":"category","embeddable":true,"href":"https:\/\/berti.net\/fr\/wp-json\/wp\/v2\/categories?post=15524"},{"taxonomy":"post_tag","embeddable":true,"href":"https:\/\/berti.net\/fr\/wp-json\/wp\/v2\/tags?post=15524"}],"curies":[{"name":"wp","href":"https:\/\/api.w.org\/{rel}","templated":true}]}}