{"id":15519,"date":"2017-01-02T12:24:27","date_gmt":"2017-01-02T12:24:27","guid":{"rendered":"https:\/\/www.berti.net\/magazine\/de-nouvelles-confirmations-pour-berti-et-ses-parquets-egalement-dans-le-showroom-de-barcelone\/"},"modified":"2025-05-19T09:29:06","modified_gmt":"2025-05-19T09:29:06","slug":"de-nouvelles-confirmations-pour-berti-et-ses-parquets-egalement-dans-le-showroom-de-barcelone","status":"publish","type":"post","link":"https:\/\/berti.net\/fr\/magazine\/de-nouvelles-confirmations-pour-berti-et-ses-parquets-egalement-dans-le-showroom-de-barcelone\/","title":{"rendered":"De nouvelles confirmations pour Berti et ses parquets, \u00e9galement dans le showroom de Barcelone !"},"content":{"rendered":"\n<div class=\"wp-block-group post-detail-pattern is-container has-base-2-color has-contrast-background-color has-text-color has-background has-link-color wp-elements-ff43bbe6d821e677ab619458f009f29f has-global-padding is-layout-constrained wp-block-group-is-layout-constrained\" style=\"margin-top:0;margin-bottom:0;padding-top:var(--wp--preset--spacing--70);padding-bottom:var(--wp--preset--spacing--70)\">\n<div class=\"wp-block-columns alignwide is-layout-flex wp-container-core-columns-is-layout-d125203f wp-block-columns-is-layout-flex\" style=\"margin-bottom:var(--wp--preset--spacing--50)\">\n<div class=\"wp-block-column is-vertically-aligned-stretch is-layout-flow wp-block-column-is-layout-flow\" style=\"padding-right:0;flex-basis:50%\">\n<div class=\"wp-block-group is-vertical is-content-justification-stretch is-layout-flex wp-container-core-group-is-layout-e9e70883 wp-block-group-is-layout-flex\" style=\"min-height:100%\">\n<div class=\"wp-block-group post-categories is-nowrap is-layout-flex wp-container-core-group-is-layout-3155b93e wp-block-group-is-layout-flex\" style=\"margin-top:var(--wp--preset--spacing--20);font-size:11px\">\n<p>Magazine \/<\/p>\n\n\n<div class=\"taxonomy-category wp-block-post-terms\"><a href=\"https:\/\/berti.net\/fr\/magazine\/category\/products-fr\/\" rel=\"tag\">Products<\/a><span class=\"wp-block-post-terms__separator\">, <\/span><a href=\"https:\/\/berti.net\/fr\/magazine\/category\/events-fr\/\" rel=\"tag\">Events<\/a><\/div><\/div>\n\n\n<div style=\"font-style:normal;font-weight:600;text-transform:uppercase;\" class=\"has-link-color wp-elements-32859cd979b45056895d81c5660c23a0 wp-block-post-date has-text-color has-base-color has-s-font-size\"><time datetime=\"2017-01-02T12:24:27+00:00\">2 janvier 2017<\/time><\/div>\n\n\n<h1 class=\"wp-block-heading post-title\">De nouvelles confirmations pour <strong>Berti<\/strong> et ses <strong>parquets<\/strong>, \u00e9galement dans le showroom de <strong>Barcelone<\/strong>!<\/h1>\n\n\n\n<h2 class=\"wp-block-heading post-subtitle\" style=\"margin-bottom:var(--wp--preset--spacing--20)\">L&rsquo;une des meilleures nouvelles de l&rsquo;ann\u00e9e 2016 qui vient de s&rsquo;\u00e9couler pour <strong>Berti Pavimenti Legno<\/strong> a \u00e9t\u00e9 l&rsquo;ouverture du showroom de <strong>Barcelone<\/strong>, Carrer del Rossel\u00f2 285,<br\/>, \u00e0 quelques pas de la vue \u00e9vocatrice de la<br\/> Sagrada<strong>Familia<\/strong>, confirmant ainsi le bien-fond\u00e9 de la politique internationale de l&rsquo;entreprise.<\/h2>\n\n\n\n<figure class=\"wp-block-image size-full is-style-default\"><img loading=\"lazy\" decoding=\"async\" width=\"2560\" height=\"1707\" src=\"https:\/\/www.berti.net\/wp-content\/uploads\/2017\/01\/berti_barcellona05-scaled.jpg\" alt=\"\" class=\"wp-image-8255\" srcset=\"https:\/\/berti.net\/wp-content\/uploads\/2017\/01\/berti_barcellona05-scaled.jpg 2560w, https:\/\/berti.net\/wp-content\/uploads\/2017\/01\/berti_barcellona05-300x200.jpg 300w, https:\/\/berti.net\/wp-content\/uploads\/2017\/01\/berti_barcellona05-1024x683.jpg 1024w, https:\/\/berti.net\/wp-content\/uploads\/2017\/01\/berti_barcellona05-768x512.jpg 768w, https:\/\/berti.net\/wp-content\/uploads\/2017\/01\/berti_barcellona05-1536x1024.jpg 1536w, https:\/\/berti.net\/wp-content\/uploads\/2017\/01\/berti_barcellona05-2048x1365.jpg 2048w\" sizes=\"auto, (max-width: 2560px) 100vw, 2560px\" \/><\/figure>\n\n\n\n<p>L&rsquo;espace est partag\u00e9 avec une autre entreprise d&rsquo;excellence Made in Italy, \u00e0 savoir <strong>Rintal<\/strong>, fabricant d&rsquo;escaliers int\u00e9rieurs et ext\u00e9rieurs.<\/p>\n\n\n\n<p>Au cours de ces premiers mois positifs de notre exp\u00e9rience espagnole, nous avons pu constater qu&rsquo;un march\u00e9 et des go\u00fbts diff\u00e9rents de ceux de l&rsquo;Italie ont n\u00e9anmoins appr\u00e9ci\u00e9 la grande qualit\u00e9 et l&rsquo;esth\u00e9tique de nos produits, qui font de leur vari\u00e9t\u00e9 un point fort. De nombreux mod\u00e8les ont en effet \u00e9t\u00e9 demand\u00e9s, les visites au showroom venant de toute la <strong>Catalogne<\/strong>, tant de la part de professionnels que de particuliers. Nous avons \u00e9galement pu identifier une sorte de \u00a0\u00bbpodium\u00a0\u00bb en nommant ici les trois parquets les plus appr\u00e9ci\u00e9s \u00e0 ce jour :  <\/p>\n\n\n\n<p><strong><a href=\"https:\/\/www.berti.net\/product\/diesel-living-with-berti-prodotti-special\/\">OMBRE NOIRE DIESEL<\/a><br\/><\/strong>Pr\u00e9sent dans la ligne sp\u00e9ciale de la collection Diesel Living with Berti.<strong><br\/><\/strong>Un look contemporain interpr\u00e9t\u00e9 dans une composition g\u00e9om\u00e9trique avec une matrice classique. Un effet clair-obscur de perception plastique imm\u00e9diate, gr\u00e2ce au jeu d&rsquo;ombre et de lumi\u00e8re qui cr\u00e9e un ombrage tridimensionnel. <\/p>\n\n\n\n<p><strong><a href=\"https:\/\/www.berti.net\/product\/prodotti-essential-rovere\/\" target=\"_blank\" rel=\"noreferrer noopener\">ESSENTIEL CH\u00caNE<\/a><br\/><\/strong>De la collection Berti<br\/><strong>\u00a0\u00bb<\/strong>Chaud et raffin\u00e9, le ch\u00eane est un best-seller parmi les essences utilis\u00e9es pour les sols et les parquets gr\u00e2ce \u00e0 ses caract\u00e9ristiques esth\u00e9tiques, avec une couleur et un grain qui lui permettent d&rsquo;\u00eatre une essence adapt\u00e9e \u00e0 tout type d&rsquo;environnement, mais surtout gr\u00e2ce \u00e0 son excellente duret\u00e9, sa stabilit\u00e9 et sa durabilit\u00e9.\u00a0\u00bb<\/p>\n\n\n\n<p><strong><a href=\"https:\/\/www.berti.net\/product\/prodotti-inspiration\/\" target=\"_blank\" rel=\"noreferrer noopener\">CH\u00caNE BLANC<\/a><br\/><\/strong>De la collection Inspiration de Berti Studio.<br\/>Une collection avec une touche suppl\u00e9mentaire gr\u00e2ce au traitement, \u00e0 la teinture et \u00e0 la finition ajout\u00e9s aux produits standard dans les essences individuelles. D&rsquo;autres interpr\u00e9tations du bois con\u00e7ues pour satisfaire des go\u00fbts \u00e9labor\u00e9s ou des besoins pr\u00e9cis. <\/p>\n\n\n\n<p>Compte tenu de la bonne performance des premiers mois, Berti a d\u00e9cid\u00e9 de poursuivre de nouvelles politiques de <strong>marketing<\/strong>, \u00e0 la fois territoriales et num\u00e9riques, et vous pouvez trouver une page d\u00e9di\u00e9e au showroom de Barcelone ici<strong> <\/strong><strong><a href=\"https:\/\/promo.bertiparquet.net\/\" target=\"_blank\" rel=\"noreferrer noopener\">promo.bertiparquet.net<\/a><\/strong><\/p>\n\n\n\n<figure class=\"wp-block-image size-full is-style-default\"><img loading=\"lazy\" decoding=\"async\" width=\"900\" height=\"1200\" src=\"https:\/\/www.berti.net\/wp-content\/uploads\/2017\/01\/bertistudio-scratch-1.jpg\" alt=\"\" class=\"wp-image-8268\" srcset=\"https:\/\/berti.net\/wp-content\/uploads\/2017\/01\/bertistudio-scratch-1.jpg 900w, https:\/\/berti.net\/wp-content\/uploads\/2017\/01\/bertistudio-scratch-1-225x300.jpg 225w, https:\/\/berti.net\/wp-content\/uploads\/2017\/01\/bertistudio-scratch-1-768x1024.jpg 768w\" sizes=\"auto, (max-width: 900px) 100vw, 900px\" \/><\/figure>\n<\/div>\n<\/div>\n\n\n\n<div class=\"wp-block-column is-layout-flow wp-container-core-column-is-layout-22223934 wp-block-column-is-layout-flow\" style=\"flex-basis:50%\">\n<figure class=\"wp-block-image size-full is-style-default\"><img loading=\"lazy\" decoding=\"async\" width=\"900\" height=\"1200\" src=\"https:\/\/www.berti.net\/wp-content\/uploads\/2017\/01\/bertistudio-essence-oil-1.jpg\" alt=\"\" class=\"wp-image-8262\" srcset=\"https:\/\/berti.net\/wp-content\/uploads\/2017\/01\/bertistudio-essence-oil-1.jpg 900w, https:\/\/berti.net\/wp-content\/uploads\/2017\/01\/bertistudio-essence-oil-1-225x300.jpg 225w, https:\/\/berti.net\/wp-content\/uploads\/2017\/01\/bertistudio-essence-oil-1-768x1024.jpg 768w\" sizes=\"auto, (max-width: 900px) 100vw, 900px\" \/><\/figure>\n<\/div>\n<\/div>\n\n\n\n<div class=\"wp-block-group post-categories has-global-padding is-content-justification-left is-layout-constrained wp-container-core-group-is-layout-836d34cb wp-block-group-is-layout-constrained\" style=\"margin-top:var(--wp--preset--spacing--70);font-size:11px\">\n<div class=\"wp-block-group is-content-justification-center is-nowrap is-layout-flex wp-container-core-group-is-layout-60758a6d wp-block-group-is-layout-flex\">\n<p>Magazine \/<\/p>\n\n\n<div class=\"taxonomy-category wp-block-post-terms\"><a href=\"https:\/\/berti.net\/fr\/magazine\/category\/products-fr\/\" rel=\"tag\">Products<\/a><span class=\"wp-block-post-terms__separator\">, <\/span><a href=\"https:\/\/berti.net\/fr\/magazine\/category\/events-fr\/\" rel=\"tag\">Events<\/a><\/div><\/div>\n<\/div>\n<\/div>\n","protected":false},"excerpt":{"rendered":"<p>L&rsquo;une des meilleures nouvelles de l&rsquo;ann\u00e9e 2016 qui vient de s&rsquo;\u00e9couler pour Berti Pavimenti Legno a \u00e9t\u00e9 l&rsquo;ouverture du showroom \u00e0 Barcelone, Carrer del Rossel\u00f2 285,<br \/>\n, \u00e0 quelques pas de l&rsquo;impressionnante vue de la Sagrada Familia<br \/>\n.<\/p>\n","protected":false},"author":9,"featured_media":8257,"comment_status":"closed","ping_status":"closed","sticky":false,"template":"","format":"standard","meta":{"footnotes":""},"categories":[45,43],"tags":[],"class_list":["post-15519","post","type-post","status-publish","format-standard","has-post-thumbnail","hentry","category-products-fr","category-events-fr"],"_links":{"self":[{"href":"https:\/\/berti.net\/fr\/wp-json\/wp\/v2\/posts\/15519","targetHints":{"allow":["GET"]}}],"collection":[{"href":"https:\/\/berti.net\/fr\/wp-json\/wp\/v2\/posts"}],"about":[{"href":"https:\/\/berti.net\/fr\/wp-json\/wp\/v2\/types\/post"}],"author":[{"embeddable":true,"href":"https:\/\/berti.net\/fr\/wp-json\/wp\/v2\/users\/9"}],"replies":[{"embeddable":true,"href":"https:\/\/berti.net\/fr\/wp-json\/wp\/v2\/comments?post=15519"}],"version-history":[{"count":2,"href":"https:\/\/berti.net\/fr\/wp-json\/wp\/v2\/posts\/15519\/revisions"}],"predecessor-version":[{"id":21044,"href":"https:\/\/berti.net\/fr\/wp-json\/wp\/v2\/posts\/15519\/revisions\/21044"}],"wp:featuredmedia":[{"embeddable":true,"href":"https:\/\/berti.net\/fr\/wp-json\/wp\/v2\/media\/8257"}],"wp:attachment":[{"href":"https:\/\/berti.net\/fr\/wp-json\/wp\/v2\/media?parent=15519"}],"wp:term":[{"taxonomy":"category","embeddable":true,"href":"https:\/\/berti.net\/fr\/wp-json\/wp\/v2\/categories?post=15519"},{"taxonomy":"post_tag","embeddable":true,"href":"https:\/\/berti.net\/fr\/wp-json\/wp\/v2\/tags?post=15519"}],"curies":[{"name":"wp","href":"https:\/\/api.w.org\/{rel}","templated":true}]}}