{"id":15512,"date":"2016-09-30T12:50:44","date_gmt":"2016-09-30T12:50:44","guid":{"rendered":"https:\/\/www.berti.net\/magazine\/jai-parque-berti-a-la-television-sur-realtime-avec-lemission-ma-come-ti-vesti\/"},"modified":"2025-05-19T09:29:07","modified_gmt":"2025-05-19T09:29:07","slug":"jai-parque-berti-a-la-television-sur-realtime-avec-lemission-ma-come-ti-vesti","status":"publish","type":"post","link":"https:\/\/berti.net\/fr\/magazine\/jai-parque-berti-a-la-television-sur-realtime-avec-lemission-ma-come-ti-vesti\/","title":{"rendered":"J&rsquo;ai parqu\u00e9 Berti \u00e0 la t\u00e9l\u00e9vision sur RealTime avec l&rsquo;\u00e9mission \u00a0\u00bbMa come ti vesti ?!\u00a0\u00bb"},"content":{"rendered":"\n<div class=\"wp-block-group post-detail-pattern is-container has-base-2-color has-contrast-background-color has-text-color has-background has-link-color wp-elements-581be8f693ddd622de341bd2176b9839 has-global-padding is-layout-constrained wp-block-group-is-layout-constrained\" style=\"margin-top:0;margin-bottom:0;padding-top:var(--wp--preset--spacing--70);padding-bottom:var(--wp--preset--spacing--70)\">\n<div class=\"wp-block-columns alignwide is-layout-flex wp-container-core-columns-is-layout-d125203f wp-block-columns-is-layout-flex\" style=\"margin-bottom:var(--wp--preset--spacing--50)\">\n<div class=\"wp-block-column is-vertically-aligned-stretch is-layout-flow wp-block-column-is-layout-flow\" style=\"padding-right:0;flex-basis:50%\">\n<div class=\"wp-block-group is-vertical is-content-justification-stretch is-layout-flex wp-container-core-group-is-layout-e9e70883 wp-block-group-is-layout-flex\" style=\"min-height:100%\">\n<div class=\"wp-block-group post-categories is-nowrap is-layout-flex wp-container-core-group-is-layout-3155b93e wp-block-group-is-layout-flex\" style=\"margin-top:var(--wp--preset--spacing--20);font-size:11px\">\n<p>Magazine \/<\/p>\n\n\n<div class=\"taxonomy-category wp-block-post-terms\"><a href=\"https:\/\/berti.net\/fr\/magazine\/category\/products-fr\/\" rel=\"tag\">Products<\/a><span class=\"wp-block-post-terms__separator\">, <\/span><a href=\"https:\/\/berti.net\/fr\/magazine\/category\/events-fr\/\" rel=\"tag\">Events<\/a><span class=\"wp-block-post-terms__separator\">, <\/span><a href=\"https:\/\/berti.net\/fr\/magazine\/category\/projects-fr\/\" rel=\"tag\">Projects<\/a><\/div><\/div>\n\n\n<div style=\"font-style:normal;font-weight:600;text-transform:uppercase;\" class=\"has-link-color wp-elements-32859cd979b45056895d81c5660c23a0 wp-block-post-date has-text-color has-base-color has-s-font-size\"><time datetime=\"2016-09-30T12:50:44+00:00\">30 septembre 2016<\/time><\/div>\n\n\n<h1 class=\"wp-block-heading post-title\">J&rsquo;ai parqu\u00e9 <strong>Berti<\/strong> \u00e0 la t\u00e9l\u00e9vision sur <strong>RealTime<\/strong> avec l&rsquo;\u00e9mission <strong>\u00a0\u00bbMa come ti vesti ?!\u00a0\u00bb<\/strong><\/h1>\n\n\n\n<h2 class=\"wp-block-heading post-subtitle\" style=\"margin-bottom:var(--wp--preset--spacing--20)\">Les <strong>parquets Berti<\/strong> sont aussi des stars de la t\u00e9l\u00e9vision !<\/h2>\n\n\n\n<p>En effet, la neuvi\u00e8me saison de l&rsquo;\u00e9mission est diffus\u00e9e ces semaines-ci <strong><a href=\"https:\/\/blog.berti.net\/i-parquet-berti-in-tv-su-realtime-con-il-programma-ma-come-ti-vesti\/www.realtimetv.it\/programmi\/ma-come-ti-vesti\/\" target=\"_blank\" rel=\"noreferrer noopener\">Ma come ti vesti ?!<\/a><\/strong>anim\u00e9e par le c\u00e9l\u00e8bre couple <strong>Enzo Miccio<\/strong> et <strong>Carla Gozzi<\/strong>, diffus\u00e9e tous les mardis soirs \u00e0 21h10 sur <strong><a href=\"https:\/\/www.facebook.com\/realtimeitalia\/\" target=\"_blank\" rel=\"noopener\">Temps r\u00e9el<\/a><\/strong> avec la possibilit\u00e9 de revoir les \u00e9pisodes sur <strong>DPLAY<\/strong>.<\/p>\n\n\n\n<p>Tout au long de cette saison, le plateau de diffusion pourra compter sur la qualit\u00e9 des <strong>sols en bois Berti<\/strong>. <a href=\"https:\/\/www.berti.net\/product\/prodotti-inspiration\/\" target=\"_blank\" rel=\"noreferrer noopener\">La ligne <strong>INSPIRATION<\/strong> de la <strong>collection Berti Studio<\/strong><\/a>, mod\u00e8le Crystal a \u00e9t\u00e9 choisie pour cette mission prestigieuse.<\/p>\n\n\n\n<figure class=\"wp-block-image size-full is-style-default\"><img loading=\"lazy\" decoding=\"async\" width=\"2128\" height=\"1137\" src=\"https:\/\/www.berti.net\/wp-content\/uploads\/2016\/09\/macometivesti_bertipavimenti_150dpi1.jpg\" alt=\"\" class=\"wp-image-8345\" srcset=\"https:\/\/berti.net\/wp-content\/uploads\/2016\/09\/macometivesti_bertipavimenti_150dpi1.jpg 2128w, https:\/\/berti.net\/wp-content\/uploads\/2016\/09\/macometivesti_bertipavimenti_150dpi1-300x160.jpg 300w, https:\/\/berti.net\/wp-content\/uploads\/2016\/09\/macometivesti_bertipavimenti_150dpi1-1024x547.jpg 1024w, https:\/\/berti.net\/wp-content\/uploads\/2016\/09\/macometivesti_bertipavimenti_150dpi1-768x410.jpg 768w, https:\/\/berti.net\/wp-content\/uploads\/2016\/09\/macometivesti_bertipavimenti_150dpi1-1536x821.jpg 1536w, https:\/\/berti.net\/wp-content\/uploads\/2016\/09\/macometivesti_bertipavimenti_150dpi1-2048x1094.jpg 2048w\" sizes=\"auto, (max-width: 2128px) 100vw, 2128px\" \/><\/figure>\n\n\n\n<p>\u00a0\u00bb<strong>Ma come ti vesti ?!\u00a0\u00bb<\/strong> est une s\u00e9rie t\u00e9l\u00e9vis\u00e9e populaire qui tente d&rsquo;aider les personnes qui ont besoin de changer radicalement leur garde-robe, en \u00e9liminant parfois sans piti\u00e9 tout ce qui est de mauvais go\u00fbt. Enzo et Carla donnent ainsi aux protagonistes des looks sur mesure avant de leur confier la t\u00e2che difficile de faire du shopping seuls. \u00c0 la fin de la formation, les participants, ayant acquis un nouveau style, se pr\u00e9sentent \u00e0 leurs amis et \u00e0 leur famille.  <\/p>\n\n\n\n<p>Nous nous r\u00e9jouissons de cette nouvelle collaboration et vous invitons \u00e0 suivre de pr\u00e8s le programme, en direct et \u00e0 la demande, pour voir de vos propres yeux le splendide rendu de nos parquets.<\/p>\n\n\n\n<figure class=\"wp-block-image size-full is-style-default\"><img loading=\"lazy\" decoding=\"async\" width=\"1416\" height=\"2128\" src=\"https:\/\/www.berti.net\/wp-content\/uploads\/2016\/09\/macometivesti_bertipavimenti_02_150dpi.jpg\" alt=\"\" class=\"wp-image-8351\" srcset=\"https:\/\/berti.net\/wp-content\/uploads\/2016\/09\/macometivesti_bertipavimenti_02_150dpi.jpg 1416w, https:\/\/berti.net\/wp-content\/uploads\/2016\/09\/macometivesti_bertipavimenti_02_150dpi-200x300.jpg 200w, https:\/\/berti.net\/wp-content\/uploads\/2016\/09\/macometivesti_bertipavimenti_02_150dpi-681x1024.jpg 681w, https:\/\/berti.net\/wp-content\/uploads\/2016\/09\/macometivesti_bertipavimenti_02_150dpi-768x1154.jpg 768w, https:\/\/berti.net\/wp-content\/uploads\/2016\/09\/macometivesti_bertipavimenti_02_150dpi-1022x1536.jpg 1022w, https:\/\/berti.net\/wp-content\/uploads\/2016\/09\/macometivesti_bertipavimenti_02_150dpi-1363x2048.jpg 1363w\" sizes=\"auto, (max-width: 1416px) 100vw, 1416px\" \/><\/figure>\n<\/div>\n<\/div>\n\n\n\n<div class=\"wp-block-column is-layout-flow wp-container-core-column-is-layout-22223934 wp-block-column-is-layout-flow\" style=\"flex-basis:50%\">\n<figure class=\"wp-block-image size-full is-style-default\"><img loading=\"lazy\" decoding=\"async\" width=\"1348\" height=\"1792\" src=\"https:\/\/www.berti.net\/wp-content\/uploads\/2016\/09\/macometivesti_bertipavimenti_01_150dpi.jpg\" alt=\"\" class=\"wp-image-8354\" srcset=\"https:\/\/berti.net\/wp-content\/uploads\/2016\/09\/macometivesti_bertipavimenti_01_150dpi.jpg 1348w, https:\/\/berti.net\/wp-content\/uploads\/2016\/09\/macometivesti_bertipavimenti_01_150dpi-226x300.jpg 226w, https:\/\/berti.net\/wp-content\/uploads\/2016\/09\/macometivesti_bertipavimenti_01_150dpi-770x1024.jpg 770w, https:\/\/berti.net\/wp-content\/uploads\/2016\/09\/macometivesti_bertipavimenti_01_150dpi-768x1021.jpg 768w, https:\/\/berti.net\/wp-content\/uploads\/2016\/09\/macometivesti_bertipavimenti_01_150dpi-1155x1536.jpg 1155w\" sizes=\"auto, (max-width: 1348px) 100vw, 1348px\" \/><\/figure>\n<\/div>\n<\/div>\n\n\n\n<div class=\"wp-block-group post-categories has-global-padding is-content-justification-left is-layout-constrained wp-container-core-group-is-layout-836d34cb wp-block-group-is-layout-constrained\" style=\"margin-top:var(--wp--preset--spacing--70);font-size:11px\">\n<div class=\"wp-block-group is-content-justification-center is-nowrap is-layout-flex wp-container-core-group-is-layout-60758a6d wp-block-group-is-layout-flex\">\n<p>Magazine \/<\/p>\n\n\n<div class=\"taxonomy-category wp-block-post-terms\"><a href=\"https:\/\/berti.net\/fr\/magazine\/category\/products-fr\/\" rel=\"tag\">Products<\/a><span class=\"wp-block-post-terms__separator\">, <\/span><a href=\"https:\/\/berti.net\/fr\/magazine\/category\/events-fr\/\" rel=\"tag\">Events<\/a><span class=\"wp-block-post-terms__separator\">, <\/span><a href=\"https:\/\/berti.net\/fr\/magazine\/category\/projects-fr\/\" rel=\"tag\">Projects<\/a><\/div><\/div>\n<\/div>\n<\/div>\n","protected":false},"excerpt":{"rendered":"<p>J&rsquo;ai parqu\u00e9 Berti \u00e0 la t\u00e9l\u00e9vision sur RealTime avec l&rsquo;\u00e9mission \u00a0\u00bbMa come ti vesti ?!\u00a0\u00bb<\/p>\n","protected":false},"author":9,"featured_media":8347,"comment_status":"closed","ping_status":"closed","sticky":false,"template":"","format":"standard","meta":{"footnotes":""},"categories":[45,43,47],"tags":[],"class_list":["post-15512","post","type-post","status-publish","format-standard","has-post-thumbnail","hentry","category-products-fr","category-events-fr","category-projects-fr"],"_links":{"self":[{"href":"https:\/\/berti.net\/fr\/wp-json\/wp\/v2\/posts\/15512","targetHints":{"allow":["GET"]}}],"collection":[{"href":"https:\/\/berti.net\/fr\/wp-json\/wp\/v2\/posts"}],"about":[{"href":"https:\/\/berti.net\/fr\/wp-json\/wp\/v2\/types\/post"}],"author":[{"embeddable":true,"href":"https:\/\/berti.net\/fr\/wp-json\/wp\/v2\/users\/9"}],"replies":[{"embeddable":true,"href":"https:\/\/berti.net\/fr\/wp-json\/wp\/v2\/comments?post=15512"}],"version-history":[{"count":4,"href":"https:\/\/berti.net\/fr\/wp-json\/wp\/v2\/posts\/15512\/revisions"}],"predecessor-version":[{"id":21043,"href":"https:\/\/berti.net\/fr\/wp-json\/wp\/v2\/posts\/15512\/revisions\/21043"}],"wp:featuredmedia":[{"embeddable":true,"href":"https:\/\/berti.net\/fr\/wp-json\/wp\/v2\/media\/8347"}],"wp:attachment":[{"href":"https:\/\/berti.net\/fr\/wp-json\/wp\/v2\/media?parent=15512"}],"wp:term":[{"taxonomy":"category","embeddable":true,"href":"https:\/\/berti.net\/fr\/wp-json\/wp\/v2\/categories?post=15512"},{"taxonomy":"post_tag","embeddable":true,"href":"https:\/\/berti.net\/fr\/wp-json\/wp\/v2\/tags?post=15512"}],"curies":[{"name":"wp","href":"https:\/\/api.w.org\/{rel}","templated":true}]}}