{"id":15499,"date":"2016-05-17T14:55:34","date_gmt":"2016-05-17T14:55:34","guid":{"rendered":"https:\/\/www.berti.net\/magazine\/nouvelles-confirmations-pour-les-parquets-berti-avec-diesel-living\/"},"modified":"2025-05-19T09:30:18","modified_gmt":"2025-05-19T09:30:18","slug":"nouvelles-confirmations-pour-les-parquets-berti-avec-diesel-living","status":"publish","type":"post","link":"https:\/\/berti.net\/fr\/magazine\/nouvelles-confirmations-pour-les-parquets-berti-avec-diesel-living\/","title":{"rendered":"Nouvelles confirmations pour les parquets Berti avec Diesel Living"},"content":{"rendered":"\n<div class=\"wp-block-group post-detail-pattern is-container has-base-2-color has-contrast-background-color has-text-color has-background has-link-color wp-elements-5262c67a21c48310c77039fc479c3dc2 has-global-padding is-layout-constrained wp-block-group-is-layout-constrained\" style=\"margin-top:0;margin-bottom:0;padding-top:var(--wp--preset--spacing--70);padding-bottom:var(--wp--preset--spacing--70)\">\n<div class=\"wp-block-columns alignwide is-layout-flex wp-container-core-columns-is-layout-d125203f wp-block-columns-is-layout-flex\" style=\"margin-bottom:var(--wp--preset--spacing--50)\">\n<div class=\"wp-block-column is-vertically-aligned-stretch is-layout-flow wp-block-column-is-layout-flow\" style=\"padding-right:0;flex-basis:50%\">\n<div class=\"wp-block-group is-vertical is-content-justification-stretch is-layout-flex wp-container-core-group-is-layout-e9e70883 wp-block-group-is-layout-flex\" style=\"min-height:100%\">\n<div class=\"wp-block-group post-categories is-nowrap is-layout-flex wp-container-core-group-is-layout-3155b93e wp-block-group-is-layout-flex\" style=\"margin-top:var(--wp--preset--spacing--20);font-size:11px\">\n<p>Magazine \/<\/p>\n\n\n<div class=\"taxonomy-category wp-block-post-terms\"><a href=\"https:\/\/berti.net\/fr\/magazine\/category\/projects-fr\/\" rel=\"tag\">Projects<\/a><span class=\"wp-block-post-terms__separator\">, <\/span><a href=\"https:\/\/berti.net\/fr\/magazine\/category\/products-fr\/\" rel=\"tag\">Products<\/a><\/div><\/div>\n\n\n<div style=\"font-style:normal;font-weight:600;text-transform:uppercase;\" class=\"has-link-color wp-elements-32859cd979b45056895d81c5660c23a0 wp-block-post-date has-text-color has-base-color has-s-font-size\"><time datetime=\"2016-05-17T14:55:34+00:00\">17 mai 2016<\/time><\/div>\n\n\n<h1 class=\"wp-block-heading post-title\">Nouvelles confirmations pour les <strong>parquets Berti <\/strong>avec <strong>Diesel Living<\/strong><\/h1>\n\n\n\n<h2 class=\"wp-block-heading post-subtitle\" style=\"margin-bottom:var(--wp--preset--spacing--20)\">Il y a un mois, une nouvelle \u00e9dition passionnante du <strong>Salone del Mobile<\/strong> de Milan s&rsquo;est achev\u00e9e pour <strong>Berti Pavimenti Legno<\/strong>.<\/h2>\n\n\n\n<p>Cet \u00e9v\u00e9nement mondialement reconnu a atteint des chiffres records en termes de participation, mais aussi d&rsquo;un point de vue qualitatif, puisqu&rsquo;il a permis de nouer de nouvelles et importantes relations, tant humaines que professionnelles. Tout cela a fait de cet \u00e9v\u00e9nement une exp\u00e9rience dense et enrichissante. <\/p>\n\n\n\n<figure class=\"wp-block-image size-full is-style-default\"><img loading=\"lazy\" decoding=\"async\" width=\"1600\" height=\"1274\" src=\"https:\/\/www.berti.net\/wp-content\/uploads\/2016\/05\/bertidiesel2016_07.jpg\" alt=\"\" class=\"wp-image-8572\" srcset=\"https:\/\/berti.net\/wp-content\/uploads\/2016\/05\/bertidiesel2016_07.jpg 1600w, https:\/\/berti.net\/wp-content\/uploads\/2016\/05\/bertidiesel2016_07-300x239.jpg 300w, https:\/\/berti.net\/wp-content\/uploads\/2016\/05\/bertidiesel2016_07-1024x815.jpg 1024w, https:\/\/berti.net\/wp-content\/uploads\/2016\/05\/bertidiesel2016_07-768x612.jpg 768w, https:\/\/berti.net\/wp-content\/uploads\/2016\/05\/bertidiesel2016_07-1536x1223.jpg 1536w\" sizes=\"auto, (max-width: 1600px) 100vw, 1600px\" \/><\/figure>\n\n\n\n<p>Cette ann\u00e9e encore, comme l&rsquo;ann\u00e9e pr\u00e9c\u00e9dente, Berti et ses <strong>parquets<\/strong> sont pr\u00e9sents dans le stand exclusif <strong>Diesel Living<\/strong>, qui inclut dans sa proposition de design les meilleures et les plus s\u00e9lectionn\u00e9es des marques italiennes de mobilier, outre Berti, Scavolini, Moroso, Seletti, Foscarini et Iris Ceramica sont pr\u00e9sents.<\/p>\n\n\n\n<figure class=\"wp-block-image size-full is-style-default\"><img loading=\"lazy\" decoding=\"async\" width=\"960\" height=\"960\" src=\"https:\/\/www.berti.net\/wp-content\/uploads\/2016\/05\/bertidiesel2016_03.jpg\" alt=\"\" class=\"wp-image-8576\" srcset=\"https:\/\/berti.net\/wp-content\/uploads\/2016\/05\/bertidiesel2016_03.jpg 960w, https:\/\/berti.net\/wp-content\/uploads\/2016\/05\/bertidiesel2016_03-300x300.jpg 300w, https:\/\/berti.net\/wp-content\/uploads\/2016\/05\/bertidiesel2016_03-150x150.jpg 150w, https:\/\/berti.net\/wp-content\/uploads\/2016\/05\/bertidiesel2016_03-768x768.jpg 768w\" sizes=\"auto, (max-width: 960px) 100vw, 960px\" \/><\/figure>\n\n\n\n<figure class=\"wp-block-image size-full is-style-default\"><img loading=\"lazy\" decoding=\"async\" width=\"960\" height=\"960\" src=\"https:\/\/www.berti.net\/wp-content\/uploads\/2016\/05\/bertidiesel2016_04.jpg\" alt=\"\" class=\"wp-image-8585\" srcset=\"https:\/\/berti.net\/wp-content\/uploads\/2016\/05\/bertidiesel2016_04.jpg 960w, https:\/\/berti.net\/wp-content\/uploads\/2016\/05\/bertidiesel2016_04-300x300.jpg 300w, https:\/\/berti.net\/wp-content\/uploads\/2016\/05\/bertidiesel2016_04-150x150.jpg 150w, https:\/\/berti.net\/wp-content\/uploads\/2016\/05\/bertidiesel2016_04-768x768.jpg 768w\" sizes=\"auto, (max-width: 960px) 100vw, 960px\" \/><\/figure>\n\n\n\n<p>Pour M. Berti, il s&rsquo;agit d&rsquo;une confirmation tr\u00e8s importante, un an exactement apr\u00e8s qu&rsquo;il ait rejoint ce projet, qui s&rsquo;est d\u00e9roul\u00e9 en m\u00eame temps que la derni\u00e8re \u00e9dition du Salon.<\/p>\n\n\n\n<p>Dans cette \u00e9dition, le concept qui a inspir\u00e9 Diesel Living est r\u00e9sum\u00e9 dans la phrase<em>\u00a0\u00bbCome in, We&rsquo;re Open<\/em>!\u00a0\u00bb, une sorte d&rsquo;invitation collective \u00e0 exp\u00e9rimenter le \u00a0\u00bbDiesel way of living\u00a0\u00bb, dans un m\u00e9lange r\u00e9ussi et \u00e9quilibr\u00e9 de cr\u00e9ativit\u00e9, de mat\u00e9riaux de la plus haute qualit\u00e9 et d&rsquo;un d\u00e9sir constant d&rsquo;innovation qui transforme ainsi la maison en l&rsquo;endroit le plus d\u00e9sir\u00e9 au monde.<\/p>\n\n\n\n<p>Toutes les lignes de parquet Berti dans le cadre du projet Diesel Living ont \u00e9t\u00e9 appr\u00e9ci\u00e9es une fois de plus, signe que le march\u00e9 a appris rapidement \u00e0 saisir l&rsquo;esprit d&rsquo;innovation de cette proposition dont la qualit\u00e9 reste toujours \u00e0 des niveaux d&rsquo;excellence, typiques de nos standards de production.<\/p>\n\n\n\n<p>Nous rappelons ici les 6 lignes de parquet disponibles dans le <a href=\"https:\/\/store.diesel.com\/magazine\/it\/living-category\/flooring\/\" target=\"_blank\" rel=\"noreferrer noopener\">catalogue Diesel Living :<\/a><\/p>\n\n\n\n<ul class=\"wp-block-list\">\n<li><strong>OMBRE NOIRE<\/strong><\/li>\n\n\n\n<li><strong>OMBRE GRISE<\/strong><\/li>\n\n\n\n<li><strong>RRRED<\/strong><\/li>\n\n\n\n<li><strong>SPECIAL CAMO<\/strong><\/li>\n\n\n\n<li><strong>CARREAUX STUD<\/strong><\/li>\n\n\n\n<li><strong>CANVAS TRAIT\u00c9<\/strong><\/li>\n<\/ul>\n\n\n\n<p>Outre le succ\u00e8s de la ligne pour Diesel Living, il s&rsquo;agit d&rsquo;un moment tr\u00e8s sp\u00e9cial pour Berti, qui est \u00e9galement occup\u00e9 \u00e0 ouvrir un certain nombre de ses propres boutiques \u00e0 l&rsquo;\u00e9tranger et \u00e0 pr\u00e9senter une nouvelle collection.<\/p>\n\n\n\n<ul class=\"wp-block-list\">\n<li><strong>BERTI ESSENTIAL<\/strong><\/li>\n\n\n\n<li><strong>BERTI STUDIO INSPIRATION<\/strong><\/li>\n\n\n\n<li><strong>\u00c0 LA DEMANDE<\/strong><\/li>\n\n\n\n<li><strong>COLLECTION HAVANE<\/strong><\/li>\n<\/ul>\n\n\n\n<p>Pour tous les d\u00e9tails et les informations d\u00e9taill\u00e9es, veuillez consulter les sections d\u00e9di\u00e9es sur le site officiel <strong><a href=\"https:\/\/blog.berti.net\/nuove-conferme-per-i-parquet-berti-con-diesel-living\/www.berti.net\" target=\"_blank\" rel=\"noreferrer noopener\">www.berti.net<\/a><\/strong><\/p>\n<\/div>\n<\/div>\n\n\n\n<div class=\"wp-block-column is-layout-flow wp-container-core-column-is-layout-22223934 wp-block-column-is-layout-flow\" style=\"flex-basis:50%\">\n<figure class=\"wp-block-image size-full is-style-default\"><img loading=\"lazy\" decoding=\"async\" width=\"768\" height=\"960\" src=\"https:\/\/www.berti.net\/wp-content\/uploads\/2016\/05\/bertidiesel2016_02.jpg\" alt=\"\" class=\"wp-image-8579\" srcset=\"https:\/\/berti.net\/wp-content\/uploads\/2016\/05\/bertidiesel2016_02.jpg 768w, https:\/\/berti.net\/wp-content\/uploads\/2016\/05\/bertidiesel2016_02-240x300.jpg 240w\" sizes=\"auto, (max-width: 768px) 100vw, 768px\" \/><\/figure>\n\n\n\n<figure class=\"wp-block-image size-full is-style-default\"><img loading=\"lazy\" decoding=\"async\" width=\"768\" height=\"960\" src=\"https:\/\/www.berti.net\/wp-content\/uploads\/2016\/05\/bertidiesel2016_08.jpg\" alt=\"\" class=\"wp-image-8582\" srcset=\"https:\/\/berti.net\/wp-content\/uploads\/2016\/05\/bertidiesel2016_08.jpg 768w, https:\/\/berti.net\/wp-content\/uploads\/2016\/05\/bertidiesel2016_08-240x300.jpg 240w\" sizes=\"auto, (max-width: 768px) 100vw, 768px\" \/><\/figure>\n<\/div>\n<\/div>\n\n\n\n<div class=\"wp-block-group post-categories has-global-padding is-content-justification-left is-layout-constrained wp-container-core-group-is-layout-836d34cb wp-block-group-is-layout-constrained\" style=\"margin-top:var(--wp--preset--spacing--70);font-size:11px\">\n<div class=\"wp-block-group is-content-justification-center is-nowrap is-layout-flex wp-container-core-group-is-layout-60758a6d wp-block-group-is-layout-flex\">\n<p>Magazine \/<\/p>\n\n\n<div class=\"taxonomy-category wp-block-post-terms\"><a href=\"https:\/\/berti.net\/fr\/magazine\/category\/projects-fr\/\" rel=\"tag\">Projects<\/a><span class=\"wp-block-post-terms__separator\">, <\/span><a href=\"https:\/\/berti.net\/fr\/magazine\/category\/products-fr\/\" rel=\"tag\">Products<\/a><\/div><\/div>\n<\/div>\n<\/div>\n\n<p><\/p>\n","protected":false},"excerpt":{"rendered":"<p>Il y a un mois, une nouvelle \u00e9dition passionnante du Salone del Mobile de Milan s&rsquo;est achev\u00e9e pour Berti Pavimenti Legno.<\/p>\n","protected":false},"author":9,"featured_media":8574,"comment_status":"closed","ping_status":"closed","sticky":false,"template":"","format":"standard","meta":{"footnotes":""},"categories":[47,45],"tags":[],"class_list":["post-15499","post","type-post","status-publish","format-standard","has-post-thumbnail","hentry","category-projects-fr","category-products-fr"],"_links":{"self":[{"href":"https:\/\/berti.net\/fr\/wp-json\/wp\/v2\/posts\/15499","targetHints":{"allow":["GET"]}}],"collection":[{"href":"https:\/\/berti.net\/fr\/wp-json\/wp\/v2\/posts"}],"about":[{"href":"https:\/\/berti.net\/fr\/wp-json\/wp\/v2\/types\/post"}],"author":[{"embeddable":true,"href":"https:\/\/berti.net\/fr\/wp-json\/wp\/v2\/users\/9"}],"replies":[{"embeddable":true,"href":"https:\/\/berti.net\/fr\/wp-json\/wp\/v2\/comments?post=15499"}],"version-history":[{"count":2,"href":"https:\/\/berti.net\/fr\/wp-json\/wp\/v2\/posts\/15499\/revisions"}],"predecessor-version":[{"id":21080,"href":"https:\/\/berti.net\/fr\/wp-json\/wp\/v2\/posts\/15499\/revisions\/21080"}],"wp:featuredmedia":[{"embeddable":true,"href":"https:\/\/berti.net\/fr\/wp-json\/wp\/v2\/media\/8574"}],"wp:attachment":[{"href":"https:\/\/berti.net\/fr\/wp-json\/wp\/v2\/media?parent=15499"}],"wp:term":[{"taxonomy":"category","embeddable":true,"href":"https:\/\/berti.net\/fr\/wp-json\/wp\/v2\/categories?post=15499"},{"taxonomy":"post_tag","embeddable":true,"href":"https:\/\/berti.net\/fr\/wp-json\/wp\/v2\/tags?post=15499"}],"curies":[{"name":"wp","href":"https:\/\/api.w.org\/{rel}","templated":true}]}}