{"id":15471,"date":"2013-11-14T13:51:17","date_gmt":"2013-11-14T13:51:17","guid":{"rendered":"https:\/\/www.berti.net\/magazine\/les-parquets-berti-sur-elle-decor\/"},"modified":"2025-05-19T09:32:15","modified_gmt":"2025-05-19T09:32:15","slug":"les-parquets-berti-sur-elle-decor","status":"publish","type":"post","link":"https:\/\/berti.net\/fr\/magazine\/les-parquets-berti-sur-elle-decor\/","title":{"rendered":"Les parquets Berti sur Elle Decor"},"content":{"rendered":"\n<div class=\"wp-block-group post-detail-pattern is-container has-base-2-color has-contrast-background-color has-text-color has-background has-link-color wp-elements-5318ee020d7b51488ebf819b64440c7c has-global-padding is-layout-constrained wp-block-group-is-layout-constrained\" style=\"margin-top:0;margin-bottom:0;padding-top:var(--wp--preset--spacing--70);padding-bottom:var(--wp--preset--spacing--70)\">\n<div class=\"wp-block-columns alignwide is-layout-flex wp-container-core-columns-is-layout-d125203f wp-block-columns-is-layout-flex\" style=\"margin-bottom:var(--wp--preset--spacing--50)\">\n<div class=\"wp-block-column is-vertically-aligned-stretch is-layout-flow wp-block-column-is-layout-flow\" style=\"padding-right:0;flex-basis:50%\">\n<div class=\"wp-block-group is-vertical is-content-justification-stretch is-layout-flex wp-container-core-group-is-layout-e9e70883 wp-block-group-is-layout-flex\" style=\"min-height:100%\">\n<div class=\"wp-block-group post-categories is-nowrap is-layout-flex wp-container-core-group-is-layout-3155b93e wp-block-group-is-layout-flex\" style=\"margin-top:var(--wp--preset--spacing--20);font-size:11px\">\n<p>Magazine \/<\/p>\n\n\n<div class=\"taxonomy-category wp-block-post-terms\"><a href=\"https:\/\/berti.net\/fr\/magazine\/category\/products-fr\/\" rel=\"tag\">Products<\/a><span class=\"wp-block-post-terms__separator\">, <\/span><a href=\"https:\/\/berti.net\/fr\/magazine\/category\/projects-fr\/\" rel=\"tag\">Projects<\/a><\/div><\/div>\n\n\n<div style=\"font-style:normal;font-weight:600;text-transform:uppercase;\" class=\"has-link-color wp-elements-32859cd979b45056895d81c5660c23a0 wp-block-post-date has-text-color has-base-color has-s-font-size\"><time datetime=\"2013-11-14T13:51:17+00:00\">14 novembre 2013<\/time><\/div>\n\n\n<h1 class=\"wp-block-heading post-title\">Les parquets <strong>Berti<\/strong> sur <strong>Elle Decor<\/strong><\/h1>\n\n\n\n<h2 class=\"wp-block-heading post-subtitle\" style=\"margin-bottom:var(--wp--preset--spacing--20)\">Les parquets <strong>Berti<\/strong> \u00e9taient \u00e0 l&rsquo;honneur le mois dernier \u00e0 V\u00e9rone lors de l&rsquo;exposition <strong>Abitare il tempo<\/strong>, un \u00e9v\u00e9nement traditionnel de l<strong>&lsquo;ameublement italien<\/strong>.<\/h2>\n\n\n\n<p>Berti et ses parquets ont \u00e9t\u00e9 choisis par <strong>Elle Decor Italia<\/strong>, l&rsquo;un des principaux magazines nationaux de<strong> d\u00e9coration d&rsquo;int\u00e9rieur<\/strong>, pour faire partie de l&rsquo;une des six vitrines de l&rsquo;exposition \u00a0\u00bb<strong><em>Codes D\u00e9cor<\/em><\/strong>\u00a0\u00bbcr\u00e9\u00e9e dans le but de raconter la contamination entre l&rsquo;artisanat et le design contemporain.<\/p>\n\n\n\n<figure class=\"wp-block-image size-full is-style-default\"><img loading=\"lazy\" decoding=\"async\" width=\"519\" height=\"254\" src=\"https:\/\/www.berti.net\/wp-content\/uploads\/2013\/11\/Berti_elledecor02.png\" alt=\"\" class=\"wp-image-8932\" srcset=\"https:\/\/berti.net\/wp-content\/uploads\/2013\/11\/Berti_elledecor02.png 519w, https:\/\/berti.net\/wp-content\/uploads\/2013\/11\/Berti_elledecor02-300x147.png 300w\" sizes=\"auto, (max-width: 519px) 100vw, 519px\" \/><\/figure>\n\n\n\n<p>Ce mois-ci a \u00e9t\u00e9 marqu\u00e9 par la publication du nouveau Elle Decor, qui nous parle en d\u00e9tail de l&rsquo;exp\u00e9rience heureuse et cr\u00e9ative de V\u00e9rone :<\/p>\n\n\n\n<p>\u00a0\u00bb<em>Six interpr\u00e9tations diff\u00e9rentes de l&rsquo;espace domestique avec un langage \u00e9clectique, accessible et sophistiqu\u00e9. Les protagonistes sont les grands classiques du design et les <strong>exp\u00e9riences de design<\/strong>, des pi\u00e8ces uniques vol\u00e9es \u00e0 l&rsquo;art et aux productions en s\u00e9rie, choisies pour d\u00e9finir de nouveaux sc\u00e9narios possibles. Elle Decor Italia joue avec les contrastes de surfaces et de mat\u00e9riaux doux, de styles classiques ou contemporains. Il se concentre sur les d\u00e9tails, naturels et pr\u00e9cieux, mais toujours avec un \u0153il pour la couleur et la d\u00e9coration. Casse le moule et lib\u00e8re la cr\u00e9ativit\u00e9    <\/em>.\u00a0\u00bb<\/p>\n\n\n\n<figure class=\"wp-block-image size-full is-style-default\"><img loading=\"lazy\" decoding=\"async\" width=\"600\" height=\"900\" src=\"https:\/\/www.berti.net\/wp-content\/uploads\/2013\/11\/Berti-pavimenti-legno_parquet-elledecor06-.jpg\" alt=\"\" class=\"wp-image-8941\" srcset=\"https:\/\/berti.net\/wp-content\/uploads\/2013\/11\/Berti-pavimenti-legno_parquet-elledecor06-.jpg 600w, https:\/\/berti.net\/wp-content\/uploads\/2013\/11\/Berti-pavimenti-legno_parquet-elledecor06--200x300.jpg 200w\" sizes=\"auto, (max-width: 600px) 100vw, 600px\" \/><\/figure>\n\n\n\n<p>Plus pr\u00e9cis\u00e9ment, le parquet Berti utilis\u00e9 est un <strong>Rovere Espresso<\/strong> pr\u00e9fini <strong>, Vintage Berti Studio byBerti Pavimenti Legno line<\/strong>, avec une pose \u00e0 la hongroise.<\/p>\n\n\n\n<p>Le parquet en question a \u00e9t\u00e9 inclus dans le programme \u00a0\u00bb<strong>Borgh\u00e8se \u00e9clectique. Code d&rsquo;acc\u00e8s : eccentric chic <\/strong>\u00a0\u00bb :<\/p>\n\n\n\n<p>\u00a0\u00bb<em>Des teintes parisiennes pour un espace aux accents vaguement hausmanniens. Les stucs sur les murs et les rosaces au plafond dessinent les limites d&rsquo;un lieu qui se nourrit d&rsquo;accents. Dans un environnement habill\u00e9 de couleurs vives, cohabitent des pi\u00e8ces choisies dans le meilleur du<strong>design d&rsquo;art<\/strong> et des d\u00e9tails pr\u00e9cieux comme le cuir, l&rsquo;or et le laiton.  <\/em>.\u00a0\u00bb<\/p>\n<\/div>\n<\/div>\n\n\n\n<div class=\"wp-block-column is-layout-flow wp-container-core-column-is-layout-22223934 wp-block-column-is-layout-flow\" style=\"flex-basis:50%\">\n<figure class=\"wp-block-image size-full is-style-default\"><img loading=\"lazy\" decoding=\"async\" width=\"600\" height=\"803\" src=\"https:\/\/www.berti.net\/wp-content\/uploads\/2013\/11\/Berti-pavimenti-legno_parquet-elledecor04-.jpg\" alt=\"\" class=\"wp-image-8935\" srcset=\"https:\/\/berti.net\/wp-content\/uploads\/2013\/11\/Berti-pavimenti-legno_parquet-elledecor04-.jpg 600w, https:\/\/berti.net\/wp-content\/uploads\/2013\/11\/Berti-pavimenti-legno_parquet-elledecor04--224x300.jpg 224w\" sizes=\"auto, (max-width: 600px) 100vw, 600px\" \/><\/figure>\n\n\n\n<figure class=\"wp-block-image size-full is-style-default\"><img loading=\"lazy\" decoding=\"async\" width=\"600\" height=\"754\" src=\"https:\/\/www.berti.net\/wp-content\/uploads\/2013\/11\/Berti-pavimenti-legno_parquet-elledecor03-.jpg\" alt=\"\" class=\"wp-image-8938\" srcset=\"https:\/\/berti.net\/wp-content\/uploads\/2013\/11\/Berti-pavimenti-legno_parquet-elledecor03-.jpg 600w, https:\/\/berti.net\/wp-content\/uploads\/2013\/11\/Berti-pavimenti-legno_parquet-elledecor03--239x300.jpg 239w\" sizes=\"auto, (max-width: 600px) 100vw, 600px\" \/><\/figure>\n<\/div>\n<\/div>\n\n\n\n<div class=\"wp-block-group post-categories has-global-padding is-content-justification-left is-layout-constrained wp-container-core-group-is-layout-836d34cb wp-block-group-is-layout-constrained\" style=\"margin-top:var(--wp--preset--spacing--70);font-size:11px\">\n<div class=\"wp-block-group is-content-justification-center is-nowrap is-layout-flex wp-container-core-group-is-layout-60758a6d wp-block-group-is-layout-flex\">\n<p>Magazine \/<\/p>\n\n\n<div class=\"taxonomy-category wp-block-post-terms\"><a href=\"https:\/\/berti.net\/fr\/magazine\/category\/products-fr\/\" rel=\"tag\">Products<\/a><span class=\"wp-block-post-terms__separator\">, <\/span><a href=\"https:\/\/berti.net\/fr\/magazine\/category\/projects-fr\/\" rel=\"tag\">Projects<\/a><\/div><\/div>\n<\/div>\n<\/div>\n\n<p><\/p>\n","protected":false},"excerpt":{"rendered":"<p>Les parquets Berti \u00e9taient \u00e0 l&rsquo;honneur le mois dernier \u00e0 V\u00e9rone lors de l&rsquo;exposition Abitare il tempo, un \u00e9v\u00e9nement traditionnel de l&rsquo;ameublement italien.<\/p>\n","protected":false},"author":9,"featured_media":8934,"comment_status":"closed","ping_status":"closed","sticky":false,"template":"","format":"standard","meta":{"footnotes":""},"categories":[45,47],"tags":[],"class_list":["post-15471","post","type-post","status-publish","format-standard","has-post-thumbnail","hentry","category-products-fr","category-projects-fr"],"_links":{"self":[{"href":"https:\/\/berti.net\/fr\/wp-json\/wp\/v2\/posts\/15471","targetHints":{"allow":["GET"]}}],"collection":[{"href":"https:\/\/berti.net\/fr\/wp-json\/wp\/v2\/posts"}],"about":[{"href":"https:\/\/berti.net\/fr\/wp-json\/wp\/v2\/types\/post"}],"author":[{"embeddable":true,"href":"https:\/\/berti.net\/fr\/wp-json\/wp\/v2\/users\/9"}],"replies":[{"embeddable":true,"href":"https:\/\/berti.net\/fr\/wp-json\/wp\/v2\/comments?post=15471"}],"version-history":[{"count":2,"href":"https:\/\/berti.net\/fr\/wp-json\/wp\/v2\/posts\/15471\/revisions"}],"predecessor-version":[{"id":21137,"href":"https:\/\/berti.net\/fr\/wp-json\/wp\/v2\/posts\/15471\/revisions\/21137"}],"wp:featuredmedia":[{"embeddable":true,"href":"https:\/\/berti.net\/fr\/wp-json\/wp\/v2\/media\/8934"}],"wp:attachment":[{"href":"https:\/\/berti.net\/fr\/wp-json\/wp\/v2\/media?parent=15471"}],"wp:term":[{"taxonomy":"category","embeddable":true,"href":"https:\/\/berti.net\/fr\/wp-json\/wp\/v2\/categories?post=15471"},{"taxonomy":"post_tag","embeddable":true,"href":"https:\/\/berti.net\/fr\/wp-json\/wp\/v2\/tags?post=15471"}],"curies":[{"name":"wp","href":"https:\/\/api.w.org\/{rel}","templated":true}]}}