{"id":15467,"date":"2013-11-07T14:23:19","date_gmt":"2013-11-07T14:23:19","guid":{"rendered":"https:\/\/www.berti.net\/magazine\/berti-advisory-puis-je-mettre-du-parquet-dans-la-salle-de-bains-le-parquet-est-il-acceptable-dans-la-cuisine\/"},"modified":"2025-05-19T09:32:11","modified_gmt":"2025-05-19T09:32:11","slug":"berti-advisory-puis-je-mettre-du-parquet-dans-la-salle-de-bains-le-parquet-est-il-acceptable-dans-la-cuisine","status":"publish","type":"post","link":"https:\/\/berti.net\/fr\/magazine\/berti-advisory-puis-je-mettre-du-parquet-dans-la-salle-de-bains-le-parquet-est-il-acceptable-dans-la-cuisine\/","title":{"rendered":"Berti Advisory : Puis-je mettre du parquet dans la salle de bains ? Le parquet est-il acceptable dans la cuisine ?"},"content":{"rendered":"\n<div class=\"wp-block-group post-detail-pattern is-container has-base-2-color has-contrast-background-color has-text-color has-background has-link-color wp-elements-4cfde8d76f138e6fcf137b39088c65d9 has-global-padding is-layout-constrained wp-block-group-is-layout-constrained\" style=\"margin-top:0;margin-bottom:0;padding-top:var(--wp--preset--spacing--70);padding-bottom:var(--wp--preset--spacing--70)\">\n<div class=\"wp-block-columns alignwide is-layout-flex wp-container-core-columns-is-layout-d125203f wp-block-columns-is-layout-flex\" style=\"margin-bottom:var(--wp--preset--spacing--50)\">\n<div class=\"wp-block-column is-vertically-aligned-stretch is-layout-flow wp-block-column-is-layout-flow\" style=\"padding-right:0;flex-basis:50%\">\n<div class=\"wp-block-group is-vertical is-content-justification-stretch is-layout-flex wp-container-core-group-is-layout-e9e70883 wp-block-group-is-layout-flex\" style=\"min-height:100%\">\n<div class=\"wp-block-group post-categories is-nowrap is-layout-flex wp-container-core-group-is-layout-3155b93e wp-block-group-is-layout-flex\" style=\"margin-top:var(--wp--preset--spacing--20);font-size:11px\">\n<p>Magazine \/<\/p>\n\n\n<div class=\"taxonomy-category wp-block-post-terms\"><a href=\"https:\/\/berti.net\/fr\/magazine\/category\/products-fr\/\" rel=\"tag\">Products<\/a><span class=\"wp-block-post-terms__separator\">, <\/span><a href=\"https:\/\/berti.net\/fr\/magazine\/category\/projects-fr\/\" rel=\"tag\">Projects<\/a><\/div><\/div>\n\n\n<div style=\"font-style:normal;font-weight:600;text-transform:uppercase;\" class=\"has-link-color wp-elements-32859cd979b45056895d81c5660c23a0 wp-block-post-date has-text-color has-base-color has-s-font-size\"><time datetime=\"2013-11-07T14:23:19+00:00\">7 novembre 2013<\/time><\/div>\n\n\n<h1 class=\"wp-block-heading post-title\"><strong>Berti Advisory<\/strong>: Puis-je mettre du <strong>parquet dans la salle de bains ?<\/strong> Le parquet est-il acceptable dans la cuisine ?<\/h1>\n\n\n\n<h2 class=\"wp-block-heading post-subtitle\" style=\"margin-bottom:var(--wp--preset--spacing--20)\">Qui aime <a href=\"https:\/\/www.berti.net\/collezioni\" target=\"_blank\" rel=\"noreferrer noopener\"><strong>le parquet<\/strong><\/a> D&rsquo;une part, il y a le d\u00e9sir de donner une continuit\u00e9 \u00e0 la pi\u00e8ce et, d&rsquo;autre part, il y a la crainte que ce mat\u00e9riau soit trop d\u00e9licat ou inadapt\u00e9 aux pi\u00e8ces telles que les salles de bains et les cuisines, o\u00f9 le \u00a0\u00bbdanger de l&rsquo;eau, de l&rsquo;humidit\u00e9 et des temp\u00e9ratures\u00a0\u00bb est toujours pr\u00e9sent.<\/h2>\n\n\n\n<p>Berti Consiglia vous aide \u00e0 r\u00e9pondre \u00e0 cette question : peut-on poser du parquet n&rsquo;importe o\u00f9 ? Puis-je mettre du <strong>parquet dans la salle de bains<\/strong>? Comment traiter les r\u00e9actions de l&rsquo;eau et du bois ?<\/p>\n\n\n\n<figure class=\"wp-block-image size-full is-style-default\"><img loading=\"lazy\" decoding=\"async\" width=\"1035\" height=\"352\" src=\"https:\/\/www.berti.net\/wp-content\/uploads\/2013\/11\/Berti-consiglia-parquet_bagno.jpg\" alt=\"\" class=\"wp-image-8950\" srcset=\"https:\/\/berti.net\/wp-content\/uploads\/2013\/11\/Berti-consiglia-parquet_bagno.jpg 1035w, https:\/\/berti.net\/wp-content\/uploads\/2013\/11\/Berti-consiglia-parquet_bagno-300x102.jpg 300w, https:\/\/berti.net\/wp-content\/uploads\/2013\/11\/Berti-consiglia-parquet_bagno-1024x348.jpg 1024w, https:\/\/berti.net\/wp-content\/uploads\/2013\/11\/Berti-consiglia-parquet_bagno-768x261.jpg 768w\" sizes=\"auto, (max-width: 1035px) 100vw, 1035px\" \/><\/figure>\n\n\n\n<p>Commen\u00e7ons par une consid\u00e9ration tr\u00e8s simple, qui nous permet d&rsquo;\u00e9viter de nous prendre la t\u00eate pour rien : il peut arriver qu&rsquo;un peu d&rsquo;eau tombe accidentellement sur le sol, mais si nous intervenons pour la s\u00e9cher dans le m\u00eame temps que celui n\u00e9cessaire au s\u00e9chage d&rsquo;un carrelage normal, <strong>il n&rsquo;y aura pas de probl\u00e8me<\/strong>. Les temps d&rsquo;absorption du bois sont longs et plus que suffisants pour pouvoir intervenir pour s\u00e9cher sans courir ni s&rsquo;inqui\u00e9ter inutilement. <\/p>\n\n\n\n<p>Nous pouvons donc affirmer sans l&rsquo;ombre d&rsquo;un doute qu&rsquo;il n&rsquo;y a absolument aucune contre-indication \u00e0 la <a href=\"https:\/\/www.berti.net\/info-e-supporto\/faq-berti\/faq-generiche\/\" target=\"_blank\" rel=\"noreferrer noopener\">pose d&rsquo;un parquet dans la cuisine ou la salle de bains<\/a>. L&rsquo;eau, si elle n&rsquo;est pas stagnante, n&rsquo;endommage pas le parquet. <\/p>\n\n\n\n<figure class=\"wp-block-image size-full is-style-default\"><img loading=\"lazy\" decoding=\"async\" width=\"1116\" height=\"800\" src=\"https:\/\/www.berti.net\/wp-content\/uploads\/2013\/11\/berti-parquet-bagno.jpg\" alt=\"\" class=\"wp-image-8954\" srcset=\"https:\/\/berti.net\/wp-content\/uploads\/2013\/11\/berti-parquet-bagno.jpg 1116w, https:\/\/berti.net\/wp-content\/uploads\/2013\/11\/berti-parquet-bagno-300x215.jpg 300w, https:\/\/berti.net\/wp-content\/uploads\/2013\/11\/berti-parquet-bagno-1024x734.jpg 1024w, https:\/\/berti.net\/wp-content\/uploads\/2013\/11\/berti-parquet-bagno-768x551.jpg 768w\" sizes=\"auto, (max-width: 1116px) 100vw, 1116px\" \/><\/figure>\n\n\n\n<p>Lors du choix des essences de bois, il faut veiller \u00e0 utiliser celles qui r\u00e9agissent avec une plus grande stabilit\u00e9 au contact de l&rsquo;humidit\u00e9. En ce sens, le Doussi\u00e8, le Merbau, l&rsquo;Iroko et le Teck sont excellents. Si votre choix se porte sur le ch\u00eane, il convient d&rsquo;\u00eatre prudent, car les parquets en ch\u00eane ont tendance, au contact de l&rsquo;humidit\u00e9, \u00e0 cr\u00e9er des taches noir\u00e2tres en raison du tanin tr\u00e8s pr\u00e9sent dans cette essence de bois.  <\/p>\n\n\n\n<p>Dans la salle de bains en particulier, il est toujours pr\u00e9f\u00e9rable de poser du parquet coll\u00e9 : de cette fa\u00e7on, l&rsquo;eau ne s&rsquo;infiltrera pas entre le sol en bois et la chape. Une autre bonne pratique consiste \u00e0 intervenir dans l&rsquo;espace entre le mur et le parquet en appliquant un peu de silicone qui, \u00e9tant un mat\u00e9riau particuli\u00e8rement \u00e9lastique, scelle parfaitement, tout en laissant les lames de parquet libres de se d\u00e9placer horizontalement. <\/p>\n\n\n\n<p>Il est certainement pr\u00e9f\u00e9rable de choisir un parquet verni qui, contrairement au parquet huil\u00e9, n&rsquo;est pas absorbant et peut \u00eatre facilement nettoy\u00e9 \u00e0 l&rsquo;aide d&rsquo;un chiffon humide.<\/p>\n\n\n\n<figure class=\"wp-block-image size-full is-style-default\"><img loading=\"lazy\" decoding=\"async\" width=\"1200\" height=\"915\" src=\"https:\/\/www.berti.net\/wp-content\/uploads\/2013\/11\/Berti-consiglia-pavimento-legno-wenge-bagno.jpg\" alt=\"\" class=\"wp-image-8963\" srcset=\"https:\/\/berti.net\/wp-content\/uploads\/2013\/11\/Berti-consiglia-pavimento-legno-wenge-bagno.jpg 1200w, https:\/\/berti.net\/wp-content\/uploads\/2013\/11\/Berti-consiglia-pavimento-legno-wenge-bagno-300x229.jpg 300w, https:\/\/berti.net\/wp-content\/uploads\/2013\/11\/Berti-consiglia-pavimento-legno-wenge-bagno-1024x781.jpg 1024w, https:\/\/berti.net\/wp-content\/uploads\/2013\/11\/Berti-consiglia-pavimento-legno-wenge-bagno-768x586.jpg 768w\" sizes=\"auto, (max-width: 1200px) 100vw, 1200px\" \/><\/figure>\n\n\n\n<p>La pr\u00e9sence d&rsquo;<strong>humidit\u00e9<\/strong> dans la salle de bains est un aspect qui doit \u00eatre soigneusement \u00e9valu\u00e9 : c&rsquo;est un agent beaucoup plus dommageable, bien qu&rsquo;il soit moins visible que la pr\u00e9sence de gouttes ou d&rsquo;eau sur la surface.<\/p>\n\n\n\n<p>Dans tous les cas, une bonne r\u00e8gle pour pouvoir utiliser sa salle de bains en toute tranquillit\u00e9 est de prendre soin des sols en ouvrant toujours les fen\u00eatres pour a\u00e9rer les pi\u00e8ces apr\u00e8s l&rsquo;utilisation de douches ou autres, afin que l&rsquo;humidit\u00e9 qui s&rsquo;est install\u00e9e \u00e0 l&rsquo;int\u00e9rieur des pi\u00e8ces puisse s&rsquo;\u00e9chapper et \u00e9viter d&rsquo;alt\u00e9rer les sols.<\/p>\n<\/div>\n<\/div>\n\n\n\n<div class=\"wp-block-column is-layout-flow wp-container-core-column-is-layout-22223934 wp-block-column-is-layout-flow\" style=\"flex-basis:50%\">\n<figure class=\"wp-block-image size-full is-style-default\"><img loading=\"lazy\" decoding=\"async\" width=\"2316\" height=\"2520\" src=\"https:\/\/www.berti.net\/wp-content\/uploads\/2013\/11\/berti-parquet-prefinito-multistrato.jpg\" alt=\"\" class=\"wp-image-8966\" srcset=\"https:\/\/berti.net\/wp-content\/uploads\/2013\/11\/berti-parquet-prefinito-multistrato.jpg 2316w, https:\/\/berti.net\/wp-content\/uploads\/2013\/11\/berti-parquet-prefinito-multistrato-276x300.jpg 276w, https:\/\/berti.net\/wp-content\/uploads\/2013\/11\/berti-parquet-prefinito-multistrato-941x1024.jpg 941w, https:\/\/berti.net\/wp-content\/uploads\/2013\/11\/berti-parquet-prefinito-multistrato-768x836.jpg 768w, https:\/\/berti.net\/wp-content\/uploads\/2013\/11\/berti-parquet-prefinito-multistrato-1412x1536.jpg 1412w, https:\/\/berti.net\/wp-content\/uploads\/2013\/11\/berti-parquet-prefinito-multistrato-1882x2048.jpg 1882w\" sizes=\"auto, (max-width: 2316px) 100vw, 2316px\" \/><\/figure>\n\n\n\n<p>En ce qui concerne la <strong>cuisine<\/strong>, il est pr\u00e9f\u00e9rable d&rsquo;utiliser des parquets fabriqu\u00e9s avec des bois caract\u00e9ris\u00e9s par une plus grande duret\u00e9, car dans ce type de pi\u00e8ce, la probabilit\u00e9 de chute d&rsquo;objets lourds (comme les casseroles et les couverts) est beaucoup plus fr\u00e9quente. Il est donc pr\u00e9f\u00e9rable de r\u00e9duire le risque de bosses en choisissant des bois tels que le Doussi\u00e8, l&rsquo;Iroko, le Ch\u00eane, le Fr\u00eane et le Merabau. <\/p>\n\n\n\n<p>Suivez les conseils de Berti pour profiter de votre parquet dans la salle de bain, la cuisine et dans toute votre maison !<\/p>\n<\/div>\n<\/div>\n\n\n\n<div class=\"wp-block-group post-categories has-global-padding is-content-justification-left is-layout-constrained wp-container-core-group-is-layout-836d34cb wp-block-group-is-layout-constrained\" style=\"margin-top:var(--wp--preset--spacing--70);font-size:11px\">\n<div class=\"wp-block-group is-content-justification-center is-nowrap is-layout-flex wp-container-core-group-is-layout-60758a6d wp-block-group-is-layout-flex\">\n<p>Magazine \/<\/p>\n\n\n<div class=\"taxonomy-category wp-block-post-terms\"><a href=\"https:\/\/berti.net\/fr\/magazine\/category\/products-fr\/\" rel=\"tag\">Products<\/a><span class=\"wp-block-post-terms__separator\">, <\/span><a href=\"https:\/\/berti.net\/fr\/magazine\/category\/projects-fr\/\" rel=\"tag\">Projects<\/a><\/div><\/div>\n<\/div>\n<\/div>\n\n<p><\/p>\n","protected":false},"excerpt":{"rendered":"<p>Puis-je mettre du parquet dans la salle de bains ?<\/p>\n","protected":false},"author":9,"featured_media":8952,"comment_status":"closed","ping_status":"closed","sticky":false,"template":"","format":"standard","meta":{"footnotes":""},"categories":[45,47],"tags":[],"class_list":["post-15467","post","type-post","status-publish","format-standard","has-post-thumbnail","hentry","category-products-fr","category-projects-fr"],"_links":{"self":[{"href":"https:\/\/berti.net\/fr\/wp-json\/wp\/v2\/posts\/15467","targetHints":{"allow":["GET"]}}],"collection":[{"href":"https:\/\/berti.net\/fr\/wp-json\/wp\/v2\/posts"}],"about":[{"href":"https:\/\/berti.net\/fr\/wp-json\/wp\/v2\/types\/post"}],"author":[{"embeddable":true,"href":"https:\/\/berti.net\/fr\/wp-json\/wp\/v2\/users\/9"}],"replies":[{"embeddable":true,"href":"https:\/\/berti.net\/fr\/wp-json\/wp\/v2\/comments?post=15467"}],"version-history":[{"count":2,"href":"https:\/\/berti.net\/fr\/wp-json\/wp\/v2\/posts\/15467\/revisions"}],"predecessor-version":[{"id":21132,"href":"https:\/\/berti.net\/fr\/wp-json\/wp\/v2\/posts\/15467\/revisions\/21132"}],"wp:featuredmedia":[{"embeddable":true,"href":"https:\/\/berti.net\/fr\/wp-json\/wp\/v2\/media\/8952"}],"wp:attachment":[{"href":"https:\/\/berti.net\/fr\/wp-json\/wp\/v2\/media?parent=15467"}],"wp:term":[{"taxonomy":"category","embeddable":true,"href":"https:\/\/berti.net\/fr\/wp-json\/wp\/v2\/categories?post=15467"},{"taxonomy":"post_tag","embeddable":true,"href":"https:\/\/berti.net\/fr\/wp-json\/wp\/v2\/tags?post=15467"}],"curies":[{"name":"wp","href":"https:\/\/api.w.org\/{rel}","templated":true}]}}