{"id":15455,"date":"2013-07-03T07:49:01","date_gmt":"2013-07-03T07:49:01","guid":{"rendered":"https:\/\/www.berti.net\/magazine\/berti-consiglia-pose-de-parquet\/"},"modified":"2025-05-19T09:32:57","modified_gmt":"2025-05-19T09:32:57","slug":"berti-consiglia-pose-de-parquet","status":"publish","type":"post","link":"https:\/\/berti.net\/fr\/magazine\/berti-consiglia-pose-de-parquet\/","title":{"rendered":"Berti Consiglia : pose de parquet"},"content":{"rendered":"\n<div class=\"wp-block-group post-detail-pattern is-container has-base-2-color has-contrast-background-color has-text-color has-background has-link-color wp-elements-530ea186e756bef571c2a1e20042703d has-global-padding is-layout-constrained wp-block-group-is-layout-constrained\" style=\"margin-top:0;margin-bottom:0;padding-top:var(--wp--preset--spacing--70);padding-bottom:var(--wp--preset--spacing--70)\">\n<div class=\"wp-block-columns alignwide is-layout-flex wp-container-core-columns-is-layout-d125203f wp-block-columns-is-layout-flex\" style=\"margin-bottom:var(--wp--preset--spacing--50)\">\n<div class=\"wp-block-column is-vertically-aligned-stretch is-layout-flow wp-block-column-is-layout-flow\" style=\"padding-right:0;flex-basis:50%\">\n<div class=\"wp-block-group is-vertical is-content-justification-stretch is-layout-flex wp-container-core-group-is-layout-e9e70883 wp-block-group-is-layout-flex\" style=\"min-height:100%\">\n<div class=\"wp-block-group post-categories is-nowrap is-layout-flex wp-container-core-group-is-layout-3155b93e wp-block-group-is-layout-flex\" style=\"margin-top:var(--wp--preset--spacing--20);font-size:11px\">\n<p>Magazine \/<\/p>\n\n\n<div class=\"taxonomy-category wp-block-post-terms\"><a href=\"https:\/\/berti.net\/fr\/magazine\/category\/products-fr\/\" rel=\"tag\">Products<\/a><span class=\"wp-block-post-terms__separator\">, <\/span><a href=\"https:\/\/berti.net\/fr\/magazine\/category\/events-fr\/\" rel=\"tag\">Events<\/a><\/div><\/div>\n\n\n<div style=\"font-style:normal;font-weight:600;text-transform:uppercase;\" class=\"has-link-color wp-elements-32859cd979b45056895d81c5660c23a0 wp-block-post-date has-text-color has-base-color has-s-font-size\"><time datetime=\"2013-07-03T07:49:01+00:00\">3 juillet 2013<\/time><\/div>\n\n\n<h1 class=\"wp-block-heading post-title\"><strong>Berti Consiglia<\/strong>: <strong>pose de<\/strong> parquet<\/h1>\n\n\n\n<h2 class=\"wp-block-heading post-subtitle\" style=\"margin-bottom:var(--wp--preset--spacing--20)\">Une fois que vous avez choisi l&rsquo;essence et le format de votre parquet, vient le <strong>moment de la pose.<\/strong> Il s&rsquo;agit d&rsquo;une d\u00e9cision \u00e0 prendre <strong>avant de commander du<\/strong> parquet, car le type de pose influe \u00e9galement sur la <strong>quantit\u00e9 de<\/strong> <strong>parquet<\/strong> \u00e0 <strong>commander<\/strong>.<\/h2>\n\n\n\n<figure class=\"wp-block-image size-full is-style-default\"><img loading=\"lazy\" decoding=\"async\" width=\"1035\" height=\"352\" src=\"https:\/\/www.berti.net\/wp-content\/uploads\/2013\/07\/Berti-consiglia-scelta-posa.jpg\" alt=\"\" class=\"wp-image-9135\" srcset=\"https:\/\/berti.net\/wp-content\/uploads\/2013\/07\/Berti-consiglia-scelta-posa.jpg 1035w, https:\/\/berti.net\/wp-content\/uploads\/2013\/07\/Berti-consiglia-scelta-posa-300x102.jpg 300w, https:\/\/berti.net\/wp-content\/uploads\/2013\/07\/Berti-consiglia-scelta-posa-1024x348.jpg 1024w, https:\/\/berti.net\/wp-content\/uploads\/2013\/07\/Berti-consiglia-scelta-posa-768x261.jpg 768w\" sizes=\"auto, (max-width: 1035px) 100vw, 1035px\" \/><\/figure>\n\n\n\n<p>La <a href=\"https:\/\/www.berti.net\/faq\/faq\/tecniche\/tipologie-di-posa\" target=\"_blank\" rel=\"noreferrer noopener\"><strong>pose de parquet<\/strong><\/a> est une phase d\u00e9licate et exigeante : il est toujours recommand\u00e9 de s&rsquo;adresser \u00e0 un personnel sp\u00e9cialis\u00e9. Dans le cas contraire, le mat\u00e9riau choisi avec soin, qui est l&rsquo;un des plus pr\u00e9cieux et des plus avanc\u00e9s sur le plan technique, risque d&rsquo;\u00eatre compromis par une installation non professionnelle. <\/p>\n\n\n\n<figure class=\"wp-block-image size-full is-style-default\"><img loading=\"lazy\" decoding=\"async\" width=\"1095\" height=\"800\" src=\"https:\/\/www.berti.net\/wp-content\/uploads\/2013\/07\/Berti-pavimenti-parquet-geometria-di-posa.jpg\" alt=\"\" class=\"wp-image-9139\" srcset=\"https:\/\/berti.net\/wp-content\/uploads\/2013\/07\/Berti-pavimenti-parquet-geometria-di-posa.jpg 1095w, https:\/\/berti.net\/wp-content\/uploads\/2013\/07\/Berti-pavimenti-parquet-geometria-di-posa-300x219.jpg 300w, https:\/\/berti.net\/wp-content\/uploads\/2013\/07\/Berti-pavimenti-parquet-geometria-di-posa-1024x748.jpg 1024w, https:\/\/berti.net\/wp-content\/uploads\/2013\/07\/Berti-pavimenti-parquet-geometria-di-posa-768x561.jpg 768w\" sizes=\"auto, (max-width: 1095px) 100vw, 1095px\" \/><\/figure>\n\n\n\n<p>Cela dit, la pose peut \u00eatre comprise sous deux aspects : la g\u00e9om\u00e9trie de pose et le type de pose. Si la premi\u00e8re est plus esth\u00e9tique, le type de pose d\u00e9pend du support existant et des contraintes techniques. <\/p>\n\n\n\n<p><strong>LA G\u00c9OM\u00c9TRIE DE POSE<\/strong><\/p>\n\n\n\n<p>La <a href=\"https:\/\/www.berti.net\/faq\/faq\/tecniche\/cose-la-geometria-di-posa\" target=\"_blank\" rel=\"noreferrer noopener\"><strong>g\u00e9om\u00e9trie de pose<\/strong><\/a> est le motif cr\u00e9\u00e9 par la combinaison des \u00e9l\u00e9ments individuels qui composent votre rev\u00eatement de sol en bois. Il existe de nombreux <a href=\"https:\/\/www.berti.net\/faq\/faq\/tecniche\/cose-la-geometria-di-posa\" target=\"_blank\" rel=\"noreferrer noopener\">types de pose<\/a> et, en th\u00e9orie, nous pourrions dire que la seule limite est votre imagination. L&rsquo;aspect final qui caract\u00e9risera votre parquet d\u00e9pend de nombreux facteurs, de la taille des modules de bois, du choix de mosa\u00efques g\u00e9om\u00e9triques ou non g\u00e9om\u00e9triques, et de l&rsquo;inventivit\u00e9 utilis\u00e9e dans la combinaison. En g\u00e9n\u00e9ral, pour les poses qui suivent le trac\u00e9 des murs, il faut tenir compte de moins de d\u00e9chets (environ 4\/5%) ; pour les poses en diagonale, il faut commander environ 10% de d\u00e9chets en plus.   <\/p>\n\n\n\n<figure class=\"wp-block-image size-full is-style-default\"><img loading=\"lazy\" decoding=\"async\" width=\"492\" height=\"395\" src=\"https:\/\/www.berti.net\/wp-content\/uploads\/2013\/07\/Berti-posa-a-spina-01.jpg\" alt=\"\" class=\"wp-image-9142\" srcset=\"https:\/\/berti.net\/wp-content\/uploads\/2013\/07\/Berti-posa-a-spina-01.jpg 492w, https:\/\/berti.net\/wp-content\/uploads\/2013\/07\/Berti-posa-a-spina-01-300x241.jpg 300w\" sizes=\"auto, (max-width: 492px) 100vw, 492px\" \/><\/figure>\n\n\n\n<figure class=\"wp-block-image size-full is-style-default\"><img loading=\"lazy\" decoding=\"async\" width=\"422\" height=\"608\" src=\"https:\/\/www.berti.net\/wp-content\/uploads\/2013\/07\/Berti-posa-a-spina-02.jpg\" alt=\"\" class=\"wp-image-9145\" srcset=\"https:\/\/berti.net\/wp-content\/uploads\/2013\/07\/Berti-posa-a-spina-02.jpg 422w, https:\/\/berti.net\/wp-content\/uploads\/2013\/07\/Berti-posa-a-spina-02-208x300.jpg 208w\" sizes=\"auto, (max-width: 422px) 100vw, 422px\" \/><\/figure>\n\n\n\n<p>Lors de la commande de votre parquet, il est important de ne pas oublier les plinthes : ces <strong>pi\u00e8ces sp\u00e9ciales<\/strong> ont non seulement une fonction esth\u00e9tique, mais servent surtout \u00e0 masquer l&rsquo;espace qui sera laiss\u00e9 lors de la pose, ce qui permet de compenser la dilatation du parquet et les \u00e9ventuels joints de dilatation.<\/p>\n\n\n\n<p>Les <a href=\"https:\/\/www.berti.net\/faq\/faq\/tecniche\/cose-la-geometria-di-posa\" target=\"_blank\" rel=\"noreferrer noopener\">g\u00e9om\u00e9tries de pose<\/a> d\u00e9pendent de la <strong>conformation des \u00e9l\u00e9ments en bois<\/strong>: les planches, et en g\u00e9n\u00e9ral les planches caract\u00e9ris\u00e9es par une structure plus allong\u00e9e, se pr\u00eatent \u00e0 des poses assez uniformes, comme la pose de <em>coffrages r\u00e9guliers<\/em>, o\u00f9 l&rsquo;on trouve les planches dispos\u00e9es de mani\u00e8re \u00e0 former des bandes horizontales ou diagonales, ou la pose de <em>ponts de bateaux<\/em>, caract\u00e9ris\u00e9e au contraire par un motif plus irr\u00e9gulier. L&rsquo;une des g\u00e9om\u00e9tries les plus lin\u00e9aires est sans aucun doute le <em>chevron<\/em>: les \u00e9l\u00e9ments sont plus petits et il est donc possible de cr\u00e9er des formes plus complexes, en jouant \u00e9galement sur la combinaison de bois d&rsquo;essences, de nuances et de couleurs diff\u00e9rentes. <\/p>\n\n\n\n<figure class=\"wp-block-image size-full is-style-default\"><img loading=\"lazy\" decoding=\"async\" width=\"1200\" height=\"799\" src=\"https:\/\/www.berti.net\/wp-content\/uploads\/2013\/07\/Berti-parquet-posa-a-correre1.jpg\" alt=\"\" class=\"wp-image-9152\" srcset=\"https:\/\/berti.net\/wp-content\/uploads\/2013\/07\/Berti-parquet-posa-a-correre1.jpg 1200w, https:\/\/berti.net\/wp-content\/uploads\/2013\/07\/Berti-parquet-posa-a-correre1-300x200.jpg 300w, https:\/\/berti.net\/wp-content\/uploads\/2013\/07\/Berti-parquet-posa-a-correre1-1024x682.jpg 1024w, https:\/\/berti.net\/wp-content\/uploads\/2013\/07\/Berti-parquet-posa-a-correre1-768x511.jpg 768w\" sizes=\"auto, (max-width: 1200px) 100vw, 1200px\" \/><\/figure>\n<\/div>\n<\/div>\n\n\n\n<div class=\"wp-block-column is-layout-flow wp-container-core-column-is-layout-22223934 wp-block-column-is-layout-flow\" style=\"flex-basis:50%\">\n<figure class=\"wp-block-image size-full is-style-default\"><img loading=\"lazy\" decoding=\"async\" width=\"600\" height=\"799\" src=\"https:\/\/www.berti.net\/wp-content\/uploads\/2013\/07\/Berti-posa-a-spina-di-pesce.jpg\" alt=\"\" class=\"wp-image-9149\" srcset=\"https:\/\/berti.net\/wp-content\/uploads\/2013\/07\/Berti-posa-a-spina-di-pesce.jpg 600w, https:\/\/berti.net\/wp-content\/uploads\/2013\/07\/Berti-posa-a-spina-di-pesce-225x300.jpg 225w\" sizes=\"auto, (max-width: 600px) 100vw, 600px\" \/><\/figure>\n\n\n\n<p class=\"wp-embed-aspect-16-9 wp-has-aspect-ratio\" style=\"margin-bottom:var(--wp--preset--spacing--20)\"><strong>TYPES DE POSE<\/strong><\/p>\n\n\n\n<p class=\"wp-embed-aspect-16-9 wp-has-aspect-ratio\" style=\"margin-bottom:var(--wp--preset--spacing--20)\">Le <strong>choix du <a href=\"https:\/\/www.berti.net\/faq\/faq\/tecniche\/tipologie-di-posa\" target=\"_blank\" rel=\"noreferrer noopener\">type de pose<\/a><\/strong> d\u00e9pend du type de pi\u00e8ce dans laquelle le nouveau parquet doit \u00eatre pos\u00e9. Dans le cas o\u00f9 il n&rsquo;y a pas de contraintes d&rsquo;\u00e9paisseur, le choix est plus large et vous pouvez tout d&rsquo;abord choisir entre la pose flottante et la pose coll\u00e9e. Il existe deux techniques principales pour la pose du parquet pr\u00e9fini : la <a href=\"https:\/\/www.berti.net\/faq\/faq\/tecniche\/tipologie-di-posa\" target=\"_blank\" rel=\"noreferrer noopener\">pose flottante et la pose coll\u00e9e<\/a>.  <\/p>\n\n\n\n<p class=\"wp-embed-aspect-16-9 wp-has-aspect-ratio\" style=\"margin-bottom:var(--wp--preset--spacing--20)\">Vous avez le choix entre un produit livr\u00e9 brut, qui sera donc huil\u00e9 sur place avec de l&rsquo;huile naturelle, et un parquet <strong>Berti<\/strong> pr\u00e9fini qui est <strong>huil\u00e9<\/strong> en ligne avec de l&rsquo;huile d&rsquo;ur\u00e9thane UV.<\/p>\n\n\n\n<figure class=\"wp-block-image size-full is-style-default\"><img loading=\"lazy\" decoding=\"async\" width=\"554\" height=\"176\" src=\"https:\/\/www.berti.net\/wp-content\/uploads\/2013\/07\/posa-incollata.png\" alt=\"\" class=\"wp-image-9156\" srcset=\"https:\/\/berti.net\/wp-content\/uploads\/2013\/07\/posa-incollata.png 554w, https:\/\/berti.net\/wp-content\/uploads\/2013\/07\/posa-incollata-300x95.png 300w\" sizes=\"auto, (max-width: 554px) 100vw, 554px\" \/><\/figure>\n\n\n\n<p class=\"wp-embed-aspect-16-9 wp-has-aspect-ratio\" style=\"margin-bottom:var(--wp--preset--spacing--20)\">Le choix le plus courant est la <strong>pose par collage<\/strong>, qui offre une plus grande stabilit\u00e9 car les lames de parquet sont fix\u00e9es et coll\u00e9es au sol ou \u00e0 la chape sous-jacente. C&rsquo;<a href=\"https:\/\/www.berti.net\/faq\/faq\/tecniche\/qual%E2%80%99e-la-tipologia-di-posa-piu-adatta-per-un-sistema-di-riscaldamento-a-pavimento\" target=\"_blank\" rel=\"noreferrer noopener\">est le choix le plus judicieux en termes de type de pose lorsqu&rsquo;un syst\u00e8me de chauffage par le sol est pr\u00e9vu<\/a>, car de cette mani\u00e8re, aucun espace d&rsquo;air n&rsquo;est laiss\u00e9 entre la chape et les lames de parquet, ce qui permet d&rsquo;\u00e9viter toute perte de chaleur.<\/p>\n\n\n\n<figure class=\"wp-block-image size-full is-style-default\"><img loading=\"lazy\" decoding=\"async\" width=\"1200\" height=\"1600\" src=\"https:\/\/www.berti.net\/wp-content\/uploads\/2013\/07\/Berti-pavimenti-legno-posa-incollata-parquet.jpg\" alt=\"\" class=\"wp-image-9159\" srcset=\"https:\/\/berti.net\/wp-content\/uploads\/2013\/07\/Berti-pavimenti-legno-posa-incollata-parquet.jpg 1200w, https:\/\/berti.net\/wp-content\/uploads\/2013\/07\/Berti-pavimenti-legno-posa-incollata-parquet-225x300.jpg 225w, https:\/\/berti.net\/wp-content\/uploads\/2013\/07\/Berti-pavimenti-legno-posa-incollata-parquet-768x1024.jpg 768w, https:\/\/berti.net\/wp-content\/uploads\/2013\/07\/Berti-pavimenti-legno-posa-incollata-parquet-1152x1536.jpg 1152w\" sizes=\"auto, (max-width: 1200px) 100vw, 1200px\" \/><\/figure>\n\n\n\n<p class=\"wp-embed-aspect-16-9 wp-has-aspect-ratio\" style=\"margin-bottom:var(--wp--preset--spacing--20)\">Enfin, on peut choisir la <a href=\"https:\/\/www.berti.net\/faq\/faq\/generiche\/e-migliore-la-posa-galleggiante\/flottante-o-la-posa-mediante-incollaggio\" target=\"_blank\" rel=\"noreferrer noopener\"><strong>pose<\/strong> flottante ou flottante<\/a>, qui permet de ne pas perturber le sol sous-jacent. Avec ce type de pose, les lames de parquet sont simplement pos\u00e9es sur le sous-plancher, les lames \u00e9tant solidement fix\u00e9es par une fine couche de colle appliqu\u00e9e au niveau des joints. Dans ce cas, il faut pr\u00e9voir l&rsquo;insertion d&rsquo;un matelas entre le sol et le parquet, qui peut avoir diverses fonctions, telles que l&rsquo;insonorisation ou l&rsquo;isolation thermique pour agir comme une barri\u00e8re contre l&rsquo;humidit\u00e9.  <\/p>\n\n\n\n<figure class=\"wp-block-image size-full is-style-default\"><img loading=\"lazy\" decoding=\"async\" width=\"606\" height=\"170\" src=\"https:\/\/www.berti.net\/wp-content\/uploads\/2013\/07\/Posa-flottante.png\" alt=\"\" class=\"wp-image-9162\" srcset=\"https:\/\/berti.net\/wp-content\/uploads\/2013\/07\/Posa-flottante.png 606w, https:\/\/berti.net\/wp-content\/uploads\/2013\/07\/Posa-flottante-300x84.png 300w\" sizes=\"auto, (max-width: 606px) 100vw, 606px\" \/><\/figure>\n\n\n\n<p class=\"wp-embed-aspect-16-9 wp-has-aspect-ratio\" style=\"margin-bottom:var(--wp--preset--spacing--20)\">Quel que soit le mode de pose choisi, un \u00e9l\u00e9ment d&rsquo;une importance fondamentale est le <strong>support<\/strong>: il doit \u00eatre en excellent \u00e9tat et donc \u00eatre compact, exempt de fissures, sec et sec, lisse et propre. La temp\u00e9rature de la pi\u00e8ce ne doit pas \u00eatre inf\u00e9rieure \u00e0 18\u00b0\/22\u00b0 et l&rsquo;humidit\u00e9 doit \u00eatre comprise entre 45% et 65%. <\/p>\n\n\n\n<p class=\"wp-embed-aspect-16-9 wp-has-aspect-ratio\" style=\"margin-bottom:var(--wp--preset--spacing--20)\">Nous avons donn\u00e9 un bref aper\u00e7u des possibilit\u00e9s de pose et abord\u00e9 des sujets techniques vastes et complexes. Nous vous renvoyons \u00e0 la <a href=\"https:\/\/www.berti.net\/faq\/faq\" target=\"_blank\" rel=\"noreferrer noopener\">FAQ de Berti pour toutes les questions les plus fr\u00e9quentes sur le parquet<\/a>. Et, bien s\u00fbr, aux prochains num\u00e9ros de <em>Berti recommande<\/em>, o\u00f9 nous approfondirons certains des aspects pr\u00e9sent\u00e9s.  <\/p>\n<\/div>\n<\/div>\n\n\n\n<div class=\"wp-block-group post-categories has-global-padding is-content-justification-left is-layout-constrained wp-container-core-group-is-layout-836d34cb wp-block-group-is-layout-constrained\" style=\"margin-top:var(--wp--preset--spacing--70);font-size:11px\">\n<div class=\"wp-block-group is-content-justification-center is-nowrap is-layout-flex wp-container-core-group-is-layout-60758a6d wp-block-group-is-layout-flex\">\n<p>Magazine \/<\/p>\n\n\n<div class=\"taxonomy-category wp-block-post-terms\"><a href=\"https:\/\/berti.net\/fr\/magazine\/category\/products-fr\/\" rel=\"tag\">Products<\/a><span class=\"wp-block-post-terms__separator\">, <\/span><a href=\"https:\/\/berti.net\/fr\/magazine\/category\/events-fr\/\" rel=\"tag\">Events<\/a><\/div><\/div>\n<\/div>\n<\/div>\n\n<p><\/p>\n","protected":false},"excerpt":{"rendered":"<p>Une fois que vous avez choisi l&rsquo;essence et le format de votre parquet, vient le moment de la pose.<\/p>\n","protected":false},"author":9,"featured_media":9137,"comment_status":"closed","ping_status":"closed","sticky":false,"template":"","format":"standard","meta":{"footnotes":""},"categories":[45,43],"tags":[],"class_list":["post-15455","post","type-post","status-publish","format-standard","has-post-thumbnail","hentry","category-products-fr","category-events-fr"],"_links":{"self":[{"href":"https:\/\/berti.net\/fr\/wp-json\/wp\/v2\/posts\/15455","targetHints":{"allow":["GET"]}}],"collection":[{"href":"https:\/\/berti.net\/fr\/wp-json\/wp\/v2\/posts"}],"about":[{"href":"https:\/\/berti.net\/fr\/wp-json\/wp\/v2\/types\/post"}],"author":[{"embeddable":true,"href":"https:\/\/berti.net\/fr\/wp-json\/wp\/v2\/users\/9"}],"replies":[{"embeddable":true,"href":"https:\/\/berti.net\/fr\/wp-json\/wp\/v2\/comments?post=15455"}],"version-history":[{"count":2,"href":"https:\/\/berti.net\/fr\/wp-json\/wp\/v2\/posts\/15455\/revisions"}],"predecessor-version":[{"id":21159,"href":"https:\/\/berti.net\/fr\/wp-json\/wp\/v2\/posts\/15455\/revisions\/21159"}],"wp:featuredmedia":[{"embeddable":true,"href":"https:\/\/berti.net\/fr\/wp-json\/wp\/v2\/media\/9137"}],"wp:attachment":[{"href":"https:\/\/berti.net\/fr\/wp-json\/wp\/v2\/media?parent=15455"}],"wp:term":[{"taxonomy":"category","embeddable":true,"href":"https:\/\/berti.net\/fr\/wp-json\/wp\/v2\/categories?post=15455"},{"taxonomy":"post_tag","embeddable":true,"href":"https:\/\/berti.net\/fr\/wp-json\/wp\/v2\/tags?post=15455"}],"curies":[{"name":"wp","href":"https:\/\/api.w.org\/{rel}","templated":true}]}}