{"id":15452,"date":"2013-09-10T06:58:51","date_gmt":"2013-09-10T06:58:51","guid":{"rendered":"https:\/\/www.berti.net\/magazine\/berti-lance-le-compte-a-rebours-du-vintage-festival-de-padoue\/"},"modified":"2025-05-19T09:32:32","modified_gmt":"2025-05-19T09:32:32","slug":"berti-lance-le-compte-a-rebours-du-vintage-festival-de-padoue","status":"publish","type":"post","link":"https:\/\/berti.net\/fr\/magazine\/berti-lance-le-compte-a-rebours-du-vintage-festival-de-padoue\/","title":{"rendered":"Berti lance le compte \u00e0 rebours du Vintage Festival de Padoue"},"content":{"rendered":"\n<div class=\"wp-block-group post-detail-pattern is-container has-base-2-color has-contrast-background-color has-text-color has-background has-link-color wp-elements-2528afdbafaf7c1c1e243911f489631a has-global-padding is-layout-constrained wp-block-group-is-layout-constrained\" style=\"margin-top:0;margin-bottom:0;padding-top:var(--wp--preset--spacing--70);padding-bottom:var(--wp--preset--spacing--70)\">\n<div class=\"wp-block-columns alignwide is-layout-flex wp-container-core-columns-is-layout-d125203f wp-block-columns-is-layout-flex\" style=\"margin-bottom:var(--wp--preset--spacing--50)\">\n<div class=\"wp-block-column is-vertically-aligned-stretch is-layout-flow wp-block-column-is-layout-flow\" style=\"padding-right:0;flex-basis:50%\">\n<div class=\"wp-block-group is-vertical is-content-justification-stretch is-layout-flex wp-container-core-group-is-layout-e9e70883 wp-block-group-is-layout-flex\" style=\"min-height:100%\">\n<div class=\"wp-block-group post-categories is-nowrap is-layout-flex wp-container-core-group-is-layout-3155b93e wp-block-group-is-layout-flex\" style=\"margin-top:var(--wp--preset--spacing--20);font-size:11px\">\n<p>Magazine \/<\/p>\n\n\n<div class=\"taxonomy-category wp-block-post-terms\"><a href=\"https:\/\/berti.net\/fr\/magazine\/category\/products-fr\/\" rel=\"tag\">Products<\/a><span class=\"wp-block-post-terms__separator\">, <\/span><a href=\"https:\/\/berti.net\/fr\/magazine\/category\/events-fr\/\" rel=\"tag\">Events<\/a><\/div><\/div>\n\n\n<div style=\"font-style:normal;font-weight:600;text-transform:uppercase;\" class=\"has-link-color wp-elements-32859cd979b45056895d81c5660c23a0 wp-block-post-date has-text-color has-base-color has-s-font-size\"><time datetime=\"2013-09-10T06:58:51+00:00\">10 septembre 2013<\/time><\/div>\n\n\n<h1 class=\"wp-block-heading post-title\"><strong>Berti<\/strong> lance le compte \u00e0 rebours du <strong>Vintage Festival de<\/strong> Padoue<\/h1>\n\n\n\n<h2 class=\"wp-block-heading post-subtitle\" style=\"margin-bottom:var(--wp--preset--spacing--20)\">Vendredi dernier, nous \u00e9tions \u00e0 <strong>Padoue<\/strong>, au prestigieux <strong>Caff\u00e8 Pedrocchi<\/strong>, pour la conf\u00e9rence de presse de pr\u00e9sentation du <strong>Vintage Festival<\/strong>. Outre un aper\u00e7u des chiffres de l&rsquo;\u00e9v\u00e9nement et des diff\u00e9rents invit\u00e9s importants, plusieurs personnalit\u00e9s \u00e9taient pr\u00e9sentes et ont pris la parole. <\/h2>\n\n\n\n<figure class=\"wp-block-image size-full is-style-default\"><img loading=\"lazy\" decoding=\"async\" width=\"998\" height=\"511\" src=\"https:\/\/www.berti.net\/wp-content\/uploads\/2013\/09\/Berti-Vintage-Festival-2013.jpg\" alt=\"\" class=\"wp-image-9061\" srcset=\"https:\/\/berti.net\/wp-content\/uploads\/2013\/09\/Berti-Vintage-Festival-2013.jpg 998w, https:\/\/berti.net\/wp-content\/uploads\/2013\/09\/Berti-Vintage-Festival-2013-300x154.jpg 300w, https:\/\/berti.net\/wp-content\/uploads\/2013\/09\/Berti-Vintage-Festival-2013-768x393.jpg 768w\" sizes=\"auto, (max-width: 998px) 100vw, 998px\" \/><\/figure>\n\n\n\n<p>Outre Paolo Orsacchini, directeur cr\u00e9atif du <strong>Vintage Festival 2013<\/strong>, qui a pr\u00e9sent\u00e9 les invit\u00e9s et les \u00e9v\u00e9nements, nous avons \u00e9cout\u00e9 les paroles du maire de Padoue, Ivo Rossi, qui a exprim\u00e9 son appr\u00e9ciation de l&rsquo;initiative, soulignant la valeur d&rsquo;un projet de croissance et de d\u00e9veloppement r\u00e9alis\u00e9 par un groupe de jeunes qui, au lieu de se plaindre de la situation mondiale, choisissent d&rsquo;agir eux-m\u00eames en cr\u00e9ant des activit\u00e9s positives capables d&rsquo;attirer la participation et le mouvement.<\/p>\n\n\n\n<p>Comme l&rsquo;indique le slogan du Vintage Festival,<em>\u00a0\u00bbThe Past in HD<\/em>\u00a0\u00bb, le choix gagnant est d&rsquo;apprendre du pass\u00e9 et d&rsquo;investir dans l&rsquo;avenir. Pour mieux exprimer cette philosophie sous-jacente, le festival est pr\u00e9sent\u00e9 par une vid\u00e9o r\u00e9alis\u00e9e par deux artistes padouans : Giampietro Cutrino &#8211; alias Gip &#8211; qui a assur\u00e9 la mise en sc\u00e8ne, et qui a collabor\u00e9 avec Daniele Dupuis, auteur de la chanson d&rsquo;accompagnement \u00a0\u00bbMi raccomando\u00a0\u00bb. Se r\u00e9approprier le pass\u00e9 pour stimuler de nouvelles id\u00e9es et de nouveaux projets, pour un avenir inspir\u00e9 et enrichi. Le th\u00e8me du vintage n&rsquo;est que le point de d\u00e9part, pour pouvoir chercher dans l&rsquo;histoire les cl\u00e9s de l&rsquo;avenir.   <\/p>\n<\/div>\n<\/div>\n\n\n\n<div class=\"wp-block-column is-layout-flow wp-container-core-column-is-layout-22223934 wp-block-column-is-layout-flow\" style=\"flex-basis:50%\">\n<figure class=\"wp-block-embed is-type-video is-provider-youtube wp-block-embed-youtube wp-embed-aspect-16-9 wp-has-aspect-ratio\" style=\"margin-bottom:var(--wp--preset--spacing--20)\"><div class=\"wp-block-embed__wrapper\">\n<iframe loading=\"lazy\" title=\"Vintage Festival 2013 - Official Promo\" width=\"500\" height=\"281\" src=\"https:\/\/www.youtube.com\/embed\/NyU5W9J5KlY?feature=oembed\" frameborder=\"0\" allow=\"accelerometer; autoplay; clipboard-write; encrypted-media; gyroscope; picture-in-picture; web-share\" referrerpolicy=\"strict-origin-when-cross-origin\" allowfullscreen><\/iframe>\n<\/div><\/figure>\n\n\n\n<p class=\"wp-embed-aspect-16-9 wp-has-aspect-ratio\" style=\"margin-bottom:var(--wp--preset--spacing--20)\">Du vendredi 13 septembre au dimanche 15 septembre, <strong>Berti Pavimenti Legno<\/strong> vous attendra \u00e0 l&rsquo;\u00e9v\u00e9nement le plus populaire du secteur et au-del\u00e0, dont les records de fr\u00e9quentation augmentent d&rsquo;ann\u00e9e en ann\u00e9e, pour un m\u00e9lange de mode, de design, de musique et de divertissement. Nous serons pr\u00e9sents avec des installations de <strong>parquet<\/strong> au sein de l&rsquo;exposition. <\/p>\n<\/div>\n<\/div>\n\n\n\n<div class=\"wp-block-group post-categories has-global-padding is-content-justification-left is-layout-constrained wp-container-core-group-is-layout-836d34cb wp-block-group-is-layout-constrained\" style=\"margin-top:var(--wp--preset--spacing--70);font-size:11px\">\n<div class=\"wp-block-group is-content-justification-center is-nowrap is-layout-flex wp-container-core-group-is-layout-60758a6d wp-block-group-is-layout-flex\">\n<p>Magazine \/<\/p>\n\n\n<div class=\"taxonomy-category wp-block-post-terms\"><a href=\"https:\/\/berti.net\/fr\/magazine\/category\/products-fr\/\" rel=\"tag\">Products<\/a><span class=\"wp-block-post-terms__separator\">, <\/span><a href=\"https:\/\/berti.net\/fr\/magazine\/category\/events-fr\/\" rel=\"tag\">Events<\/a><\/div><\/div>\n<\/div>\n<\/div>\n\n<p><\/p>\n","protected":false},"excerpt":{"rendered":"<p>Berti lance le compte \u00e0 rebours du Vintage Festival de Padoue.<\/p>\n","protected":false},"author":9,"featured_media":9063,"comment_status":"closed","ping_status":"closed","sticky":false,"template":"","format":"standard","meta":{"footnotes":""},"categories":[45,43],"tags":[],"class_list":["post-15452","post","type-post","status-publish","format-standard","has-post-thumbnail","hentry","category-products-fr","category-events-fr"],"_links":{"self":[{"href":"https:\/\/berti.net\/fr\/wp-json\/wp\/v2\/posts\/15452","targetHints":{"allow":["GET"]}}],"collection":[{"href":"https:\/\/berti.net\/fr\/wp-json\/wp\/v2\/posts"}],"about":[{"href":"https:\/\/berti.net\/fr\/wp-json\/wp\/v2\/types\/post"}],"author":[{"embeddable":true,"href":"https:\/\/berti.net\/fr\/wp-json\/wp\/v2\/users\/9"}],"replies":[{"embeddable":true,"href":"https:\/\/berti.net\/fr\/wp-json\/wp\/v2\/comments?post=15452"}],"version-history":[{"count":2,"href":"https:\/\/berti.net\/fr\/wp-json\/wp\/v2\/posts\/15452\/revisions"}],"predecessor-version":[{"id":21144,"href":"https:\/\/berti.net\/fr\/wp-json\/wp\/v2\/posts\/15452\/revisions\/21144"}],"wp:featuredmedia":[{"embeddable":true,"href":"https:\/\/berti.net\/fr\/wp-json\/wp\/v2\/media\/9063"}],"wp:attachment":[{"href":"https:\/\/berti.net\/fr\/wp-json\/wp\/v2\/media?parent=15452"}],"wp:term":[{"taxonomy":"category","embeddable":true,"href":"https:\/\/berti.net\/fr\/wp-json\/wp\/v2\/categories?post=15452"},{"taxonomy":"post_tag","embeddable":true,"href":"https:\/\/berti.net\/fr\/wp-json\/wp\/v2\/tags?post=15452"}],"curies":[{"name":"wp","href":"https:\/\/api.w.org\/{rel}","templated":true}]}}