{"id":15448,"date":"2013-06-25T08:29:14","date_gmt":"2013-06-25T08:29:14","guid":{"rendered":"https:\/\/www.berti.net\/magazine\/berti-recommande-comment-choisir-les-formats-de-parquet\/"},"modified":"2025-05-19T09:32:58","modified_gmt":"2025-05-19T09:32:58","slug":"berti-recommande-comment-choisir-les-formats-de-parquet","status":"publish","type":"post","link":"https:\/\/berti.net\/fr\/magazine\/berti-recommande-comment-choisir-les-formats-de-parquet\/","title":{"rendered":"Berti recommande : comment choisir les formats de parquet"},"content":{"rendered":"\n<div class=\"wp-block-group post-detail-pattern is-container has-base-2-color has-contrast-background-color has-text-color has-background has-link-color wp-elements-dd154f27b4053724d14dd522fb60eb6f has-global-padding is-layout-constrained wp-block-group-is-layout-constrained\" style=\"margin-top:0;margin-bottom:0;padding-top:var(--wp--preset--spacing--70);padding-bottom:var(--wp--preset--spacing--70)\">\n<div class=\"wp-block-columns alignwide is-layout-flex wp-container-core-columns-is-layout-d125203f wp-block-columns-is-layout-flex\" style=\"margin-bottom:var(--wp--preset--spacing--50)\">\n<div class=\"wp-block-column is-vertically-aligned-stretch is-layout-flow wp-block-column-is-layout-flow\" style=\"padding-right:0;flex-basis:50%\">\n<div class=\"wp-block-group is-vertical is-content-justification-stretch is-layout-flex wp-container-core-group-is-layout-e9e70883 wp-block-group-is-layout-flex\" style=\"min-height:100%\">\n<div class=\"wp-block-group post-categories is-nowrap is-layout-flex wp-container-core-group-is-layout-3155b93e wp-block-group-is-layout-flex\" style=\"margin-top:var(--wp--preset--spacing--20);font-size:11px\">\n<p>Magazine \/<\/p>\n\n\n<div class=\"taxonomy-category wp-block-post-terms\"><a href=\"https:\/\/berti.net\/fr\/magazine\/category\/products-fr\/\" rel=\"tag\">Products<\/a><span class=\"wp-block-post-terms__separator\">, <\/span><a href=\"https:\/\/berti.net\/fr\/magazine\/category\/events-fr\/\" rel=\"tag\">Events<\/a><\/div><\/div>\n\n\n<div style=\"font-style:normal;font-weight:600;text-transform:uppercase;\" class=\"has-link-color wp-elements-32859cd979b45056895d81c5660c23a0 wp-block-post-date has-text-color has-base-color has-s-font-size\"><time datetime=\"2013-06-25T08:29:14+00:00\">25 juin 2013<\/time><\/div>\n\n\n<h1 class=\"wp-block-heading post-title\"><strong>Berti recommande<\/strong>: comment choisir les formats de parquet<\/h1>\n\n\n\n<h2 class=\"wp-block-heading post-subtitle\" style=\"margin-bottom:var(--wp--preset--spacing--20)\">Les conseils de <a href=\"https:\/\/www.berti.net\/fr\/\" target=\"_blank\" rel=\"noreferrer noopener\"><strong>Berti<\/strong><\/a> pour vous aider dans le choix de votre <strong>parquet<\/strong>, car le monde des sols en bois offre une gamme large et profonde dans laquelle il est parfois difficile de se retrouver parmi les diff\u00e9rentes qualit\u00e9s disponibles. <a href=\"https:\/\/blog.berti.net\/berti-consiglia-come-scegliere-lessenza-del-parquet\/\" target=\"_blank\" rel=\"noreferrer noopener\">Dans le premier \u00e9pisode de Berti <em>Consiglia<\/em>, nous avons parl\u00e9 des diff\u00e9rents types de bois disponibles<\/a> sur le march\u00e9 et dans la gamme Berti. En parlant plut\u00f4t des <strong>formats de parquet<\/strong> \u00e0 choisir, il faut ajouter que m\u00eame dans ce cas la gamme est tr\u00e8s vaste et que l&rsquo;on peut trouver des produits qui r\u00e9pondent aux besoins et aux go\u00fbts les plus divers : une premi\u00e8re ligne de conduite \u00e0 garder \u00e0 l&rsquo;esprit est qu&rsquo;il faut choisir en fonction de la pi\u00e8ce de la maison \u00e0 laquelle ils sont destin\u00e9s. <\/h2>\n\n\n\n<figure class=\"wp-block-image size-full is-style-default\"><img loading=\"lazy\" decoding=\"async\" width=\"1035\" height=\"352\" src=\"https:\/\/www.berti.net\/wp-content\/uploads\/2013\/06\/Berti-consiglia-scelta-formato-copia.jpg\" alt=\"\" class=\"wp-image-9181\" srcset=\"https:\/\/berti.net\/wp-content\/uploads\/2013\/06\/Berti-consiglia-scelta-formato-copia.jpg 1035w, https:\/\/berti.net\/wp-content\/uploads\/2013\/06\/Berti-consiglia-scelta-formato-copia-300x102.jpg 300w, https:\/\/berti.net\/wp-content\/uploads\/2013\/06\/Berti-consiglia-scelta-formato-copia-1024x348.jpg 1024w, https:\/\/berti.net\/wp-content\/uploads\/2013\/06\/Berti-consiglia-scelta-formato-copia-768x261.jpg 768w\" sizes=\"auto, (max-width: 1035px) 100vw, 1035px\" \/><\/figure>\n\n\n\n<p>Berti propose une gamme de <strong>formats de parquet<\/strong> diff\u00e9rents, afin de mettre en valeur le mat\u00e9riau bois dans sa structure et dans les diff\u00e9rentes couleurs disponibles. En fin de compte, le bon format n&rsquo;est pas universel, mais c&rsquo;est celui qui peut garantir le maximum de flexibilit\u00e9 et de stabilit\u00e9 et qui permet un jeu de pose, entre couleur et chaleur, dans chaque environnement et solution d&rsquo;ameublement. <\/p>\n\n\n\n<p>Quelles sont donc les dimensions des \u00e9l\u00e9ments de parquet \u00e0 utiliser pour votre sol en bois ?<\/p>\n\n\n\n<p>Tout d&rsquo;abord, il convient de rappeler que le parquet peut \u00eatre <strong><a href=\"https:\/\/www.berti.net\/faq\/faq\/tecniche\/cos%E2%80%99e-il-parquet-tradizionale\" target=\"_blank\" rel=\"noreferrer noopener\">traditionnel<\/a> massif<\/strong>, et donc fabriqu\u00e9 \u00e0 partir d&rsquo;une seule essence de bois ; ou <a href=\"https:\/\/www.berti.net\/collezioni\" target=\"_blank\" rel=\"noreferrer noopener\"><strong>parquet pr\u00e9fini<\/strong><\/a>compos\u00e9 de plusieurs couches usin\u00e9es m\u00e2le\/femelle, qui sont finies, ponc\u00e9es et vernies avant la pose du parquet. Le parquet pr\u00e9fini Berti permet une pose rapide et facile, tout en garantissant une qualit\u00e9 d&rsquo;ex\u00e9cution absolue en termes de duret\u00e9 et de solidit\u00e9 dans le temps. <\/p>\n\n\n\n<figure class=\"wp-block-image size-full is-style-default\"><img loading=\"lazy\" decoding=\"async\" width=\"1000\" height=\"585\" src=\"https:\/\/www.berti.net\/wp-content\/uploads\/2013\/06\/Berti-parquet-prefiniti-formati-e-dimensioni1.jpg\" alt=\"\" class=\"wp-image-9197\" srcset=\"https:\/\/berti.net\/wp-content\/uploads\/2013\/06\/Berti-parquet-prefiniti-formati-e-dimensioni1.jpg 1000w, https:\/\/berti.net\/wp-content\/uploads\/2013\/06\/Berti-parquet-prefiniti-formati-e-dimensioni1-300x176.jpg 300w, https:\/\/berti.net\/wp-content\/uploads\/2013\/06\/Berti-parquet-prefiniti-formati-e-dimensioni1-768x449.jpg 768w\" sizes=\"auto, (max-width: 1000px) 100vw, 1000px\" \/><\/figure>\n\n\n\n<p>Deux consid\u00e9rations g\u00e9n\u00e9rales sur le choix du format.<\/p>\n\n\n\n<p>Les tr\u00e8s grands formats de parquet ont tendance \u00e0 r\u00e9tr\u00e9cir les pi\u00e8ces, c&rsquo;est pourquoi ils ne sont pas recommand\u00e9s dans les <strong>petites pi\u00e8ces<\/strong>, o\u00f9 il est pr\u00e9f\u00e9rable d&rsquo;utiliser un Berti<a href=\"https:\/\/www.berti.net\/collezioni\/berti\/parquet-prefiniti-basic\" target=\"_blank\" rel=\"noreferrer noopener\">Basic pr\u00e9finide largeur 70, avec une longueur variable entre 400 et 600 mm et une \u00e9paisseur de 9,5 mm<\/a>, ou un <a href=\"https:\/\/www.berti.net\/collezioni\/berti\/parquet-prefiniti-antico\" target=\"_blank\" rel=\"noreferrer noopener\">Berti<\/a> <a href=\"https:\/\/www.berti.net\/collezioni\/berti\/parquet-prefiniti-lux\" target=\"_blank\" rel=\"noreferrer noopener\">Lux de largeur 70, \u00e9galement avec une longueur variable entre 400 et 600 mm<\/a>; ou encore un Berti Antico de largeur 90, avec une longueur de 600-1.200 et une \u00e9paisseur de 13,1 mm.<\/p>\n\n\n\n<figure class=\"wp-block-image size-full is-style-default\"><img loading=\"lazy\" decoding=\"async\" width=\"1000\" height=\"1088\" src=\"https:\/\/www.berti.net\/wp-content\/uploads\/2013\/06\/berti-parquet-prefinito-multistrato.jpg\" alt=\"\" class=\"wp-image-9200\" srcset=\"https:\/\/berti.net\/wp-content\/uploads\/2013\/06\/berti-parquet-prefinito-multistrato.jpg 1000w, https:\/\/berti.net\/wp-content\/uploads\/2013\/06\/berti-parquet-prefinito-multistrato-276x300.jpg 276w, https:\/\/berti.net\/wp-content\/uploads\/2013\/06\/berti-parquet-prefinito-multistrato-941x1024.jpg 941w, https:\/\/berti.net\/wp-content\/uploads\/2013\/06\/berti-parquet-prefinito-multistrato-768x836.jpg 768w\" sizes=\"auto, (max-width: 1000px) 100vw, 1000px\" \/><\/figure>\n\n\n\n<p>Si les pi\u00e8ces sont de <strong>taille moyenne<\/strong>, vous pouvez choisir un parquet de la ligne <a href=\"https:\/\/www.berti.net\/collezioni\/berti\/parquet-prefiniti-lux\" target=\"_blank\" rel=\"noreferrer noopener\">Berti Lux 90 (dimensions 83\/90 x 600-1 200 mm)<\/a> ou Berti <a href=\"https:\/\/www.berti.net\/collezioni\/berti\/parquet-prefiniti-lux\" target=\"_blank\" rel=\"noreferrer noopener\">Antico Maxi d&rsquo;une largeur maximale de 125 mm et d&rsquo;une longueur variant entre 600 et 1 600 mm<\/a>, ou un <a href=\"https:\/\/www.berti.net\/collezioni\/berti\/parquet-prefiniti-basic\" target=\"_blank\" rel=\"noreferrer noopener\">Berti Basic Maxi d&rsquo;une largeur de 125 mm (dimensions 118\/125 x 600-1600 mm)<\/a>.<\/p>\n\n\n\n<p>Le r\u00e9sultat sera un sol divis\u00e9 en planches ou en lames de dimensions relativement r\u00e9duites, mais avec un r\u00e9sultat tr\u00e8s esth\u00e9tique et un prix avantageux.<\/p>\n\n\n\n<figure class=\"wp-block-image size-full is-style-default\"><img loading=\"lazy\" decoding=\"async\" width=\"1000\" height=\"1245\" src=\"https:\/\/www.berti.net\/wp-content\/uploads\/2013\/06\/Berti-paquet-prefinito-antico.jpg\" alt=\"\" class=\"wp-image-9204\" srcset=\"https:\/\/berti.net\/wp-content\/uploads\/2013\/06\/Berti-paquet-prefinito-antico.jpg 1000w, https:\/\/berti.net\/wp-content\/uploads\/2013\/06\/Berti-paquet-prefinito-antico-241x300.jpg 241w, https:\/\/berti.net\/wp-content\/uploads\/2013\/06\/Berti-paquet-prefinito-antico-822x1024.jpg 822w, https:\/\/berti.net\/wp-content\/uploads\/2013\/06\/Berti-paquet-prefinito-antico-768x956.jpg 768w\" sizes=\"auto, (max-width: 1000px) 100vw, 1000px\" \/><figcaption class=\"wp-element-caption\">SV BERTI-A<\/figcaption><\/figure>\n<\/div>\n<\/div>\n\n\n\n<div class=\"wp-block-column is-layout-flow wp-container-core-column-is-layout-22223934 wp-block-column-is-layout-flow\" style=\"flex-basis:50%\">\n<p>Si vous disposez d&rsquo;un <strong>espace plus grand<\/strong>, vous pouvez choisir librement entre les planches \u00e0 2 ou 3 couches de <a href=\"https:\/\/www.berti.net\/collezioni\/berti\" target=\"_blank\" rel=\"noreferrer noopener\">Berti<\/a> et <a href=\"https:\/\/www.berti.net\/collezioni\/berti-studio\" target=\"_blank\" rel=\"noreferrer noopener\">BertiStudio<\/a>(dimensions 140-190 x 1 000-2 500 mm), ainsi que les Maxi Planks de Berti, qui offrent de grandes dimensions de 200-300 mm en largeur par 1 000-2 500 mm en longueur totale, qui, gr\u00e2ce \u00e0 leurs grandes dimensions, donnent une sensation vraiment unique de beaut\u00e9 et de naturel au toucher. Pour appr\u00e9cier pleinement la beaut\u00e9 de la texture et du grain de votre bois. <\/p>\n\n\n\n<figure class=\"wp-block-image size-full is-style-default\"><img loading=\"lazy\" decoding=\"async\" width=\"1000\" height=\"750\" src=\"https:\/\/www.berti.net\/wp-content\/uploads\/2013\/06\/Berti-tavole-rovere-prefinito-maxi-formato.jpg\" alt=\"\" class=\"wp-image-9185\" srcset=\"https:\/\/berti.net\/wp-content\/uploads\/2013\/06\/Berti-tavole-rovere-prefinito-maxi-formato.jpg 1000w, https:\/\/berti.net\/wp-content\/uploads\/2013\/06\/Berti-tavole-rovere-prefinito-maxi-formato-300x225.jpg 300w, https:\/\/berti.net\/wp-content\/uploads\/2013\/06\/Berti-tavole-rovere-prefinito-maxi-formato-768x576.jpg 768w\" sizes=\"auto, (max-width: 1000px) 100vw, 1000px\" \/><\/figure>\n\n\n\n<figure class=\"wp-block-image size-full is-style-default\"><img loading=\"lazy\" decoding=\"async\" width=\"1000\" height=\"750\" src=\"https:\/\/www.berti.net\/wp-content\/uploads\/2013\/06\/Berti-tavole-prefinito-maxi-formato.jpg\" alt=\"\" class=\"wp-image-9188\" srcset=\"https:\/\/berti.net\/wp-content\/uploads\/2013\/06\/Berti-tavole-prefinito-maxi-formato.jpg 1000w, https:\/\/berti.net\/wp-content\/uploads\/2013\/06\/Berti-tavole-prefinito-maxi-formato-300x225.jpg 300w, https:\/\/berti.net\/wp-content\/uploads\/2013\/06\/Berti-tavole-prefinito-maxi-formato-768x576.jpg 768w\" sizes=\"auto, (max-width: 1000px) 100vw, 1000px\" \/><\/figure>\n\n\n\n<p>Bien entendu, ces indications sont d&rsquo;ordre g\u00e9n\u00e9ral, car il n&rsquo;est pas rare que de grandes planches soient utilis\u00e9es m\u00eame dans des pi\u00e8ces plus petites.<\/p>\n\n\n\n<p>Chez Berti, nous pourrions parler de parquet pendant des heures et des heures&#8230; mais en fin de compte, ce sont vos <strong>go\u00fbts<\/strong> et vos <strong>id\u00e9es<\/strong> qui comptent le plus. Chacun est unique et original, et c&rsquo;est l\u00e0 toute la beaut\u00e9 de la chose ! <\/p>\n<\/div>\n<\/div>\n\n\n\n<div class=\"wp-block-group post-categories has-global-padding is-content-justification-left is-layout-constrained wp-container-core-group-is-layout-836d34cb wp-block-group-is-layout-constrained\" style=\"margin-top:var(--wp--preset--spacing--70);font-size:11px\">\n<div class=\"wp-block-group is-content-justification-center is-nowrap is-layout-flex wp-container-core-group-is-layout-60758a6d wp-block-group-is-layout-flex\">\n<p>Magazine \/<\/p>\n\n\n<div class=\"taxonomy-category wp-block-post-terms\"><a href=\"https:\/\/berti.net\/fr\/magazine\/category\/products-fr\/\" rel=\"tag\">Products<\/a><span class=\"wp-block-post-terms__separator\">, <\/span><a href=\"https:\/\/berti.net\/fr\/magazine\/category\/events-fr\/\" rel=\"tag\">Events<\/a><\/div><\/div>\n<\/div>\n<\/div>\n\n<p><\/p>\n","protected":false},"excerpt":{"rendered":"<p>Les conseils de Berti pour vous aider \u00e0 choisir un parquet se poursuivent, car le monde des rev\u00eatements de sol en bois offre une gamme large et profonde dans laquelle il est parfois difficile de s&rsquo;y retrouver.<\/p>\n","protected":false},"author":9,"featured_media":9183,"comment_status":"closed","ping_status":"closed","sticky":false,"template":"","format":"standard","meta":{"footnotes":""},"categories":[45,43],"tags":[],"class_list":["post-15448","post","type-post","status-publish","format-standard","has-post-thumbnail","hentry","category-products-fr","category-events-fr"],"_links":{"self":[{"href":"https:\/\/berti.net\/fr\/wp-json\/wp\/v2\/posts\/15448","targetHints":{"allow":["GET"]}}],"collection":[{"href":"https:\/\/berti.net\/fr\/wp-json\/wp\/v2\/posts"}],"about":[{"href":"https:\/\/berti.net\/fr\/wp-json\/wp\/v2\/types\/post"}],"author":[{"embeddable":true,"href":"https:\/\/berti.net\/fr\/wp-json\/wp\/v2\/users\/9"}],"replies":[{"embeddable":true,"href":"https:\/\/berti.net\/fr\/wp-json\/wp\/v2\/comments?post=15448"}],"version-history":[{"count":2,"href":"https:\/\/berti.net\/fr\/wp-json\/wp\/v2\/posts\/15448\/revisions"}],"predecessor-version":[{"id":21158,"href":"https:\/\/berti.net\/fr\/wp-json\/wp\/v2\/posts\/15448\/revisions\/21158"}],"wp:featuredmedia":[{"embeddable":true,"href":"https:\/\/berti.net\/fr\/wp-json\/wp\/v2\/media\/9183"}],"wp:attachment":[{"href":"https:\/\/berti.net\/fr\/wp-json\/wp\/v2\/media?parent=15448"}],"wp:term":[{"taxonomy":"category","embeddable":true,"href":"https:\/\/berti.net\/fr\/wp-json\/wp\/v2\/categories?post=15448"},{"taxonomy":"post_tag","embeddable":true,"href":"https:\/\/berti.net\/fr\/wp-json\/wp\/v2\/tags?post=15448"}],"curies":[{"name":"wp","href":"https:\/\/api.w.org\/{rel}","templated":true}]}}