{"id":15435,"date":"2013-03-20T14:18:36","date_gmt":"2013-03-20T14:18:36","guid":{"rendered":"https:\/\/www.berti.net\/magazine\/parquet-berti-le-bien-etre-a-vos-pieds\/"},"modified":"2025-05-19T09:35:29","modified_gmt":"2025-05-19T09:35:29","slug":"parquet-berti-le-bien-etre-a-vos-pieds","status":"publish","type":"post","link":"https:\/\/berti.net\/fr\/magazine\/parquet-berti-le-bien-etre-a-vos-pieds\/","title":{"rendered":"Parquet Berti : le bien-\u00eatre \u00e0 vos pieds"},"content":{"rendered":"\n<div class=\"wp-block-group post-detail-pattern is-container has-base-2-color has-contrast-background-color has-text-color has-background has-link-color wp-elements-219b4085f0bdb46f8d91f6d278afaedc has-global-padding is-layout-constrained wp-block-group-is-layout-constrained\" style=\"margin-top:0;margin-bottom:0;padding-top:var(--wp--preset--spacing--70);padding-bottom:var(--wp--preset--spacing--70)\">\n<div class=\"wp-block-columns alignwide is-layout-flex wp-container-core-columns-is-layout-d125203f wp-block-columns-is-layout-flex\" style=\"margin-bottom:var(--wp--preset--spacing--50)\">\n<div class=\"wp-block-column is-vertically-aligned-stretch is-layout-flow wp-block-column-is-layout-flow\" style=\"padding-right:0;flex-basis:50%\">\n<div class=\"wp-block-group is-vertical is-content-justification-stretch is-layout-flex wp-container-core-group-is-layout-e9e70883 wp-block-group-is-layout-flex\" style=\"min-height:100%\">\n<div class=\"wp-block-group post-categories is-nowrap is-layout-flex wp-container-core-group-is-layout-3155b93e wp-block-group-is-layout-flex\" style=\"margin-top:var(--wp--preset--spacing--20);font-size:11px\">\n<p>Magazine \/<\/p>\n\n\n<div class=\"taxonomy-category wp-block-post-terms\"><a href=\"https:\/\/berti.net\/fr\/magazine\/category\/products-fr\/\" rel=\"tag\">Products<\/a><span class=\"wp-block-post-terms__separator\">, <\/span><a href=\"https:\/\/berti.net\/fr\/magazine\/category\/projects-fr\/\" rel=\"tag\">Projects<\/a><\/div><\/div>\n\n\n<div style=\"font-style:normal;font-weight:600;text-transform:uppercase;\" class=\"has-link-color wp-elements-32859cd979b45056895d81c5660c23a0 wp-block-post-date has-text-color has-base-color has-s-font-size\"><time datetime=\"2013-03-20T14:18:36+00:00\">20 mars 2013<\/time><\/div>\n\n\n<h1 class=\"wp-block-heading post-title\"><strong>Parquet Berti<\/strong>: le bien-\u00eatre \u00e0 vos pieds<\/h1>\n\n\n\n<h2 class=\"wp-block-heading post-subtitle\" style=\"margin-bottom:var(--wp--preset--spacing--20)\">La tradition du <strong><a href=\"https:\/\/www.berti.net\/collezioni\" target=\"_blank\" rel=\"noreferrer noopener\">parquet<\/a><\/strong> est ancienne et jouit depuis des si\u00e8cles d&rsquo;une position prestigieuse en tant que choix d&rsquo;ameublement et de vie dans la maison ou les espaces publics.<\/h2>\n\n\n\n<figure class=\"wp-block-image size-full is-style-default\"><img loading=\"lazy\" decoding=\"async\" width=\"550\" height=\"366\" src=\"https:\/\/www.berti.net\/wp-content\/uploads\/2013\/03\/Berti-pavimenti-legno-palladio-prestigio.jpg\" alt=\"\" class=\"wp-image-9460\" srcset=\"https:\/\/berti.net\/wp-content\/uploads\/2013\/03\/Berti-pavimenti-legno-palladio-prestigio.jpg 550w, https:\/\/berti.net\/wp-content\/uploads\/2013\/03\/Berti-pavimenti-legno-palladio-prestigio-300x200.jpg 300w\" sizes=\"auto, (max-width: 550px) 100vw, 550px\" \/><\/figure>\n\n\n\n<p>Le bois est un <strong>mat\u00e9riau vivant<\/strong> qui a toujours eu la capacit\u00e9 de transmettre une sensation imm\u00e9diate de chaleur et de confort, caract\u00e9risant n&rsquo;importe quelle pi\u00e8ce ou environnement. Pour ceux qui souhaitent une tradition qui s&rsquo;exprime \u00e0 travers la <strong>chaleur<\/strong> et le prestige des veines du bois. Il n&rsquo;est pas toujours facile de choisir le type de parquet et l&rsquo;essence de bois qui conviennent le mieux \u00e0 ses besoins, \u00e9tant donn\u00e9 le nombre de variables et d&rsquo;exigences qui influencent ce choix. Car le sol en bois sera la surface que nous foulerons dans les ann\u00e9es \u00e0 venir, l\u00e0 o\u00f9 notre vie se d\u00e9placera. Les concepteurs, les planificateurs et les sp\u00e9cialistes du secteur consacrent du temps \u00e0 la recherche et aux \u00e9tudes pour faire \u00e9voluer ce mat\u00e9riau, notamment en termes d&rsquo;environnement et de respect de la nature.    <\/p>\n\n\n\n<figure class=\"wp-block-image size-full is-style-default\"><img loading=\"lazy\" decoding=\"async\" width=\"550\" height=\"733\" src=\"https:\/\/www.berti.net\/wp-content\/uploads\/2013\/03\/Berti-pavimenti-legno-materiale-vivo1.jpg\" alt=\"\" class=\"wp-image-9463\" srcset=\"https:\/\/berti.net\/wp-content\/uploads\/2013\/03\/Berti-pavimenti-legno-materiale-vivo1.jpg 550w, https:\/\/berti.net\/wp-content\/uploads\/2013\/03\/Berti-pavimenti-legno-materiale-vivo1-225x300.jpg 225w\" sizes=\"auto, (max-width: 550px) 100vw, 550px\" \/><\/figure>\n\n\n\n<figure class=\"wp-block-image size-full is-style-default\"><img loading=\"lazy\" decoding=\"async\" width=\"550\" height=\"536\" src=\"https:\/\/www.berti.net\/wp-content\/uploads\/2013\/03\/Berti-parquet-prefinito-calore1.jpg\" alt=\"\" class=\"wp-image-9466\" srcset=\"https:\/\/berti.net\/wp-content\/uploads\/2013\/03\/Berti-parquet-prefinito-calore1.jpg 550w, https:\/\/berti.net\/wp-content\/uploads\/2013\/03\/Berti-parquet-prefinito-calore1-300x292.jpg 300w\" sizes=\"auto, (max-width: 550px) 100vw, 550px\" \/><\/figure>\n\n\n\n<p>Bien qu&rsquo;il y ait aujourd&rsquo;hui une floraison continue d&rsquo;alternatives au bois \u00a0\u00bbclassique\u00a0\u00bb, y compris des mat\u00e9riaux plastiques et synth\u00e9tiques et des dalles reproduisant l&rsquo;effet \u00a0\u00bbbois\u00a0\u00bb, le parquet n&rsquo;\u00e9puise pas son attrait naturel <strong>et est raviv\u00e9 et adapt\u00e9<\/strong> \u00e0 des propositions tant modernes que plus classiques, r\u00e9ussissant dans tous les cas \u00e0 am\u00e9liorer ses qualit\u00e9s esth\u00e9tiques.<\/p>\n\n\n\n<figure class=\"wp-block-image size-full is-style-default\"><img loading=\"lazy\" decoding=\"async\" width=\"550\" height=\"383\" src=\"https:\/\/www.berti.net\/wp-content\/uploads\/2013\/03\/parquet-tradizionale-moderno1.jpg\" alt=\"\" class=\"wp-image-9469\" srcset=\"https:\/\/berti.net\/wp-content\/uploads\/2013\/03\/parquet-tradizionale-moderno1.jpg 550w, https:\/\/berti.net\/wp-content\/uploads\/2013\/03\/parquet-tradizionale-moderno1-300x209.jpg 300w\" sizes=\"auto, (max-width: 550px) 100vw, 550px\" \/><\/figure>\n<\/div>\n<\/div>\n\n\n\n<div class=\"wp-block-column is-layout-flow wp-container-core-column-is-layout-22223934 wp-block-column-is-layout-flow\" style=\"flex-basis:50%\">\n<p>Une tendance qui se dessine depuis quelques ann\u00e9es concerne \u00e9galement la <a href=\"https:\/\/www.berti.net\/collezioni\/berti\/parquet-prefiniti-antico\" target=\"_blank\" rel=\"noreferrer noopener\"><strong>taille des<\/strong><\/a> lames et des panneaux, qui sont pr\u00e9f\u00e9r\u00e9s en grand format pour donner du souffle et de la profondeur \u00e0 la vision, m\u00eame dans les pi\u00e8ces moins a\u00e9r\u00e9es.<\/p>\n\n\n\n<figure class=\"wp-block-image size-full is-style-default\"><img loading=\"lazy\" decoding=\"async\" width=\"550\" height=\"366\" src=\"https:\/\/www.berti.net\/wp-content\/uploads\/2013\/03\/Berti-parquet-tavole-grandi-dimensioni.jpg\" alt=\"\" class=\"wp-image-9473\" srcset=\"https:\/\/berti.net\/wp-content\/uploads\/2013\/03\/Berti-parquet-tavole-grandi-dimensioni.jpg 550w, https:\/\/berti.net\/wp-content\/uploads\/2013\/03\/Berti-parquet-tavole-grandi-dimensioni-300x200.jpg 300w\" sizes=\"auto, (max-width: 550px) 100vw, 550px\" \/><\/figure>\n\n\n\n<p>Choisir le parquet comme rev\u00eatement de sol est un choix d&rsquo;\u00e9l\u00e9gance, facile \u00e0 entretenir et \u00e0 nettoyer correctement (comme vous pouvez le voir dans notre <a href=\"https:\/\/www.berti.net\/faq\/faq\/manutenzione\" target=\"_blank\" rel=\"noreferrer noopener\">FAQ sur l&rsquo;entretien<\/a> Berti).<br\/>Le parquet est donc synonyme de beaut\u00e9 et de <strong>bien-\u00eatre<\/strong>: il est toujours chaud au toucher, confortable \u00e0 la marche, il absorbe les sons et amortit donc les bruits, il am\u00e9liore l&rsquo;efficacit\u00e9 thermique tout en r\u00e9gulant l&rsquo;humidit\u00e9 de l&rsquo;air et, enfin, il emp\u00eache l&rsquo;accumulation de charges \u00e9lectrostatiques.<br\/>Le bien-vivre est un art qui, en tant que tel, exige un certain engagement : prenez un bon d\u00e9part en choisissant les parquets en bois pr\u00e9finis <a href=\"https:\/\/www.berti.net\/fr\/\" target=\"_blank\" rel=\"noreferrer noopener\">Berti<\/a>.<\/p>\n\n\n\n<figure class=\"wp-block-image size-full is-style-default\"><img loading=\"lazy\" decoding=\"async\" width=\"550\" height=\"366\" src=\"https:\/\/www.berti.net\/wp-content\/uploads\/2013\/03\/berti-parquet-benessere.jpg\" alt=\"\" class=\"wp-image-9476\" srcset=\"https:\/\/berti.net\/wp-content\/uploads\/2013\/03\/berti-parquet-benessere.jpg 550w, https:\/\/berti.net\/wp-content\/uploads\/2013\/03\/berti-parquet-benessere-300x200.jpg 300w\" sizes=\"auto, (max-width: 550px) 100vw, 550px\" \/><\/figure>\n<\/div>\n<\/div>\n\n\n\n<div class=\"wp-block-group post-categories has-global-padding is-content-justification-left is-layout-constrained wp-container-core-group-is-layout-836d34cb wp-block-group-is-layout-constrained\" style=\"margin-top:var(--wp--preset--spacing--70);font-size:11px\">\n<div class=\"wp-block-group is-content-justification-center is-nowrap is-layout-flex wp-container-core-group-is-layout-60758a6d wp-block-group-is-layout-flex\">\n<p>Magazine \/<\/p>\n\n\n<div class=\"taxonomy-category wp-block-post-terms\"><a href=\"https:\/\/berti.net\/fr\/magazine\/category\/products-fr\/\" rel=\"tag\">Products<\/a><span class=\"wp-block-post-terms__separator\">, <\/span><a href=\"https:\/\/berti.net\/fr\/magazine\/category\/projects-fr\/\" rel=\"tag\">Projects<\/a><\/div><\/div>\n<\/div>\n<\/div>\n\n<p><\/p>\n","protected":false},"excerpt":{"rendered":"<p>La tradition du parquet est ancienne et jouit d&rsquo;une position prestigieuse depuis des si\u00e8cles en tant que choix d&rsquo;ameublement et de vie dans la maison ou les espaces publics.<\/p>\n","protected":false},"author":9,"featured_media":9462,"comment_status":"closed","ping_status":"closed","sticky":false,"template":"","format":"standard","meta":{"footnotes":""},"categories":[45,47],"tags":[],"class_list":["post-15435","post","type-post","status-publish","format-standard","has-post-thumbnail","hentry","category-products-fr","category-projects-fr"],"_links":{"self":[{"href":"https:\/\/berti.net\/fr\/wp-json\/wp\/v2\/posts\/15435","targetHints":{"allow":["GET"]}}],"collection":[{"href":"https:\/\/berti.net\/fr\/wp-json\/wp\/v2\/posts"}],"about":[{"href":"https:\/\/berti.net\/fr\/wp-json\/wp\/v2\/types\/post"}],"author":[{"embeddable":true,"href":"https:\/\/berti.net\/fr\/wp-json\/wp\/v2\/users\/9"}],"replies":[{"embeddable":true,"href":"https:\/\/berti.net\/fr\/wp-json\/wp\/v2\/comments?post=15435"}],"version-history":[{"count":2,"href":"https:\/\/berti.net\/fr\/wp-json\/wp\/v2\/posts\/15435\/revisions"}],"predecessor-version":[{"id":21217,"href":"https:\/\/berti.net\/fr\/wp-json\/wp\/v2\/posts\/15435\/revisions\/21217"}],"wp:featuredmedia":[{"embeddable":true,"href":"https:\/\/berti.net\/fr\/wp-json\/wp\/v2\/media\/9462"}],"wp:attachment":[{"href":"https:\/\/berti.net\/fr\/wp-json\/wp\/v2\/media?parent=15435"}],"wp:term":[{"taxonomy":"category","embeddable":true,"href":"https:\/\/berti.net\/fr\/wp-json\/wp\/v2\/categories?post=15435"},{"taxonomy":"post_tag","embeddable":true,"href":"https:\/\/berti.net\/fr\/wp-json\/wp\/v2\/tags?post=15435"}],"curies":[{"name":"wp","href":"https:\/\/api.w.org\/{rel}","templated":true}]}}