{"id":15432,"date":"2013-05-07T10:18:01","date_gmt":"2013-05-07T10:18:01","guid":{"rendered":"https:\/\/www.berti.net\/magazine\/la-gamme-de-parquets-vepal-est-renouvelee-et-elargie\/"},"modified":"2025-05-19T09:35:55","modified_gmt":"2025-05-19T09:35:55","slug":"la-gamme-de-parquets-vepal-est-renouvelee-et-elargie","status":"publish","type":"post","link":"https:\/\/berti.net\/fr\/magazine\/la-gamme-de-parquets-vepal-est-renouvelee-et-elargie\/","title":{"rendered":"La gamme de parquets Vepal est renouvel\u00e9e et \u00e9largie"},"content":{"rendered":"\n<div class=\"wp-block-group post-detail-pattern is-container has-base-2-color has-contrast-background-color has-text-color has-background has-link-color wp-elements-91c16e41c006ce82cf5d6eb0cb27625c has-global-padding is-layout-constrained wp-block-group-is-layout-constrained\" style=\"margin-top:0;margin-bottom:0;padding-top:var(--wp--preset--spacing--70);padding-bottom:var(--wp--preset--spacing--70)\">\n<div class=\"wp-block-columns alignwide is-layout-flex wp-container-core-columns-is-layout-d125203f wp-block-columns-is-layout-flex\" style=\"margin-bottom:var(--wp--preset--spacing--50)\">\n<div class=\"wp-block-column is-vertically-aligned-stretch is-layout-flow wp-block-column-is-layout-flow\" style=\"padding-right:0;flex-basis:50%\">\n<div class=\"wp-block-group is-vertical is-content-justification-stretch is-layout-flex wp-container-core-group-is-layout-e9e70883 wp-block-group-is-layout-flex\" style=\"min-height:100%\">\n<div class=\"wp-block-group post-categories is-nowrap is-layout-flex wp-container-core-group-is-layout-3155b93e wp-block-group-is-layout-flex\" style=\"margin-top:var(--wp--preset--spacing--20);font-size:11px\">\n<p>Magazine \/<\/p>\n\n\n<div class=\"taxonomy-category wp-block-post-terms\"><a href=\"https:\/\/berti.net\/fr\/magazine\/category\/products-fr\/\" rel=\"tag\">Products<\/a><span class=\"wp-block-post-terms__separator\">, <\/span><a href=\"https:\/\/berti.net\/fr\/magazine\/category\/projects-fr\/\" rel=\"tag\">Projects<\/a><\/div><\/div>\n\n\n<div style=\"font-style:normal;font-weight:600;text-transform:uppercase;\" class=\"has-link-color wp-elements-32859cd979b45056895d81c5660c23a0 wp-block-post-date has-text-color has-base-color has-s-font-size\"><time datetime=\"2013-05-07T10:18:01+00:00\">7 mai 2013<\/time><\/div>\n\n\n<h1 class=\"wp-block-heading post-title\">La gamme de <strong>parquets Vepal<\/strong> est renouvel\u00e9e et \u00e9largie<\/h1>\n\n\n\n<h2 class=\"wp-block-heading post-subtitle\" style=\"margin-bottom:var(--wp--preset--spacing--20)\">Gr\u00e2ce \u00e0 la <strong>refonte<\/strong> de la <strong>gamme Vepal<\/strong>, les choix offerts \u00e0 nos clients s&rsquo;<strong>\u00e9largissent<\/strong>, pour proposer de <strong>nouveaux produits<\/strong>, r\u00e9alis\u00e9s avec des <strong>technologies avanc\u00e9es<\/strong>, afin de r\u00e9pondre aux besoins les plus divers.<\/h2>\n\n\n\n<figure class=\"wp-block-image size-full is-style-default\"><img loading=\"lazy\" decoding=\"async\" width=\"330\" height=\"322\" src=\"https:\/\/www.berti.net\/wp-content\/uploads\/2013\/05\/vapal-gamma-prefiniti-laminati-decking1.jpg\" alt=\"\" class=\"wp-image-9349\" srcset=\"https:\/\/berti.net\/wp-content\/uploads\/2013\/05\/vapal-gamma-prefiniti-laminati-decking1.jpg 330w, https:\/\/berti.net\/wp-content\/uploads\/2013\/05\/vapal-gamma-prefiniti-laminati-decking1-300x293.jpg 300w\" sizes=\"auto, (max-width: 330px) 100vw, 330px\" \/><\/figure>\n\n\n\n<p>La <strong>gamme Vepal<\/strong> est d\u00e9sormais compl\u00e8te : vous pouvez choisir entre le parquet pr\u00e9fini, le stratifi\u00e9 et le rev\u00eatement de sol ext\u00e9rieur avec Wpc Decking.<\/p>\n\n\n\n<p>La gamme Loc \u00a0\u00bbTDN 30&Prime; fait l&rsquo;objet d&rsquo;un renouvellement complet : d\u00e9sormais, vous pourrez acheter des planches de bord d&rsquo;une nouvelle collection, appel\u00e9e <strong>TDN 3 STRIPS<\/strong>. Dans cette cat\u00e9gorie, vous trouverez trois types de finition de parquet : Ch\u00eane verni lisse, Ch\u00eane verni bross\u00e9 et Ch\u00eane blanchi verni lisse. Le parquet a une structure \u00e0 trois couches, avec une \u00e9paisseur totale de 10 mm et une \u00e9paisseur de bois noble de 2,5 mm.  <\/p>\n\n\n\n<figure class=\"wp-block-image size-full is-style-default\"><img loading=\"lazy\" decoding=\"async\" width=\"911\" height=\"194\" src=\"https:\/\/www.berti.net\/wp-content\/uploads\/2013\/05\/tdn-3-strips2.jpg\" alt=\"\" class=\"wp-image-9359\" srcset=\"https:\/\/berti.net\/wp-content\/uploads\/2013\/05\/tdn-3-strips2.jpg 911w, https:\/\/berti.net\/wp-content\/uploads\/2013\/05\/tdn-3-strips2-300x64.jpg 300w, https:\/\/berti.net\/wp-content\/uploads\/2013\/05\/tdn-3-strips2-768x164.jpg 768w\" sizes=\"auto, (max-width: 911px) 100vw, 911px\" \/><\/figure>\n\n\n\n<p>La ligne <strong>Tavole<\/strong> regroupe les propositions qui, jusqu&rsquo;\u00e0 hier, \u00e9taient connues sous le nom de Maxilistone \u00a0\u00bb40&Prime; Derullato. Rien n&rsquo;a chang\u00e9, si ce n&rsquo;est le nom de la collection, qui continue \u00e0 offrir un produit pr\u00e9fini \u00e0 trois couches d&rsquo;une \u00e9paisseur de 4 mm en bois noble, d\u00e9clin\u00e9 en diff\u00e9rentes finitions. <\/p>\n\n\n\n<figure class=\"wp-block-image size-full is-style-default\"><img loading=\"lazy\" decoding=\"async\" width=\"911\" height=\"204\" src=\"https:\/\/www.berti.net\/wp-content\/uploads\/2013\/05\/vepal-tavole2.jpg\" alt=\"\" class=\"wp-image-9362\" srcset=\"https:\/\/berti.net\/wp-content\/uploads\/2013\/05\/vepal-tavole2.jpg 911w, https:\/\/berti.net\/wp-content\/uploads\/2013\/05\/vepal-tavole2-300x67.jpg 300w, https:\/\/berti.net\/wp-content\/uploads\/2013\/05\/vepal-tavole2-768x172.jpg 768w\" sizes=\"auto, (max-width: 911px) 100vw, 911px\" \/><\/figure>\n\n\n\n<p>La collection <strong>Vepal Colors <\/strong>subit un profond changement : elle se compose d\u00e9sormais de deux familles de produits distinctes : d&rsquo;une part,<em> Vepal Colors Varnished<\/em>, qui continue \u00e0 proposer des lames de parquet pr\u00e9finies \u00e0 3 couches, dot\u00e9es d&rsquo;un embo\u00eetement \u00e0 rainure et languette qui permet une pose coll\u00e9e ou flottante. Les finitions disponibles ont chang\u00e9 : vous pouvez d\u00e9sormais choisir entre diff\u00e9rentes variantes de ch\u00eane. D&rsquo;autre part, nous vous proposons les toutes nouvelles <em>Vepal Colors Oliato<\/em>, des planches maxi-lamin\u00e9es avec des finitions huil\u00e9es exclusives qui donnent \u00e0 la surface une brillance velout\u00e9e. Les planches pr\u00e9sentent de nombreux n\u0153uds et fissures qui conf\u00e8rent au parquet Vepal Colors Oliato un aspect rustique et original : pour un sol \u00e0 la personnalit\u00e9 marqu\u00e9e. Le r\u00e9sultat est un parquet avec une finition naturelle \u00e0 l&rsquo;huile. Chaque planche a une largeur de 189 mm et une longueur comprise entre 1860 et 1900 mm.     <\/p>\n\n\n\n<figure class=\"wp-block-image size-full is-style-default\"><img loading=\"lazy\" decoding=\"async\" width=\"912\" height=\"347\" src=\"https:\/\/www.berti.net\/wp-content\/uploads\/2013\/05\/Vepal-colors1.jpg\" alt=\"\" class=\"wp-image-9365\" srcset=\"https:\/\/berti.net\/wp-content\/uploads\/2013\/05\/Vepal-colors1.jpg 912w, https:\/\/berti.net\/wp-content\/uploads\/2013\/05\/Vepal-colors1-300x114.jpg 300w, https:\/\/berti.net\/wp-content\/uploads\/2013\/05\/Vepal-colors1-768x292.jpg 768w\" sizes=\"auto, (max-width: 912px) 100vw, 912px\" \/><\/figure>\n\n\n\n<p>Prefinito Vepal<strong> 10<\/strong>, le produit le plus vendu de Vepal, devient EcoPrefinito Vepal<strong> 10<\/strong>, auquel il faut ajouter <strong>EcoPrefinito Vepal 11<\/strong>, un parquet pr\u00e9fini compos\u00e9 de 2 couches pour une \u00e9paisseur totale de 11 mm, disponible dans les finitions Ch\u00eane verni et Verni bross\u00e9.<\/p>\n\n\n\n<figure class=\"wp-block-image size-full is-style-default\"><img loading=\"lazy\" decoding=\"async\" width=\"912\" height=\"189\" src=\"https:\/\/www.berti.net\/wp-content\/uploads\/2013\/05\/vepal-eco-prefinito1.jpg\" alt=\"\" class=\"wp-image-9369\" srcset=\"https:\/\/berti.net\/wp-content\/uploads\/2013\/05\/vepal-eco-prefinito1.jpg 912w, https:\/\/berti.net\/wp-content\/uploads\/2013\/05\/vepal-eco-prefinito1-300x62.jpg 300w, https:\/\/berti.net\/wp-content\/uploads\/2013\/05\/vepal-eco-prefinito1-768x159.jpg 768w\" sizes=\"auto, (max-width: 912px) 100vw, 912px\" \/><\/figure>\n\n\n\n<p>En ce qui concerne les stratifi\u00e9s, il existe des nouveaut\u00e9s importantes et int\u00e9ressantes pour cette gamme de rev\u00eatements de sol non-bois.<\/p>\n\n\n\n<p>Les stratifi\u00e9s <strong>Platinum<\/strong> sont des stratifi\u00e9s qui se distinguent par leurs caract\u00e9ristiques techniques de haut niveau : ils pr\u00e9sentent une excellente r\u00e9sistance au pi\u00e9tinement et aux chocs. En m\u00eame temps, les stratifi\u00e9s Platinum de Vepal constituent un choix raffin\u00e9 et moderne, gr\u00e2ce \u00e0 la gamme de d\u00e9cors essentiels et \u00e9l\u00e9gants qui reproduisent avec pr\u00e9cision l&rsquo;effet des planches de ch\u00eane. Tous les stratifi\u00e9s Platinum appartiennent \u00e0 la classe de r\u00e9sistance \u00e0 l&rsquo;abrasion AC5, ils sont capables de supporter des charges lourdes et peuvent \u00eatre plac\u00e9s dans les grands bureaux et magasins, ainsi que dans toutes les zones r\u00e9sidentielles.  <\/p>\n\n\n\n<figure class=\"wp-block-image size-full is-style-default\"><img loading=\"lazy\" decoding=\"async\" width=\"1563\" height=\"189\" src=\"https:\/\/www.berti.net\/wp-content\/uploads\/2013\/05\/vepal-laminati-platinum2.jpg\" alt=\"\" class=\"wp-image-9372\" srcset=\"https:\/\/berti.net\/wp-content\/uploads\/2013\/05\/vepal-laminati-platinum2.jpg 1563w, https:\/\/berti.net\/wp-content\/uploads\/2013\/05\/vepal-laminati-platinum2-300x36.jpg 300w, https:\/\/berti.net\/wp-content\/uploads\/2013\/05\/vepal-laminati-platinum2-1024x124.jpg 1024w, https:\/\/berti.net\/wp-content\/uploads\/2013\/05\/vepal-laminati-platinum2-768x93.jpg 768w, https:\/\/berti.net\/wp-content\/uploads\/2013\/05\/vepal-laminati-platinum2-1536x186.jpg 1536w\" sizes=\"auto, (max-width: 1563px) 100vw, 1563px\" \/><\/figure>\n\n\n\n<p>En ce qui concerne les <strong>stratifi\u00e9s Premium<\/strong>, de nouveaux d\u00e9cors et formats ont \u00e9t\u00e9 ajout\u00e9s. Il s&rsquo;agit de Rovere Cognac et Rovere Sambuca, qui se caract\u00e9risent par un d\u00e9cor qui reproduit l&rsquo;effet vieilli et antique des planches gr\u00e2ce \u00e0 des veines et des n\u0153uds qui reproduisent fid\u00e8lement les caract\u00e9ristiques naturelles du bois. Pour l&rsquo;incroyable sensation de marcher sur des planches en bois v\u00e9ritable fabriqu\u00e9es \u00e0 la main.  <\/p>\n\n\n\n<figure class=\"wp-block-image size-full is-style-default\"><img loading=\"lazy\" decoding=\"async\" width=\"1563\" height=\"350\" src=\"https:\/\/www.berti.net\/wp-content\/uploads\/2013\/05\/vepal-laminati-premium1.jpg\" alt=\"\" class=\"wp-image-9375\" srcset=\"https:\/\/berti.net\/wp-content\/uploads\/2013\/05\/vepal-laminati-premium1.jpg 1563w, https:\/\/berti.net\/wp-content\/uploads\/2013\/05\/vepal-laminati-premium1-300x67.jpg 300w, https:\/\/berti.net\/wp-content\/uploads\/2013\/05\/vepal-laminati-premium1-1024x229.jpg 1024w, https:\/\/berti.net\/wp-content\/uploads\/2013\/05\/vepal-laminati-premium1-768x172.jpg 768w, https:\/\/berti.net\/wp-content\/uploads\/2013\/05\/vepal-laminati-premium1-1536x344.jpg 1536w\" sizes=\"auto, (max-width: 1563px) 100vw, 1563px\" \/><\/figure>\n<\/div>\n<\/div>\n\n\n\n<div class=\"wp-block-column is-layout-flow wp-container-core-column-is-layout-22223934 wp-block-column-is-layout-flow\" style=\"flex-basis:50%\">\n<p>En ce qui concerne les <strong>stratifi\u00e9s Trend<\/strong>, il n&rsquo;y a pas eu de changement dans la gamme.<\/p>\n\n\n\n<figure class=\"wp-block-image size-full is-style-default\"><img loading=\"lazy\" decoding=\"async\" width=\"1563\" height=\"344\" src=\"https:\/\/www.berti.net\/wp-content\/uploads\/2013\/05\/vepal-laminati-trend1.jpg\" alt=\"\" class=\"wp-image-9379\" srcset=\"https:\/\/berti.net\/wp-content\/uploads\/2013\/05\/vepal-laminati-trend1.jpg 1563w, https:\/\/berti.net\/wp-content\/uploads\/2013\/05\/vepal-laminati-trend1-300x66.jpg 300w, https:\/\/berti.net\/wp-content\/uploads\/2013\/05\/vepal-laminati-trend1-1024x225.jpg 1024w, https:\/\/berti.net\/wp-content\/uploads\/2013\/05\/vepal-laminati-trend1-768x169.jpg 768w, https:\/\/berti.net\/wp-content\/uploads\/2013\/05\/vepal-laminati-trend1-1536x338.jpg 1536w\" sizes=\"auto, (max-width: 1563px) 100vw, 1563px\" \/><\/figure>\n\n\n\n<p>Les <strong>Easy Laminates<\/strong> ont \u00e9t\u00e9 r\u00e9duits : 4 types de d\u00e9cors diff\u00e9rents restent dans la gamme, tandis que les autres seront disponibles jusqu&rsquo;\u00e0 \u00e9puisement des stocks.<\/p>\n\n\n\n<figure class=\"wp-block-image size-full is-style-default\"><img loading=\"lazy\" decoding=\"async\" width=\"1563\" height=\"192\" src=\"https:\/\/www.berti.net\/wp-content\/uploads\/2013\/05\/vepal-laminati-easy1.jpg\" alt=\"\" class=\"wp-image-9382\" srcset=\"https:\/\/berti.net\/wp-content\/uploads\/2013\/05\/vepal-laminati-easy1.jpg 1563w, https:\/\/berti.net\/wp-content\/uploads\/2013\/05\/vepal-laminati-easy1-300x37.jpg 300w, https:\/\/berti.net\/wp-content\/uploads\/2013\/05\/vepal-laminati-easy1-1024x126.jpg 1024w, https:\/\/berti.net\/wp-content\/uploads\/2013\/05\/vepal-laminati-easy1-768x94.jpg 768w, https:\/\/berti.net\/wp-content\/uploads\/2013\/05\/vepal-laminati-easy1-1536x189.jpg 1536w\" sizes=\"auto, (max-width: 1563px) 100vw, 1563px\" \/><\/figure>\n\n\n\n<p>Decking est la gamme de rev\u00eatements de sol ext\u00e9rieurs de Vepal : la solution pour votre sol qui se distingue par la haute qualit\u00e9 de ses mat\u00e9riaux et de ses processus de production. La gamme comprend d\u00e9sormais le produit <strong>Decking WPC<\/strong>, fabriqu\u00e9 \u00e0 partir d&rsquo;un composite de fibres de bois et de poly\u00e9thyl\u00e8ne. <\/p>\n\n\n\n<figure class=\"wp-block-image size-full is-style-default\"><img loading=\"lazy\" decoding=\"async\" width=\"1047\" height=\"448\" src=\"https:\/\/www.berti.net\/wp-content\/uploads\/2013\/05\/vepal-decking-Wpc.png\" alt=\"\" class=\"wp-image-9385\" srcset=\"https:\/\/berti.net\/wp-content\/uploads\/2013\/05\/vepal-decking-Wpc.png 1047w, https:\/\/berti.net\/wp-content\/uploads\/2013\/05\/vepal-decking-Wpc-300x128.png 300w, https:\/\/berti.net\/wp-content\/uploads\/2013\/05\/vepal-decking-Wpc-1024x438.png 1024w, https:\/\/berti.net\/wp-content\/uploads\/2013\/05\/vepal-decking-Wpc-768x329.png 768w\" sizes=\"auto, (max-width: 1047px) 100vw, 1047px\" \/><\/figure>\n\n\n\n<p>N&rsquo;h\u00e9sitez pas \u00e0 contacter notre service commercial pour plus d&rsquo;informations. Vous pouvez \u00e9galement consulter le catalogue\/liste Vepal disponible prochainement chez tous les revendeurs agr\u00e9\u00e9s Berti et Vepal. Nous travaillons \u00e9galement \u00e0 la mise \u00e0 jour du <a href=\"https:\/\/www.vepal.it\/\" target=\"_blank\" rel=\"noreferrer noopener\">site web de Vepal<\/a>, qui pr\u00e9sentera tous les nouveaux produits que nous venons de vous pr\u00e9senter en avant-premi\u00e8re.  <\/p>\n\n\n\n<p><a href=\"https:\/\/issuu.com\/bertiamministratore\/docs\/vepal_catalogo_prodotti_2013_parquet_laminato\/1?mode=window&amp;backgroundColor=%23222222\" target=\"_blank\" rel=\"noreferrer noopener\">Pour consulter le catalogue Vepal 2013, valable \u00e0 partir du 1\/06\/2013, veuillez cliquer sur le lien suivant.<\/a><\/p>\n<\/div>\n<\/div>\n\n\n\n<div class=\"wp-block-group post-categories has-global-padding is-content-justification-left is-layout-constrained wp-container-core-group-is-layout-836d34cb wp-block-group-is-layout-constrained\" style=\"margin-top:var(--wp--preset--spacing--70);font-size:11px\">\n<div class=\"wp-block-group is-content-justification-center is-nowrap is-layout-flex wp-container-core-group-is-layout-60758a6d wp-block-group-is-layout-flex\">\n<p>Magazine \/<\/p>\n\n\n<div class=\"taxonomy-category wp-block-post-terms\"><a href=\"https:\/\/berti.net\/fr\/magazine\/category\/products-fr\/\" rel=\"tag\">Products<\/a><span class=\"wp-block-post-terms__separator\">, <\/span><a href=\"https:\/\/berti.net\/fr\/magazine\/category\/projects-fr\/\" rel=\"tag\">Projects<\/a><\/div><\/div>\n<\/div>\n<\/div>\n\n<p><\/p>\n","protected":false},"excerpt":{"rendered":"<p>Gr\u00e2ce \u00e0 la refonte de la gamme Vepal, les choix offerts \u00e0 nos clients sont \u00e9largis<\/p>\n","protected":false},"author":9,"featured_media":9351,"comment_status":"closed","ping_status":"closed","sticky":false,"template":"","format":"standard","meta":{"footnotes":""},"categories":[45,47],"tags":[],"class_list":["post-15432","post","type-post","status-publish","format-standard","has-post-thumbnail","hentry","category-products-fr","category-projects-fr"],"_links":{"self":[{"href":"https:\/\/berti.net\/fr\/wp-json\/wp\/v2\/posts\/15432","targetHints":{"allow":["GET"]}}],"collection":[{"href":"https:\/\/berti.net\/fr\/wp-json\/wp\/v2\/posts"}],"about":[{"href":"https:\/\/berti.net\/fr\/wp-json\/wp\/v2\/types\/post"}],"author":[{"embeddable":true,"href":"https:\/\/berti.net\/fr\/wp-json\/wp\/v2\/users\/9"}],"replies":[{"embeddable":true,"href":"https:\/\/berti.net\/fr\/wp-json\/wp\/v2\/comments?post=15432"}],"version-history":[{"count":2,"href":"https:\/\/berti.net\/fr\/wp-json\/wp\/v2\/posts\/15432\/revisions"}],"predecessor-version":[{"id":21235,"href":"https:\/\/berti.net\/fr\/wp-json\/wp\/v2\/posts\/15432\/revisions\/21235"}],"wp:featuredmedia":[{"embeddable":true,"href":"https:\/\/berti.net\/fr\/wp-json\/wp\/v2\/media\/9351"}],"wp:attachment":[{"href":"https:\/\/berti.net\/fr\/wp-json\/wp\/v2\/media?parent=15432"}],"wp:term":[{"taxonomy":"category","embeddable":true,"href":"https:\/\/berti.net\/fr\/wp-json\/wp\/v2\/categories?post=15432"},{"taxonomy":"post_tag","embeddable":true,"href":"https:\/\/berti.net\/fr\/wp-json\/wp\/v2\/tags?post=15432"}],"curies":[{"name":"wp","href":"https:\/\/api.w.org\/{rel}","templated":true}]}}