{"id":15428,"date":"2013-02-05T07:41:27","date_gmt":"2013-02-05T07:41:27","guid":{"rendered":"https:\/\/www.berti.net\/magazine\/berti-presente-entre-design-et-recyclage-diy-touch-and-madness\/"},"modified":"2025-05-19T09:35:30","modified_gmt":"2025-05-19T09:35:30","slug":"berti-presente-entre-design-et-recyclage-diy-touch-and-madness","status":"publish","type":"post","link":"https:\/\/berti.net\/fr\/magazine\/berti-presente-entre-design-et-recyclage-diy-touch-and-madness\/","title":{"rendered":"Berti pr\u00e9sente : entre design et recyclage, diy, touch and madness"},"content":{"rendered":"\n<div class=\"wp-block-group post-detail-pattern is-container has-base-2-color has-contrast-background-color has-text-color has-background has-link-color wp-elements-c7cbb6641851e0b5bc75fa135468d851 has-global-padding is-layout-constrained wp-block-group-is-layout-constrained\" style=\"margin-top:0;margin-bottom:0;padding-top:var(--wp--preset--spacing--70);padding-bottom:var(--wp--preset--spacing--70)\">\n<div class=\"wp-block-columns alignwide is-layout-flex wp-container-core-columns-is-layout-d125203f wp-block-columns-is-layout-flex\" style=\"margin-bottom:var(--wp--preset--spacing--50)\">\n<div class=\"wp-block-column is-vertically-aligned-stretch is-layout-flow wp-block-column-is-layout-flow\" style=\"padding-right:0;flex-basis:50%\">\n<div class=\"wp-block-group is-vertical is-content-justification-stretch is-layout-flex wp-container-core-group-is-layout-e9e70883 wp-block-group-is-layout-flex\" style=\"min-height:100%\">\n<div class=\"wp-block-group post-categories is-nowrap is-layout-flex wp-container-core-group-is-layout-3155b93e wp-block-group-is-layout-flex\" style=\"margin-top:var(--wp--preset--spacing--20);font-size:11px\">\n<p>Magazine \/<\/p>\n\n\n<div class=\"taxonomy-category wp-block-post-terms\"><a href=\"https:\/\/berti.net\/fr\/magazine\/category\/products-fr\/\" rel=\"tag\">Products<\/a><span class=\"wp-block-post-terms__separator\">, <\/span><a href=\"https:\/\/berti.net\/fr\/magazine\/category\/projects-fr\/\" rel=\"tag\">Projects<\/a><\/div><\/div>\n\n\n<div style=\"font-style:normal;font-weight:600;text-transform:uppercase;\" class=\"has-link-color wp-elements-32859cd979b45056895d81c5660c23a0 wp-block-post-date has-text-color has-base-color has-s-font-size\"><time datetime=\"2013-02-05T07:41:27+00:00\">5 f\u00e9vrier 2013<\/time><\/div>\n\n\n<h1 class=\"wp-block-heading post-title\"><strong>Berti pr\u00e9sente<\/strong>: entre design et recyclage, diy, touch and madness<\/h1>\n\n\n\n<h2 class=\"wp-block-heading post-subtitle\" style=\"margin-bottom:var(--wp--preset--spacing--20)\">En ces premi\u00e8res semaines de l&rsquo;ann\u00e9e 2013, nous nous sommes amus\u00e9s \u00e0 espionner diff\u00e9rents blogs et portails de design pour voir quelles sont les grandes <strong>tendances de<\/strong> la saison \u00e0 venir, notamment en ce qui concerne la<strong>d\u00e9coration d&rsquo;int\u00e9rieur.<\/strong><\/h2>\n\n\n\n<p>Nous avons \u00a0\u00bbremix\u00e9\u00a0\u00bb des indications, des conseils, des visions et des pr\u00e9visions, obtenant ainsi une s\u00e9rie de tendances vraiment int\u00e9ressantes et \u00e9vocatrices que nous avons r\u00e9pertori\u00e9es ici en dix points selon nos pr\u00e9f\u00e9rences personnelles. Voici donc le top 10 de Berti Pavimenti Legno en mati\u00e8re de design et de tendances : <\/p>\n\n\n\n<p>1) Couleurs v\u00e9g\u00e9tales, tissus <strong>\u00e9cologiques<\/strong>, mat\u00e9riaux <strong>recycl\u00e9s<\/strong> et<strong>style DIY<\/strong>pour les tables, les lampes et divers objets : le parquet offre \u00e0 cet \u00e9gard de nombreuses id\u00e9es.<\/p>\n\n\n\n<figure class=\"wp-block-image size-full is-style-default\"><img loading=\"lazy\" decoding=\"async\" width=\"937\" height=\"649\" src=\"https:\/\/www.berti.net\/wp-content\/uploads\/2013\/02\/Berti-parquet-diy.jpg\" alt=\"\" class=\"wp-image-9960\" srcset=\"https:\/\/berti.net\/wp-content\/uploads\/2013\/02\/Berti-parquet-diy.jpg 937w, https:\/\/berti.net\/wp-content\/uploads\/2013\/02\/Berti-parquet-diy-812x562.jpg 812w, https:\/\/berti.net\/wp-content\/uploads\/2013\/02\/Berti-parquet-diy-768x532.jpg 768w\" sizes=\"auto, (max-width: 937px) 100vw, 937px\" \/><\/figure>\n\n\n\n<p>2) Mobilier et espaces verts <strong>recouverts de mousse<\/strong> pour les jardins urbains : la mousse a l&rsquo;avantage de ne pas avoir besoin d&rsquo;\u00eatre arros\u00e9e et de ne pas pousser.<\/p>\n\n\n\n<p>3) La micro-tendance des formes <strong>animales<\/strong>: lampes en forme de chiens, tables en forme de vaches et d&rsquo;autruches, animaux imprim\u00e9s dans les tissus, tabourets en fourrure et papiers peints remplis de papillons.<\/p>\n\n\n\n<figure class=\"wp-block-image size-full is-style-default\"><img loading=\"lazy\" decoding=\"async\" width=\"375\" height=\"500\" src=\"https:\/\/www.berti.net\/wp-content\/uploads\/2013\/02\/berti_trends02.jpg\" alt=\"\" class=\"wp-image-9963\"\/><\/figure>\n\n\n\n<p>4) C&rsquo;est pr\u00e9cis\u00e9ment le <strong>papier peint<\/strong> qui marque un retour au pass\u00e9, une red\u00e9couverte au go\u00fbt vintage, \u00e9galement li\u00e9e \u00e0 l&rsquo;utilisation de fleurs (ou d&rsquo;animaux, en fait) comme motif de d\u00e9coration.<\/p>\n\n\n\n<figure class=\"wp-block-image size-full is-style-default\"><img loading=\"lazy\" decoding=\"async\" width=\"554\" height=\"831\" src=\"https:\/\/www.berti.net\/wp-content\/uploads\/2013\/02\/885979affeb072fec51ca31321053150.jpg\" alt=\"\" class=\"wp-image-9966\" srcset=\"https:\/\/berti.net\/wp-content\/uploads\/2013\/02\/885979affeb072fec51ca31321053150.jpg 554w, https:\/\/berti.net\/wp-content\/uploads\/2013\/02\/885979affeb072fec51ca31321053150-541x812.jpg 541w\" sizes=\"auto, (max-width: 554px) 100vw, 554px\" \/><\/figure>\n\n\n\n<figure class=\"wp-block-image size-full is-style-default\"><img loading=\"lazy\" decoding=\"async\" width=\"426\" height=\"640\" src=\"https:\/\/www.berti.net\/wp-content\/uploads\/2013\/02\/d4a669beceee3ac26fd94efa30515cce.jpg\" alt=\"\" class=\"wp-image-9969\"\/><\/figure>\n\n\n\n<p>5) <strong>Dentelle et dentelle<\/strong>: pour rester dans le th\u00e8me du vintage, ces mat\u00e9riaux et leur fabrication seront \u00e9galement \u00a0\u00bbd\u00e9poussi\u00e9r\u00e9s\u00a0\u00bb.<\/p>\n\n\n\n<figure class=\"wp-block-image size-full is-style-default\"><img loading=\"lazy\" decoding=\"async\" width=\"348\" height=\"500\" src=\"https:\/\/www.berti.net\/wp-content\/uploads\/2013\/02\/Berti-parquet-design-lace.jpg\" alt=\"\" class=\"wp-image-9972\"\/><\/figure>\n\n\n\n<p>6) <strong>Vert<\/strong> &#8211; Le vert \u00e9meraude Pantone a \u00e9t\u00e9 \u00e9lu couleur de l&rsquo;ann\u00e9e 2013 et sera un acteur majeur pour les tissus et les accessoires, au m\u00eame titre que le <strong>jaune.<\/strong><\/p>\n\n\n\n<figure class=\"wp-block-image size-full is-style-default\"><img loading=\"lazy\" decoding=\"async\" width=\"924\" height=\"638\" src=\"https:\/\/www.berti.net\/wp-content\/uploads\/2013\/02\/Berti-parquet-emerald-green.jpg\" alt=\"\" class=\"wp-image-9975\" srcset=\"https:\/\/berti.net\/wp-content\/uploads\/2013\/02\/Berti-parquet-emerald-green.jpg 924w, https:\/\/berti.net\/wp-content\/uploads\/2013\/02\/Berti-parquet-emerald-green-812x561.jpg 812w, https:\/\/berti.net\/wp-content\/uploads\/2013\/02\/Berti-parquet-emerald-green-768x530.jpg 768w\" sizes=\"auto, (max-width: 924px) 100vw, 924px\" \/><\/figure>\n<\/div>\n<\/div>\n\n\n\n<div class=\"wp-block-column is-layout-flow wp-container-core-column-is-layout-22223934 wp-block-column-is-layout-flow\" style=\"flex-basis:50%\">\n<figure class=\"wp-block-image size-full is-style-default\"><img loading=\"lazy\" decoding=\"async\" width=\"862\" height=\"407\" src=\"https:\/\/www.berti.net\/wp-content\/uploads\/2013\/02\/Berti-parquet-design-trend-giallo.jpg\" alt=\"\" class=\"wp-image-9978\" srcset=\"https:\/\/berti.net\/wp-content\/uploads\/2013\/02\/Berti-parquet-design-trend-giallo.jpg 862w, https:\/\/berti.net\/wp-content\/uploads\/2013\/02\/Berti-parquet-design-trend-giallo-812x383.jpg 812w, https:\/\/berti.net\/wp-content\/uploads\/2013\/02\/Berti-parquet-design-trend-giallo-768x363.jpg 768w\" sizes=\"auto, (max-width: 862px) 100vw, 862px\" \/><\/figure>\n\n\n\n<p>7) D\u00e9tails et mobilier <strong>en laiton<\/strong>: encore une red\u00e9couverte avec une saveur r\u00e9tro, une ambiance typique des ann\u00e9es 1970 qui revient aujourd&rsquo;hui \u00e0 la mode.<\/p>\n\n\n\n<p>8 ) Le sens du <strong>toucher<\/strong>: qualit\u00e9s tactiles des textiles et des objets, importance des textures et de la texture .<\/p>\n\n\n\n<p>9) Le r\u00f4le de la figure <strong>masculine<\/strong> doit \u00eatre soulign\u00e9, car les hommes passent de plus en plus de temps \u00e0 la maison et sont donc plus activement impliqu\u00e9s dans les d\u00e9cisions de conception et d&rsquo;ameublement.<\/p>\n\n\n\n<p>10) Une touche d&rsquo;<strong>originalit\u00e9<\/strong>, de <strong>bonheur<\/strong> et de <strong>folie<\/strong>: il ne suffira plus d&rsquo;acheter une chaise, mais il faudra que ce soit une chaise qui fasse sourire. On utilisera des mat\u00e9riaux et des objets apparemment hors contexte, \u00e0 recontextualiser selon des significations personnelles, de mani\u00e8re spontan\u00e9e et presque enfantine : des tasses \u00e0 mesurer comme des pots de fleurs, des fourchettes et des cuill\u00e8res suspendues au lustre, des canap\u00e9s recouverts de vieux jeans. <\/p>\n\n\n\n<figure class=\"wp-block-image size-full is-style-default\"><img loading=\"lazy\" decoding=\"async\" width=\"696\" height=\"515\" src=\"https:\/\/www.berti.net\/wp-content\/uploads\/2013\/02\/Berti-parquet-arredi-design-originali.jpg\" alt=\"\" class=\"wp-image-9981\"\/><\/figure>\n\n\n\n<p>Nous esp\u00e9rons que vous avez appr\u00e9ci\u00e9 ce rapide tour d&rsquo;horizon des contributions esth\u00e9tiques que nous avons fournies. Il n&rsquo;est pas toujours facile de s&rsquo;y retrouver dans toutes ces nouveaut\u00e9s et modes cycliques, mais nous aimons garder un \u0153il attentif sur tout ce qui se passe dans notre secteur d&rsquo;activit\u00e9.<\/p>\n\n\n\n<p>Bient\u00f4t, nous vous proposerons de nouvelles id\u00e9es int\u00e9ressantes et originales, afin d&rsquo;\u00e9largir la perspective du parquet et des choix sp\u00e9cifiques de rev\u00eatements de sol et d&rsquo;\u00e9tudier les choix qui vont avec le parquet et qui compl\u00e8tent l&rsquo;ameublement de nos espaces.<\/p>\n\n\n\n<p>(photo via <a href=\"https:\/\/it.pinterest.com\/berti_official\/\" target=\"_blank\" rel=\"noopener\"><strong>Pinterest<\/strong><\/a>)<\/p>\n<\/div>\n<\/div>\n\n\n\n<div class=\"wp-block-group post-categories has-global-padding is-content-justification-left is-layout-constrained wp-container-core-group-is-layout-836d34cb wp-block-group-is-layout-constrained\" style=\"margin-top:var(--wp--preset--spacing--70);font-size:11px\">\n<div class=\"wp-block-group is-content-justification-center is-nowrap is-layout-flex wp-container-core-group-is-layout-60758a6d wp-block-group-is-layout-flex\">\n<p>Magazine \/<\/p>\n\n\n<div class=\"taxonomy-category wp-block-post-terms\"><a href=\"https:\/\/berti.net\/fr\/magazine\/category\/products-fr\/\" rel=\"tag\">Products<\/a><span class=\"wp-block-post-terms__separator\">, <\/span><a href=\"https:\/\/berti.net\/fr\/magazine\/category\/projects-fr\/\" rel=\"tag\">Projects<\/a><\/div><\/div>\n<\/div>\n<\/div>\n\n<p><\/p>\n","protected":false},"excerpt":{"rendered":"<p>Nous nous sommes amus\u00e9s \u00e0 espionner ces premi\u00e8res semaines de 2013 sur diff\u00e9rents blogs et portails de design pour voir quelles sont les grandes tendances de la saison \u00e0 venir<\/p>\n","protected":false},"author":9,"featured_media":9962,"comment_status":"closed","ping_status":"closed","sticky":false,"template":"","format":"standard","meta":{"footnotes":""},"categories":[45,47],"tags":[],"class_list":["post-15428","post","type-post","status-publish","format-standard","has-post-thumbnail","hentry","category-products-fr","category-projects-fr"],"_links":{"self":[{"href":"https:\/\/berti.net\/fr\/wp-json\/wp\/v2\/posts\/15428","targetHints":{"allow":["GET"]}}],"collection":[{"href":"https:\/\/berti.net\/fr\/wp-json\/wp\/v2\/posts"}],"about":[{"href":"https:\/\/berti.net\/fr\/wp-json\/wp\/v2\/types\/post"}],"author":[{"embeddable":true,"href":"https:\/\/berti.net\/fr\/wp-json\/wp\/v2\/users\/9"}],"replies":[{"embeddable":true,"href":"https:\/\/berti.net\/fr\/wp-json\/wp\/v2\/comments?post=15428"}],"version-history":[{"count":2,"href":"https:\/\/berti.net\/fr\/wp-json\/wp\/v2\/posts\/15428\/revisions"}],"predecessor-version":[{"id":21216,"href":"https:\/\/berti.net\/fr\/wp-json\/wp\/v2\/posts\/15428\/revisions\/21216"}],"wp:featuredmedia":[{"embeddable":true,"href":"https:\/\/berti.net\/fr\/wp-json\/wp\/v2\/media\/9962"}],"wp:attachment":[{"href":"https:\/\/berti.net\/fr\/wp-json\/wp\/v2\/media?parent=15428"}],"wp:term":[{"taxonomy":"category","embeddable":true,"href":"https:\/\/berti.net\/fr\/wp-json\/wp\/v2\/categories?post=15428"},{"taxonomy":"post_tag","embeddable":true,"href":"https:\/\/berti.net\/fr\/wp-json\/wp\/v2\/tags?post=15428"}],"curies":[{"name":"wp","href":"https:\/\/api.w.org\/{rel}","templated":true}]}}