{"id":15427,"date":"2012-10-30T09:14:02","date_gmt":"2012-10-30T09:14:02","guid":{"rendered":"https:\/\/www.berti.net\/magazine\/restyling-du-magasin-berti-mondo-parquet-a-cava-dei-tirreni\/"},"modified":"2025-05-19T09:35:18","modified_gmt":"2025-05-19T09:35:18","slug":"restyling-du-magasin-berti-mondo-parquet-a-cava-dei-tirreni","status":"publish","type":"post","link":"https:\/\/berti.net\/fr\/magazine\/restyling-du-magasin-berti-mondo-parquet-a-cava-dei-tirreni\/","title":{"rendered":"Restyling du magasin Berti : Mondo Parquet \u00e0 Cava Dei Tirreni"},"content":{"rendered":"\n<div class=\"wp-block-group post-detail-pattern is-container has-base-2-color has-contrast-background-color has-text-color has-background has-link-color wp-elements-47c6cf4995a6cfa5dbdf87c5e1f1c842 has-global-padding is-layout-constrained wp-block-group-is-layout-constrained\" style=\"margin-top:0;margin-bottom:0;padding-top:var(--wp--preset--spacing--70);padding-bottom:var(--wp--preset--spacing--70)\">\n<div class=\"wp-block-columns alignwide is-layout-flex wp-container-core-columns-is-layout-d125203f wp-block-columns-is-layout-flex\" style=\"margin-bottom:var(--wp--preset--spacing--50)\">\n<div class=\"wp-block-column is-vertically-aligned-stretch is-layout-flow wp-block-column-is-layout-flow\" style=\"padding-right:0;flex-basis:50%\">\n<div class=\"wp-block-group is-vertical is-content-justification-stretch is-layout-flex wp-container-core-group-is-layout-e9e70883 wp-block-group-is-layout-flex\" style=\"min-height:100%\">\n<div class=\"wp-block-group post-categories is-nowrap is-layout-flex wp-container-core-group-is-layout-3155b93e wp-block-group-is-layout-flex\" style=\"margin-top:var(--wp--preset--spacing--20);font-size:11px\">\n<p>Magazine \/<\/p>\n\n\n<div class=\"taxonomy-category wp-block-post-terms\"><a href=\"https:\/\/berti.net\/fr\/magazine\/category\/products-fr\/\" rel=\"tag\">Products<\/a><span class=\"wp-block-post-terms__separator\">, <\/span><a href=\"https:\/\/berti.net\/fr\/magazine\/category\/events-fr\/\" rel=\"tag\">Events<\/a><span class=\"wp-block-post-terms__separator\">, <\/span><a href=\"https:\/\/berti.net\/fr\/magazine\/category\/projects-fr\/\" rel=\"tag\">Projects<\/a><\/div><\/div>\n\n\n<div style=\"font-style:normal;font-weight:600;text-transform:uppercase;\" class=\"has-link-color wp-elements-32859cd979b45056895d81c5660c23a0 wp-block-post-date has-text-color has-base-color has-s-font-size\"><time datetime=\"2012-10-30T09:14:02+00:00\">30 octobre 2012<\/time><\/div>\n\n\n<h1 class=\"wp-block-heading post-title\"><strong>Restyling du<\/strong> magasin Berti : <strong>Mondo Parquet<\/strong> \u00e0 Cava Dei Tirreni<\/h1>\n\n\n\n<h2 class=\"wp-block-heading post-subtitle\" style=\"margin-bottom:var(--wp--preset--spacing--20)\">Nous sommes tr\u00e8s fiers de vous pr\u00e9senter notre magasin <strong>Mondo Par<\/strong>quet \u00e0 Cava dei Tirreni dans la province de Salerne. <strong>Mondo Parquet<\/strong> repr\u00e9sente l&rsquo;un des points de vente <a href=\"https:\/\/www.berti.net\/fr\/\"><strong>Berti Pavimenti Legno<\/strong><\/a> le plus important de la Campanie et de la r\u00e9gion : c&rsquo;est pr\u00e9cis\u00e9ment parce qu&rsquo;il a toujours cru en la philosophie <strong>Shopping Experience<\/strong> et l&rsquo;a appliqu\u00e9e que <strong>Berti<\/strong> a pu augmenter son chiffre d&rsquo;affaires au cours des derni\u00e8res ann\u00e9es.<\/h2>\n\n\n\n<figure class=\"wp-block-image size-full is-style-default\"><img loading=\"lazy\" decoding=\"async\" width=\"800\" height=\"533\" src=\"https:\/\/www.berti.net\/wp-content\/uploads\/2012\/10\/Berti-Pavimenti-Legno-Punto-vendita-Mondo-Parquet_2.jpg\" alt=\"\" class=\"wp-image-10098\" srcset=\"https:\/\/berti.net\/wp-content\/uploads\/2012\/10\/Berti-Pavimenti-Legno-Punto-vendita-Mondo-Parquet_2.jpg 800w, https:\/\/berti.net\/wp-content\/uploads\/2012\/10\/Berti-Pavimenti-Legno-Punto-vendita-Mondo-Parquet_2-768x512.jpg 768w\" sizes=\"auto, (max-width: 800px) 100vw, 800px\" \/><\/figure>\n\n\n\n<p>Le magasin a fait l&rsquo;objet d&rsquo;une refonte totale et est devenu l&rsquo;un des d\u00e9taillants bas\u00e9s sur l&rsquo;image con\u00e7ue dans le cadre de l&rsquo;initiative \u00a0\u00bbBerti Shopping Experience\u00a0\u00bb. <a href=\"https:\/\/blog.berti.net\/shopping-experience-berti\"><strong>Berti Shopping Experience<\/strong><\/a>. Dans le cadre de la r\u00e9novation de ce nouvel espace magnifique, r\u00e9alis\u00e9 sur mesure pour le client, nous pr\u00e9sentons toutes les derni\u00e8res nouveaut\u00e9s de la gamme des produits Berti et BertiStudio. Toutes les derni\u00e8res finitions des collections sont expos\u00e9es <strong><a href=\"https:\/\/www.berti.net\/pavimenti-in-legno-parquet\/vintage_it_0_2_58.html\">Vintage<\/a><\/strong> et <strong><a href=\"https:\/\/www.berti.net\/pavimenti-in-legno-parquet\/avantgarde_it_0_2_55.html\">Avant-garde<\/a><\/strong>ainsi que les derni\u00e8res finitions exclusives pour <a href=\"https:\/\/www.berti.net\/pavimenti-in-legno-parquet\/parquet-prefiniti%3A-antico_it_0_1_68.html\">Antique<\/a>, comme <strong>American Walnut<\/strong> et <strong>Neutral<\/strong> <strong>Oak<\/strong>.  <\/p>\n\n\n\n<figure class=\"wp-block-image size-full is-style-default\"><img loading=\"lazy\" decoding=\"async\" width=\"800\" height=\"533\" src=\"https:\/\/www.berti.net\/wp-content\/uploads\/2012\/10\/Berti-Pavimenti-Legno-Punto-vendita-Mondo-Parquet_12.jpg\" alt=\"\" class=\"wp-image-10101\" srcset=\"https:\/\/berti.net\/wp-content\/uploads\/2012\/10\/Berti-Pavimenti-Legno-Punto-vendita-Mondo-Parquet_12.jpg 800w, https:\/\/berti.net\/wp-content\/uploads\/2012\/10\/Berti-Pavimenti-Legno-Punto-vendita-Mondo-Parquet_12-768x512.jpg 768w\" sizes=\"auto, (max-width: 800px) 100vw, 800px\" \/><\/figure>\n\n\n\n<p>Le magasin a fait l&rsquo;objet d&rsquo;une r\u00e9novation totale, s&rsquo;int\u00e9grant aux d\u00e9taillants sur la base de l&rsquo;image con\u00e7ue dans le cadre de la philosophie <a href=\"https:\/\/blog.berti.net\/shopping-experience-berti\">Berti Shopping Experience<\/a>. Dans le cadre de la r\u00e9novation de ce tout nouvel et magnifique espace, r\u00e9alis\u00e9 sur mesure pour le client, nous pr\u00e9sentons toutes les derni\u00e8res nouveaut\u00e9s de la gamme des produits Berti et BertiStudio. Toutes les derni\u00e8res finitions des collections <a href=\"https:\/\/www.berti.net\/pavimenti-in-legno-parquet\/vintage_it_0_2_58.html\">Vintage<\/a> et <a href=\"https:\/\/www.berti.net\/pavimenti-in-legno-parquet\/avantgarde_it_0_2_55.html\">Avantgarde<\/a> sont expos\u00e9es, ainsi que les nouveaut\u00e9s exclusives pour <a href=\"https:\/\/www.berti.net\/pavimenti-in-legno-parquet\/parquet-prefiniti%3A-antico_it_0_1_68.html\">Antique<\/a>, comme le Noyer Am\u00e9ricain et le Ch\u00eane Neutre.  <\/p>\n\n\n\n<figure class=\"wp-block-image size-full is-style-default\"><img loading=\"lazy\" decoding=\"async\" width=\"800\" height=\"1207\" src=\"https:\/\/www.berti.net\/wp-content\/uploads\/2012\/10\/Berti-Pavimenti-Legno-Punto-vendita-Mondo-Parquet_20.jpg\" alt=\"\" class=\"wp-image-10104\" srcset=\"https:\/\/berti.net\/wp-content\/uploads\/2012\/10\/Berti-Pavimenti-Legno-Punto-vendita-Mondo-Parquet_20.jpg 800w, https:\/\/berti.net\/wp-content\/uploads\/2012\/10\/Berti-Pavimenti-Legno-Punto-vendita-Mondo-Parquet_20-538x812.jpg 538w, https:\/\/berti.net\/wp-content\/uploads\/2012\/10\/Berti-Pavimenti-Legno-Punto-vendita-Mondo-Parquet_20-768x1159.jpg 768w\" sizes=\"auto, (max-width: 800px) 100vw, 800px\" \/><\/figure>\n\n\n\n<p>La surface d&rsquo;exposition totale d\u00e9passe les 42 m\u00e8tres carr\u00e9s, avec une exposition de parquets et de rev\u00eatements de sol de plus de 110 m\u00e8tres carr\u00e9s de produits <a href=\"https:\/\/www.berti.net\/pavimenti-in-legno-parquet_it_0_1_1161.html\">Berti<\/a> et <a href=\"https:\/\/www.berti.net\/pavimenti-in-legno-parquet_it_0_2_1162.html\">BertiStudio<\/a>, ce qui permet d&rsquo;exploiter au maximum l&rsquo;espace d&rsquo;exposition. Le point de vente devient un lieu d&rsquo;exp\u00e9rience, o\u00f9 les parcours des clients peuvent \u00eatre identifi\u00e9s et pris en charge, afin de pouvoir guider les personnes qui entrent dans le processus de connaissance des produits jusqu&rsquo;au moment de l&rsquo;achat. <\/p>\n\n\n\n<p>Les photos vous accompagnent pour un aper\u00e7u de l&rsquo;un des magasins Berti, qui ne peut certes que vous donner une id\u00e9e, mais qui vous permet en m\u00eame temps d&rsquo;avoir une vision claire et imm\u00e9diate de la pr\u00e9sentation et de l&rsquo;effet des produits de Berti Pavimenti Legno. Dans un march\u00e9 o\u00f9 les consommateurs sont de plus en plus influenc\u00e9s par des \u00e9l\u00e9ments \u00e9motionnels et sensoriels, Berti construit des magasins sur la base d&rsquo;une formule qui leur permet de s&rsquo;appuyer sur une image distinctive et originale : pour un avantage concurrentiel tangible et durable dans le temps. <\/p>\n<\/div>\n<\/div>\n\n\n\n<div class=\"wp-block-column is-layout-flow wp-container-core-column-is-layout-22223934 wp-block-column-is-layout-flow\" style=\"flex-basis:50%\">\n<figure class=\"wp-block-image size-full is-resized is-style-default\"><img loading=\"lazy\" decoding=\"async\" width=\"800\" height=\"533\" src=\"https:\/\/www.berti.net\/wp-content\/uploads\/2012\/10\/Berti-Pavimenti-Legno-Punto-vendita-Mondo-Parquet_5.jpg\" alt=\"\" class=\"wp-image-10107\" style=\"width:550px;height:auto\" srcset=\"https:\/\/berti.net\/wp-content\/uploads\/2012\/10\/Berti-Pavimenti-Legno-Punto-vendita-Mondo-Parquet_5.jpg 800w, https:\/\/berti.net\/wp-content\/uploads\/2012\/10\/Berti-Pavimenti-Legno-Punto-vendita-Mondo-Parquet_5-768x512.jpg 768w\" sizes=\"auto, (max-width: 800px) 100vw, 800px\" \/><\/figure>\n\n\n\n<figure class=\"wp-block-image size-full is-style-default\"><img loading=\"lazy\" decoding=\"async\" width=\"800\" height=\"533\" src=\"https:\/\/www.berti.net\/wp-content\/uploads\/2012\/10\/Berti-Pavimenti-Legno-Punto-vendita-Mondo-Parquet_3.jpg\" alt=\"\" class=\"wp-image-10110\" srcset=\"https:\/\/berti.net\/wp-content\/uploads\/2012\/10\/Berti-Pavimenti-Legno-Punto-vendita-Mondo-Parquet_3.jpg 800w, https:\/\/berti.net\/wp-content\/uploads\/2012\/10\/Berti-Pavimenti-Legno-Punto-vendita-Mondo-Parquet_3-768x512.jpg 768w\" sizes=\"auto, (max-width: 800px) 100vw, 800px\" \/><\/figure>\n\n\n\n<figure class=\"wp-block-image size-full is-style-default\"><img loading=\"lazy\" decoding=\"async\" width=\"800\" height=\"533\" src=\"https:\/\/www.berti.net\/wp-content\/uploads\/2012\/10\/Berti-Pavimenti-Legno-Punto-vendita-Mondo-Parquet_7.jpg\" alt=\"\" class=\"wp-image-10113\" srcset=\"https:\/\/berti.net\/wp-content\/uploads\/2012\/10\/Berti-Pavimenti-Legno-Punto-vendita-Mondo-Parquet_7.jpg 800w, https:\/\/berti.net\/wp-content\/uploads\/2012\/10\/Berti-Pavimenti-Legno-Punto-vendita-Mondo-Parquet_7-768x512.jpg 768w\" sizes=\"auto, (max-width: 800px) 100vw, 800px\" \/><\/figure>\n\n\n\n<figure class=\"wp-block-image size-full is-style-default\"><img loading=\"lazy\" decoding=\"async\" width=\"800\" height=\"533\" src=\"https:\/\/www.berti.net\/wp-content\/uploads\/2012\/10\/Berti-Pavimenti-Legno-Punto-vendita-Mondo-Parquet_13.jpg\" alt=\"\" class=\"wp-image-10116\" srcset=\"https:\/\/berti.net\/wp-content\/uploads\/2012\/10\/Berti-Pavimenti-Legno-Punto-vendita-Mondo-Parquet_13.jpg 800w, https:\/\/berti.net\/wp-content\/uploads\/2012\/10\/Berti-Pavimenti-Legno-Punto-vendita-Mondo-Parquet_13-768x512.jpg 768w\" sizes=\"auto, (max-width: 800px) 100vw, 800px\" \/><\/figure>\n<\/div>\n<\/div>\n\n\n\n<div class=\"wp-block-group post-categories has-global-padding is-content-justification-left is-layout-constrained wp-container-core-group-is-layout-836d34cb wp-block-group-is-layout-constrained\" style=\"margin-top:var(--wp--preset--spacing--70);font-size:11px\">\n<div class=\"wp-block-group is-content-justification-center is-nowrap is-layout-flex wp-container-core-group-is-layout-60758a6d wp-block-group-is-layout-flex\">\n<p>Magazine \/<\/p>\n\n\n<div class=\"taxonomy-category wp-block-post-terms\"><a href=\"https:\/\/berti.net\/fr\/magazine\/category\/products-fr\/\" rel=\"tag\">Products<\/a><span class=\"wp-block-post-terms__separator\">, <\/span><a href=\"https:\/\/berti.net\/fr\/magazine\/category\/events-fr\/\" rel=\"tag\">Events<\/a><span class=\"wp-block-post-terms__separator\">, <\/span><a href=\"https:\/\/berti.net\/fr\/magazine\/category\/projects-fr\/\" rel=\"tag\">Projects<\/a><\/div><\/div>\n<\/div>\n<\/div>\n\n<p><\/p>\n","protected":false},"excerpt":{"rendered":"<p>Restyling du magasin Berti : Mondo Parquet \u00e0 Cava Dei Tirreni<\/p>\n","protected":false},"author":9,"featured_media":10100,"comment_status":"closed","ping_status":"closed","sticky":false,"template":"","format":"standard","meta":{"footnotes":""},"categories":[45,43,47],"tags":[],"class_list":["post-15427","post","type-post","status-publish","format-standard","has-post-thumbnail","hentry","category-products-fr","category-events-fr","category-projects-fr"],"_links":{"self":[{"href":"https:\/\/berti.net\/fr\/wp-json\/wp\/v2\/posts\/15427","targetHints":{"allow":["GET"]}}],"collection":[{"href":"https:\/\/berti.net\/fr\/wp-json\/wp\/v2\/posts"}],"about":[{"href":"https:\/\/berti.net\/fr\/wp-json\/wp\/v2\/types\/post"}],"author":[{"embeddable":true,"href":"https:\/\/berti.net\/fr\/wp-json\/wp\/v2\/users\/9"}],"replies":[{"embeddable":true,"href":"https:\/\/berti.net\/fr\/wp-json\/wp\/v2\/comments?post=15427"}],"version-history":[{"count":2,"href":"https:\/\/berti.net\/fr\/wp-json\/wp\/v2\/posts\/15427\/revisions"}],"predecessor-version":[{"id":21204,"href":"https:\/\/berti.net\/fr\/wp-json\/wp\/v2\/posts\/15427\/revisions\/21204"}],"wp:featuredmedia":[{"embeddable":true,"href":"https:\/\/berti.net\/fr\/wp-json\/wp\/v2\/media\/10100"}],"wp:attachment":[{"href":"https:\/\/berti.net\/fr\/wp-json\/wp\/v2\/media?parent=15427"}],"wp:term":[{"taxonomy":"category","embeddable":true,"href":"https:\/\/berti.net\/fr\/wp-json\/wp\/v2\/categories?post=15427"},{"taxonomy":"post_tag","embeddable":true,"href":"https:\/\/berti.net\/fr\/wp-json\/wp\/v2\/tags?post=15427"}],"curies":[{"name":"wp","href":"https:\/\/api.w.org\/{rel}","templated":true}]}}