{"id":15424,"date":"2012-12-05T08:12:37","date_gmt":"2012-12-05T08:12:37","guid":{"rendered":"https:\/\/www.berti.net\/magazine\/retour-du-salon-de-la-deco-2012\/"},"modified":"2025-05-19T09:33:43","modified_gmt":"2025-05-19T09:33:43","slug":"retour-du-salon-de-la-deco-2012","status":"publish","type":"post","link":"https:\/\/berti.net\/fr\/magazine\/retour-du-salon-de-la-deco-2012\/","title":{"rendered":"Retour du Salon de la D\u00e9co 2012"},"content":{"rendered":"\n<div class=\"wp-block-group post-detail-pattern is-container has-base-2-color has-contrast-background-color has-text-color has-background has-link-color wp-elements-f4914f8c5556e19c27b1e1f8ff8a79f1 has-global-padding is-layout-constrained wp-block-group-is-layout-constrained\" style=\"margin-top:0;margin-bottom:0;padding-top:var(--wp--preset--spacing--70);padding-bottom:var(--wp--preset--spacing--70)\">\n<div class=\"wp-block-columns alignwide is-layout-flex wp-container-core-columns-is-layout-d125203f wp-block-columns-is-layout-flex\" style=\"margin-bottom:var(--wp--preset--spacing--50)\">\n<div class=\"wp-block-column is-vertically-aligned-stretch is-layout-flow wp-block-column-is-layout-flow\" style=\"padding-right:0;flex-basis:50%\">\n<div class=\"wp-block-group is-vertical is-content-justification-stretch is-layout-flex wp-container-core-group-is-layout-e9e70883 wp-block-group-is-layout-flex\" style=\"min-height:100%\">\n<div class=\"wp-block-group post-categories is-nowrap is-layout-flex wp-container-core-group-is-layout-3155b93e wp-block-group-is-layout-flex\" style=\"margin-top:var(--wp--preset--spacing--20);font-size:11px\">\n<p>Magazine \/<\/p>\n\n\n<div class=\"taxonomy-category wp-block-post-terms\"><a href=\"https:\/\/berti.net\/fr\/magazine\/category\/products-fr\/\" rel=\"tag\">Products<\/a><span class=\"wp-block-post-terms__separator\">, <\/span><a href=\"https:\/\/berti.net\/fr\/magazine\/category\/events-fr\/\" rel=\"tag\">Events<\/a><\/div><\/div>\n\n\n<div style=\"font-style:normal;font-weight:600;text-transform:uppercase;\" class=\"has-link-color wp-elements-32859cd979b45056895d81c5660c23a0 wp-block-post-date has-text-color has-base-color has-s-font-size\"><time datetime=\"2012-12-05T08:12:37+00:00\">5 d\u00e9cembre 2012<\/time><\/div>\n\n\n<h1 class=\"wp-block-heading post-title\">Retour du <strong>Salon de la D\u00e9co 2012<\/strong><\/h1>\n\n\n\n<h2 class=\"wp-block-heading post-subtitle\" style=\"margin-bottom:var(--wp--preset--spacing--20)\">La troisi\u00e8me participation cons\u00e9cutive de <a href=\"https:\/\/www.berti.net\/home_it_0_8_0.html\" target=\"_blank\" rel=\"noreferrer noopener\">Berti<\/a> \u00e0 la <a href=\"https:\/\/www.decofair.com\/\" target=\"_blank\" rel=\"noreferrer noopener\"><strong>DECO FAIR<\/strong><\/a>la prestigieuse foire de la d\u00e9coration d&rsquo;int\u00e9rieur qui s&rsquo;est tenue \u00e0 <strong>Jeddah<\/strong>, en <strong>Arabie saoudite<\/strong>, du 25 au 29 novembre.<\/h2>\n\n\n\n<figure class=\"wp-block-image size-full is-style-default\"><img loading=\"lazy\" decoding=\"async\" width=\"500\" height=\"333\" src=\"https:\/\/www.berti.net\/wp-content\/uploads\/2012\/12\/berti_decofair2012a1.jpg\" alt=\"\" class=\"wp-image-9987\"\/><\/figure>\n\n\n\n<p>Les deux \u00e9ditions pr\u00e9c\u00e9dentes ont \u00e9t\u00e9 riches en id\u00e9es et en perspectives. Cette fois-ci, nous avons jou\u00e9 la carte de la s\u00e9curit\u00e9 en pr\u00e9sentant un ensemble de produits beaucoup plus cibl\u00e9 que les ann\u00e9es pr\u00e9c\u00e9dentes.<\/p>\n\n\n\n<p>A nos c\u00f4t\u00e9s, comme toujours, une \u00e9quipe de grands collaborateurs, compos\u00e9e de l&rsquo;\u00e9quipe d&rsquo;<a href=\"https:\/\/www.alkayandecor.com\/\" target=\"_blank\" rel=\"noreferrer noopener\">Alkayan Decor<\/a>, pr\u00e9sente avec <strong>Corrado Mulfari<\/strong>, <strong>Rami et Mouneeb Banbouk<\/strong>, et <strong>Sharifa Adham<\/strong>.<\/p>\n\n\n\n<figure class=\"wp-block-image size-full is-style-default\"><img loading=\"lazy\" decoding=\"async\" width=\"500\" height=\"333\" src=\"https:\/\/www.berti.net\/wp-content\/uploads\/2012\/12\/berti_decofair2012c2.jpg\" alt=\"\" class=\"wp-image-9990\"\/><\/figure>\n\n\n\n<p>Le <strong>Salon de la D\u00e9co<\/strong> s&rsquo;est confirm\u00e9 comme une vitrine tr\u00e8s prestigieuse, avec un public de niche extr\u00eamement attentif et connaisseur, int\u00e9ressant \u00e9galement en termes de chiffres, puisque plus de <strong>10 000<\/strong> personnes ont particip\u00e9 aux cinq jours de l&rsquo;\u00e9v\u00e9nement.<\/p>\n\n\n\n<figure class=\"wp-block-image size-full is-style-default\"><img loading=\"lazy\" decoding=\"async\" width=\"1500\" height=\"996\" src=\"https:\/\/www.berti.net\/wp-content\/uploads\/2012\/12\/berti_decofair2012a3.jpg\" alt=\"\" class=\"wp-image-10002\" srcset=\"https:\/\/berti.net\/wp-content\/uploads\/2012\/12\/berti_decofair2012a3.jpg 1500w, https:\/\/berti.net\/wp-content\/uploads\/2012\/12\/berti_decofair2012a3-812x539.jpg 812w, https:\/\/berti.net\/wp-content\/uploads\/2012\/12\/berti_decofair2012a3-768x510.jpg 768w\" sizes=\"auto, (max-width: 1500px) 100vw, 1500px\" \/><\/figure>\n\n\n\n<figure class=\"wp-block-image size-full is-style-default\"><img loading=\"lazy\" decoding=\"async\" width=\"956\" height=\"1434\" src=\"https:\/\/www.berti.net\/wp-content\/uploads\/2012\/12\/berti_decofair2012a4.jpg\" alt=\"\" class=\"wp-image-10005\" srcset=\"https:\/\/berti.net\/wp-content\/uploads\/2012\/12\/berti_decofair2012a4.jpg 956w, https:\/\/berti.net\/wp-content\/uploads\/2012\/12\/berti_decofair2012a4-541x812.jpg 541w, https:\/\/berti.net\/wp-content\/uploads\/2012\/12\/berti_decofair2012a4-768x1152.jpg 768w\" sizes=\"auto, (max-width: 956px) 100vw, 956px\" \/><\/figure>\n\n\n\n<p>Parmi les nouveaux produits pr\u00e9sent\u00e9s, une s\u00e9rie de parquets \u00e0 incrustation d&rsquo;acier a impressionn\u00e9 les professionnels, confirmant ainsi l&rsquo;acceptation croissante de nos produits, en particulier au niveau international.<\/p>\n\n\n\n<p>Consultez la <a href=\"https:\/\/www.flickr.com\/photos\/bertipavimenti\/sets\/72157632163456330\/\" target=\"_blank\" rel=\"noreferrer noopener\">galerie compl\u00e8te d&rsquo;images sur <strong>Flickr<\/strong><\/a> et suivez-nous sur notre <a href=\"https:\/\/www.facebook.com\/BertiPavimentiLegno\" target=\"_blank\" rel=\"noreferrer noopener\"><strong>page Facebook<\/strong><\/a>.<\/p>\n<\/div>\n<\/div>\n\n\n\n<div class=\"wp-block-column is-layout-flow wp-container-core-column-is-layout-22223934 wp-block-column-is-layout-flow\" style=\"flex-basis:50%\">\n<figure class=\"wp-block-image size-full is-style-default\"><img loading=\"lazy\" decoding=\"async\" width=\"800\" height=\"999\" src=\"https:\/\/www.berti.net\/wp-content\/uploads\/2012\/12\/berti_decofair2012a6.jpg\" alt=\"\" class=\"wp-image-10008\" srcset=\"https:\/\/berti.net\/wp-content\/uploads\/2012\/12\/berti_decofair2012a6.jpg 800w, https:\/\/berti.net\/wp-content\/uploads\/2012\/12\/berti_decofair2012a6-650x812.jpg 650w, https:\/\/berti.net\/wp-content\/uploads\/2012\/12\/berti_decofair2012a6-768x959.jpg 768w\" sizes=\"auto, (max-width: 800px) 100vw, 800px\" \/><\/figure>\n\n\n\n<figure class=\"wp-block-image size-full is-style-default\"><img loading=\"lazy\" decoding=\"async\" width=\"800\" height=\"1202\" src=\"https:\/\/www.berti.net\/wp-content\/uploads\/2012\/12\/berti_decofair2012a7.jpg\" alt=\"\" class=\"wp-image-10011\" srcset=\"https:\/\/berti.net\/wp-content\/uploads\/2012\/12\/berti_decofair2012a7.jpg 800w, https:\/\/berti.net\/wp-content\/uploads\/2012\/12\/berti_decofair2012a7-540x812.jpg 540w, https:\/\/berti.net\/wp-content\/uploads\/2012\/12\/berti_decofair2012a7-768x1154.jpg 768w\" sizes=\"auto, (max-width: 800px) 100vw, 800px\" \/><\/figure>\n<\/div>\n<\/div>\n\n\n\n<div class=\"wp-block-group post-categories has-global-padding is-content-justification-left is-layout-constrained wp-container-core-group-is-layout-836d34cb wp-block-group-is-layout-constrained\" style=\"margin-top:var(--wp--preset--spacing--70);font-size:11px\">\n<div class=\"wp-block-group is-content-justification-center is-nowrap is-layout-flex wp-container-core-group-is-layout-60758a6d wp-block-group-is-layout-flex\">\n<p>Magazine \/<\/p>\n\n\n<div class=\"taxonomy-category wp-block-post-terms\"><a href=\"https:\/\/berti.net\/fr\/magazine\/category\/products-fr\/\" rel=\"tag\">Products<\/a><span class=\"wp-block-post-terms__separator\">, <\/span><a href=\"https:\/\/berti.net\/fr\/magazine\/category\/events-fr\/\" rel=\"tag\">Events<\/a><\/div><\/div>\n<\/div>\n<\/div>\n\n<p><\/p>\n","protected":false},"excerpt":{"rendered":"<p>La troisi\u00e8me participation cons\u00e9cutive de Berti au salon DECO FAIR s&rsquo;est r\u00e9v\u00e9l\u00e9e tr\u00e8s positive<\/p>\n","protected":false},"author":9,"featured_media":9989,"comment_status":"closed","ping_status":"closed","sticky":false,"template":"","format":"standard","meta":{"footnotes":""},"categories":[45,43],"tags":[],"class_list":["post-15424","post","type-post","status-publish","format-standard","has-post-thumbnail","hentry","category-products-fr","category-events-fr"],"_links":{"self":[{"href":"https:\/\/berti.net\/fr\/wp-json\/wp\/v2\/posts\/15424","targetHints":{"allow":["GET"]}}],"collection":[{"href":"https:\/\/berti.net\/fr\/wp-json\/wp\/v2\/posts"}],"about":[{"href":"https:\/\/berti.net\/fr\/wp-json\/wp\/v2\/types\/post"}],"author":[{"embeddable":true,"href":"https:\/\/berti.net\/fr\/wp-json\/wp\/v2\/users\/9"}],"replies":[{"embeddable":true,"href":"https:\/\/berti.net\/fr\/wp-json\/wp\/v2\/comments?post=15424"}],"version-history":[{"count":2,"href":"https:\/\/berti.net\/fr\/wp-json\/wp\/v2\/posts\/15424\/revisions"}],"predecessor-version":[{"id":21169,"href":"https:\/\/berti.net\/fr\/wp-json\/wp\/v2\/posts\/15424\/revisions\/21169"}],"wp:featuredmedia":[{"embeddable":true,"href":"https:\/\/berti.net\/fr\/wp-json\/wp\/v2\/media\/9989"}],"wp:attachment":[{"href":"https:\/\/berti.net\/fr\/wp-json\/wp\/v2\/media?parent=15424"}],"wp:term":[{"taxonomy":"category","embeddable":true,"href":"https:\/\/berti.net\/fr\/wp-json\/wp\/v2\/categories?post=15424"},{"taxonomy":"post_tag","embeddable":true,"href":"https:\/\/berti.net\/fr\/wp-json\/wp\/v2\/tags?post=15424"}],"curies":[{"name":"wp","href":"https:\/\/api.w.org\/{rel}","templated":true}]}}