{"id":15423,"date":"2012-10-16T10:47:19","date_gmt":"2012-10-16T10:47:19","guid":{"rendered":"https:\/\/www.berti.net\/magazine\/partenariat-berti-et-pinum-portes-et-fenetres\/"},"modified":"2025-05-19T09:35:18","modified_gmt":"2025-05-19T09:35:18","slug":"partenariat-berti-et-pinum-portes-et-fenetres","status":"publish","type":"post","link":"https:\/\/berti.net\/fr\/magazine\/partenariat-berti-et-pinum-portes-et-fenetres\/","title":{"rendered":"Partenariat Berti et Pinum Portes et fen\u00eatres"},"content":{"rendered":"\n<div class=\"wp-block-group post-detail-pattern is-container has-base-2-color has-contrast-background-color has-text-color has-background has-link-color wp-elements-113b4375821533e1a7cd32e941239ed4 has-global-padding is-layout-constrained wp-block-group-is-layout-constrained\" style=\"margin-top:0;margin-bottom:0;padding-top:var(--wp--preset--spacing--70);padding-bottom:var(--wp--preset--spacing--70)\">\n<div class=\"wp-block-columns alignwide is-layout-flex wp-container-core-columns-is-layout-d125203f wp-block-columns-is-layout-flex\" style=\"margin-bottom:var(--wp--preset--spacing--50)\">\n<div class=\"wp-block-column is-vertically-aligned-stretch is-layout-flow wp-block-column-is-layout-flow\" style=\"padding-right:0;flex-basis:50%\">\n<div class=\"wp-block-group is-vertical is-content-justification-stretch is-layout-flex wp-container-core-group-is-layout-e9e70883 wp-block-group-is-layout-flex\" style=\"min-height:100%\">\n<div class=\"wp-block-group post-categories is-nowrap is-layout-flex wp-container-core-group-is-layout-3155b93e wp-block-group-is-layout-flex\" style=\"margin-top:var(--wp--preset--spacing--20);font-size:11px\">\n<p>Magazine \/<\/p>\n\n\n<div class=\"taxonomy-category wp-block-post-terms\"><a href=\"https:\/\/berti.net\/fr\/magazine\/category\/products-fr\/\" rel=\"tag\">Products<\/a><span class=\"wp-block-post-terms__separator\">, <\/span><a href=\"https:\/\/berti.net\/fr\/magazine\/category\/projects-fr\/\" rel=\"tag\">Projects<\/a><\/div><\/div>\n\n\n<div style=\"font-style:normal;font-weight:600;text-transform:uppercase;\" class=\"has-link-color wp-elements-32859cd979b45056895d81c5660c23a0 wp-block-post-date has-text-color has-base-color has-s-font-size\"><time datetime=\"2012-10-16T10:47:19+00:00\">16 octobre 2012<\/time><\/div>\n\n\n<h1 class=\"wp-block-heading post-title\">Partenariat <strong>Berti <\/strong>et <strong>Pinum Portes et fen\u00eatres<\/strong><\/h1>\n\n\n\n<h2 class=\"wp-block-heading post-subtitle\" style=\"margin-bottom:var(--wp--preset--spacing--20)\"><strong>Une collaboration<\/strong> pour la f\u00eate exclusive organis\u00e9e \u00e0 l&rsquo;occasion du <strong>20e<\/strong> anniversaire de <strong><a href=\"https:\/\/www.pinum.ro\/it\/home.html\" target=\"_blank\" rel=\"noreferrer noopener\">Pinum<\/a><\/strong> en <strong>Roumanie<\/strong><\/h2>\n\n\n\n<p><strong>Berti Pavimenti Legno<\/strong> a toujours recherch\u00e9 et encourag\u00e9 les collaborations avec d&rsquo;autres marques : nous sommes conscients de la valeur ajout\u00e9e cr\u00e9\u00e9e par les collaborations et les \u00e9changes d&rsquo;id\u00e9es ; nous faisons de l&rsquo;ouverture d&rsquo;esprit et de la rencontre de cultures et de nations diff\u00e9rentes l&rsquo;une de nos forces.<\/p>\n\n\n\n<figure class=\"wp-block-image size-full is-style-default\"><img loading=\"lazy\" decoding=\"async\" width=\"426\" height=\"640\" src=\"https:\/\/www.berti.net\/wp-content\/uploads\/2012\/10\/Berti-Pavimenti-legno-Bucarest-Party.04.jpg\" alt=\"\" class=\"wp-image-10122\"\/><\/figure>\n\n\n\n<p>Les r\u00e9gions hors d&rsquo;Italie nous ont toujours permis de participer \u00e0 des projets importants et exclusifs, en nous donnant l&rsquo;occasion d&rsquo;exprimer pleinement notre potentiel technique et de production.<\/p>\n\n\n\n<p>\u00c0 l&rsquo;occasion du 20e anniversaire de Pinum Doors &amp; Windows, nous avons eu l&rsquo;honneur de participer en tant que partenaire de cette entreprise de renomm\u00e9e mondiale, qui est active dans l&rsquo;industrie du bois depuis plus de 40 ans et qui s&rsquo;est impos\u00e9e comme une r\u00e9f\u00e9rence en tant que fabricant de portes et de fen\u00eatres de premier ordre.<\/p>\n\n\n\n<figure class=\"wp-block-image size-full is-style-default\"><img loading=\"lazy\" decoding=\"async\" width=\"640\" height=\"426\" src=\"https:\/\/www.berti.net\/wp-content\/uploads\/2012\/10\/Berti-Pavimenti-legno-Bucarest-Party.jpg\" alt=\"\" class=\"wp-image-10125\"\/><\/figure>\n\n\n\n<p>Dans la soir\u00e9e du 3 octobre, le 19e \u00e9tage de la tour Nusco a accueilli le <a href=\"https:\/\/www.flickr.com\/photos\/bertipavimenti\/sets\/72157631751955747\/with\/8079758379\/\" target=\"_blank\" rel=\"noreferrer noopener\"><strong>magnifique \u00e9v\u00e9nement<\/strong><\/a> organis\u00e9 par Pinum Doors &amp; Windows pour c\u00e9l\u00e9brer ses 20 ans d&rsquo;activit\u00e9 en Roumanie. La \u00a0\u00bbporte\u00a0\u00bb a \u00e9t\u00e9 le v\u00e9ritable protagoniste de l&rsquo;\u00e9v\u00e9nement, qui s&rsquo;est concentr\u00e9 sur le chemin parcouru jusqu&rsquo;\u00e0 pr\u00e9sent. <\/p>\n\n\n\n<p>L&rsquo;\u00e9v\u00e9nement \u00e9tait en effet consacr\u00e9 \u00e0 la pr\u00e9sentation du nouveau produit \u00a0\u00bbPorta Venere\u00a0\u00bb, caract\u00e9ris\u00e9 par une composition de plus de 30 000 cristaux Swarovski de diff\u00e9rentes couleurs. Une belle occasion pour Berti de conjuguer luxe et qualit\u00e9 d&rsquo;ex\u00e9cution : juste \u00e0 c\u00f4t\u00e9 de la \u00a0\u00bbPorta Venere\u00a0\u00bb \u00e9tait expos\u00e9e l&rsquo;incrustation r\u00e9alis\u00e9e par Berti dans Wave, une combinaison cr\u00e9\u00e9e avec un parquet pr\u00e9fini et la technologie laser. <\/p>\n\n\n\n<figure class=\"wp-block-image size-full is-style-default\"><img loading=\"lazy\" decoding=\"async\" width=\"640\" height=\"426\" src=\"https:\/\/www.berti.net\/wp-content\/uploads\/2012\/10\/Berti-Pavimenti-legno-Bucarest-Party.10.jpg\" alt=\"\" class=\"wp-image-10128\"\/><\/figure>\n<\/div>\n<\/div>\n\n\n\n<div class=\"wp-block-column is-layout-flow wp-container-core-column-is-layout-22223934 wp-block-column-is-layout-flow\" style=\"flex-basis:50%\">\n<p>La<a href=\"https:\/\/www.berti.net\/pavimenti-in-legno-parquet\/parquet-artistici%3A-intarsio_it_0_1_80.html\" target=\"_blank\" rel=\"noreferrer noopener\">marqueterie Rizzardi<\/a>, habilement r\u00e9alis\u00e9e par le d\u00e9partement laser de Berti et ins\u00e9r\u00e9e dans le double cadre form\u00e9 par les bordures pr\u00e9finies Azzoni et Borletti, a \u00e9galement occup\u00e9 une place de choix dans la salle principale o\u00f9 s&rsquo;est d\u00e9roul\u00e9 l&rsquo;\u00e9v\u00e9nement.<\/p>\n\n\n\n<figure class=\"wp-block-image size-full is-resized is-style-default\"><img loading=\"lazy\" decoding=\"async\" width=\"640\" height=\"426\" src=\"https:\/\/www.berti.net\/wp-content\/uploads\/2012\/10\/Berti-Pavimenti-legno-Bucarest-Party.44.jpg\" alt=\"\" class=\"wp-image-10131\" style=\"width:550px;height:auto\"\/><\/figure>\n\n\n\n<p>Un mariage d&rsquo;amour entre les portes et le parquet, deux secteurs symbiotiques qui vivent c\u00f4te \u00e0 c\u00f4te et se d\u00e9veloppent en parall\u00e8le. Berti et Pinum entament une collaboration qui promet de nouveaux d\u00e9veloppements int\u00e9ressants. <\/p>\n\n\n\n<p>Plus de 500 personnes ont assist\u00e9 \u00e0 l&rsquo;\u00e9v\u00e9nement, dont des architectes, des designers, des repr\u00e9sentants de l&rsquo;industrie du meuble et diverses c\u00e9l\u00e9brit\u00e9s internationales.<\/p>\n<\/div>\n<\/div>\n\n\n\n<div class=\"wp-block-group post-categories has-global-padding is-content-justification-left is-layout-constrained wp-container-core-group-is-layout-836d34cb wp-block-group-is-layout-constrained\" style=\"margin-top:var(--wp--preset--spacing--70);font-size:11px\">\n<div class=\"wp-block-group is-content-justification-center is-nowrap is-layout-flex wp-container-core-group-is-layout-60758a6d wp-block-group-is-layout-flex\">\n<p>Magazine \/<\/p>\n\n\n<div class=\"taxonomy-category wp-block-post-terms\"><a href=\"https:\/\/berti.net\/fr\/magazine\/category\/products-fr\/\" rel=\"tag\">Products<\/a><span class=\"wp-block-post-terms__separator\">, <\/span><a href=\"https:\/\/berti.net\/fr\/magazine\/category\/projects-fr\/\" rel=\"tag\">Projects<\/a><\/div><\/div>\n<\/div>\n<\/div>\n\n<p><\/p>\n","protected":false},"excerpt":{"rendered":"<p>Une collaboration pour la f\u00eate exclusive du 20e anniversaire de Pinum en Roumanie<\/p>\n","protected":false},"author":9,"featured_media":10124,"comment_status":"closed","ping_status":"closed","sticky":false,"template":"","format":"standard","meta":{"footnotes":""},"categories":[45,47],"tags":[],"class_list":["post-15423","post","type-post","status-publish","format-standard","has-post-thumbnail","hentry","category-products-fr","category-projects-fr"],"_links":{"self":[{"href":"https:\/\/berti.net\/fr\/wp-json\/wp\/v2\/posts\/15423","targetHints":{"allow":["GET"]}}],"collection":[{"href":"https:\/\/berti.net\/fr\/wp-json\/wp\/v2\/posts"}],"about":[{"href":"https:\/\/berti.net\/fr\/wp-json\/wp\/v2\/types\/post"}],"author":[{"embeddable":true,"href":"https:\/\/berti.net\/fr\/wp-json\/wp\/v2\/users\/9"}],"replies":[{"embeddable":true,"href":"https:\/\/berti.net\/fr\/wp-json\/wp\/v2\/comments?post=15423"}],"version-history":[{"count":2,"href":"https:\/\/berti.net\/fr\/wp-json\/wp\/v2\/posts\/15423\/revisions"}],"predecessor-version":[{"id":21198,"href":"https:\/\/berti.net\/fr\/wp-json\/wp\/v2\/posts\/15423\/revisions\/21198"}],"wp:featuredmedia":[{"embeddable":true,"href":"https:\/\/berti.net\/fr\/wp-json\/wp\/v2\/media\/10124"}],"wp:attachment":[{"href":"https:\/\/berti.net\/fr\/wp-json\/wp\/v2\/media?parent=15423"}],"wp:term":[{"taxonomy":"category","embeddable":true,"href":"https:\/\/berti.net\/fr\/wp-json\/wp\/v2\/categories?post=15423"},{"taxonomy":"post_tag","embeddable":true,"href":"https:\/\/berti.net\/fr\/wp-json\/wp\/v2\/tags?post=15423"}],"curies":[{"name":"wp","href":"https:\/\/api.w.org\/{rel}","templated":true}]}}