{"id":15420,"date":"2012-11-20T08:25:37","date_gmt":"2012-11-20T08:25:37","guid":{"rendered":"https:\/\/www.berti.net\/magazine\/les-parquets-berti-entrent-au-florian\/"},"modified":"2025-05-19T09:35:29","modified_gmt":"2025-05-19T09:35:29","slug":"les-parquets-berti-entrent-au-florian","status":"publish","type":"post","link":"https:\/\/berti.net\/fr\/magazine\/les-parquets-berti-entrent-au-florian\/","title":{"rendered":"Les parquets Berti entrent au Florian"},"content":{"rendered":"\n<div class=\"wp-block-group post-detail-pattern is-container has-base-2-color has-contrast-background-color has-text-color has-background has-link-color wp-elements-5f64761dd1d3648bc4473f232e8c3faf has-global-padding is-layout-constrained wp-block-group-is-layout-constrained\" style=\"margin-top:0;margin-bottom:0;padding-top:var(--wp--preset--spacing--70);padding-bottom:var(--wp--preset--spacing--70)\">\n<div class=\"wp-block-columns alignwide is-layout-flex wp-container-core-columns-is-layout-d125203f wp-block-columns-is-layout-flex\" style=\"margin-bottom:var(--wp--preset--spacing--50)\">\n<div class=\"wp-block-column is-vertically-aligned-stretch is-layout-flow wp-block-column-is-layout-flow\" style=\"padding-right:0;flex-basis:50%\">\n<div class=\"wp-block-group is-vertical is-content-justification-stretch is-layout-flex wp-container-core-group-is-layout-e9e70883 wp-block-group-is-layout-flex\" style=\"min-height:100%\">\n<div class=\"wp-block-group post-categories is-nowrap is-layout-flex wp-container-core-group-is-layout-3155b93e wp-block-group-is-layout-flex\" style=\"margin-top:var(--wp--preset--spacing--20);font-size:11px\">\n<p>Magazine \/<\/p>\n\n\n<div class=\"taxonomy-category wp-block-post-terms\"><a href=\"https:\/\/berti.net\/fr\/magazine\/category\/products-fr\/\" rel=\"tag\">Products<\/a><span class=\"wp-block-post-terms__separator\">, <\/span><a href=\"https:\/\/berti.net\/fr\/magazine\/category\/projects-fr\/\" rel=\"tag\">Projects<\/a><\/div><\/div>\n\n\n<div style=\"font-style:normal;font-weight:600;text-transform:uppercase;\" class=\"has-link-color wp-elements-32859cd979b45056895d81c5660c23a0 wp-block-post-date has-text-color has-base-color has-s-font-size\"><time datetime=\"2012-11-20T08:25:37+00:00\">20 novembre 2012<\/time><\/div>\n\n\n<h1 class=\"wp-block-heading post-title\">Les parquets Berti entrent au <strong>Florian<\/strong><\/h1>\n\n\n\n<h2 class=\"wp-block-heading post-subtitle\" style=\"margin-bottom:var(--wp--preset--spacing--20)\">Les caract\u00e9ristiques de ce projet ambitieux auquel <a href=\"https:\/\/www.berti.net\/fr\/\" target=\"_blank\" rel=\"noreferrer noopener\"><strong>Berti<\/strong><\/a> a particip\u00e9 sont un design de pointe et un emplacement de choix \u00e0 <strong>Toronto<\/strong>: il est situ\u00e9 au 76 Davenport Rd \u00e0 Toronto et a \u00e9t\u00e9 r\u00e9alis\u00e9 par <strong>Diamante Development Corporation.<\/strong><a href=\"https:\/\/www.theflorian.com\/\" target=\"_blank\" rel=\"noreferrer noopener\"><strong>Le Florian<\/strong><\/a> est, en effet, un <strong>choix de luxe<\/strong> pour ceux qui ont besoin de s\u00e9journer dans la ville canadienne avec un service d&rsquo;<strong>excellence<\/strong> et d&rsquo;<strong>exclusivit\u00e9<\/strong>. Il est situ\u00e9 \u00e0 proximit\u00e9 d&rsquo;espaces verts et \u00e0 quelques minutes des centres d&rsquo;int\u00e9r\u00eat de la ville. Le complexe compte<strong> 22 \u00e9tages<\/strong> et un total de <strong>90 appartements<\/strong>.  <\/h2>\n\n\n\n<figure class=\"wp-block-image size-full is-style-default\"><img loading=\"lazy\" decoding=\"async\" width=\"1229\" height=\"533\" src=\"https:\/\/www.berti.net\/wp-content\/uploads\/2012\/11\/Florian-rendering_1.jpg\" alt=\"\" class=\"wp-image-10017\" srcset=\"https:\/\/berti.net\/wp-content\/uploads\/2012\/11\/Florian-rendering_1.jpg 1229w, https:\/\/berti.net\/wp-content\/uploads\/2012\/11\/Florian-rendering_1-812x352.jpg 812w, https:\/\/berti.net\/wp-content\/uploads\/2012\/11\/Florian-rendering_1-768x333.jpg 768w\" sizes=\"auto, (max-width: 1229px) 100vw, 1229px\" \/><\/figure>\n\n\n\n<figure class=\"wp-block-image size-full is-style-default\"><img loading=\"lazy\" decoding=\"async\" width=\"800\" height=\"533\" src=\"https:\/\/www.berti.net\/wp-content\/uploads\/2012\/11\/Matteo-Berti-Paolo-Palamara-Andrea-Berti.jpg\" alt=\"\" class=\"wp-image-10020\" srcset=\"https:\/\/berti.net\/wp-content\/uploads\/2012\/11\/Matteo-Berti-Paolo-Palamara-Andrea-Berti.jpg 800w, https:\/\/berti.net\/wp-content\/uploads\/2012\/11\/Matteo-Berti-Paolo-Palamara-Andrea-Berti-768x512.jpg 768w\" sizes=\"auto, (max-width: 800px) 100vw, 800px\" \/><\/figure>\n\n\n\n<p class=\"has-xxs-font-size\">Matteo Berti, Paolo Palamara, Andrea Berti<\/p>\n\n\n\n<figure class=\"wp-block-image size-full is-style-default\"><img loading=\"lazy\" decoding=\"async\" width=\"800\" height=\"1206\" src=\"https:\/\/www.berti.net\/wp-content\/uploads\/2012\/11\/Berti-parquet-the-florian_6.jpg\" alt=\"\" class=\"wp-image-10023\" srcset=\"https:\/\/berti.net\/wp-content\/uploads\/2012\/11\/Berti-parquet-the-florian_6.jpg 800w, https:\/\/berti.net\/wp-content\/uploads\/2012\/11\/Berti-parquet-the-florian_6-539x812.jpg 539w, https:\/\/berti.net\/wp-content\/uploads\/2012\/11\/Berti-parquet-the-florian_6-768x1158.jpg 768w\" sizes=\"auto, (max-width: 800px) 100vw, 800px\" \/><\/figure>\n\n\n\n<p>Le b\u00e2timent a \u00e9t\u00e9 con\u00e7u par le <strong>cabinet d&rsquo;architecture canadien Young + Wright<\/strong> \/ <strong>IBI Group Architects<\/strong>, qui r\u00e9unit un collectif de concepteurs, de gestionnaires et d&rsquo;ing\u00e9nieurs qui travaillent ensemble pour cr\u00e9er des espaces conviviaux dans lesquels les mat\u00e9riaux sont choisis pour donner du sens et de l&rsquo;habitabilit\u00e9 aux espaces. Les finitions int\u00e9rieures ont \u00e9t\u00e9 soigneusement \u00e9tudi\u00e9es et s\u00e9lectionn\u00e9es pour repr\u00e9senter des id\u00e9es nouvelles et futuristes. Dans cette optique, la d\u00e9cision d&rsquo;utiliser le parquet pr\u00e9fini Berti doit \u00eatre consid\u00e9r\u00e9e comme un hommage \u00e0 la recherche constante de la qualit\u00e9 intrins\u00e8que aux produits enti\u00e8rement fabriqu\u00e9s en Italie.  <\/p>\n\n\n\n<p>Voici quelques photos de \u00a0\u00bbl&rsquo;appartement typique\u00a0\u00bb, qui r\u00e9pondra aux go\u00fbts des h\u00f4tes les plus traditionnels comme \u00e0 ceux qui sont plus proches d&rsquo;une esth\u00e9tique moderne. Dans chaque suite, la lumi\u00e8re est le protagoniste, gr\u00e2ce \u00e0 de grandes fen\u00eatres et \u00e0 de hauts plafonds : les h\u00f4tes peuvent profiter d&rsquo;une ambiance o\u00f9 l&rsquo;a\u00e9ration et le raffinement se m\u00ealent habilement. <\/p>\n\n\n\n<figure class=\"wp-block-image size-full is-style-default\"><img loading=\"lazy\" decoding=\"async\" width=\"800\" height=\"533\" src=\"https:\/\/www.berti.net\/wp-content\/uploads\/2012\/11\/Berti-parquet-the-florian_4.jpg\" alt=\"\" class=\"wp-image-10026\" srcset=\"https:\/\/berti.net\/wp-content\/uploads\/2012\/11\/Berti-parquet-the-florian_4.jpg 800w, https:\/\/berti.net\/wp-content\/uploads\/2012\/11\/Berti-parquet-the-florian_4-768x512.jpg 768w\" sizes=\"auto, (max-width: 800px) 100vw, 800px\" \/><\/figure>\n\n\n\n<p><strong>Berti <\/strong>a fourni environ<strong> 2 000 m\u00e8tres carr\u00e9s de parquet pr\u00e9fini<\/strong> en trois et deux couches, dans diff\u00e9rentes essences et finitions, notamment : <a href=\"https:\/\/www.berti.net\/pavimenti-in-legno-parquet_it_0_1_1161.html\" target=\"_blank\" rel=\"noreferrer noopener\">Berti<\/a> Antico Rovere et Cabreuva, Berti Lux Iroko et <a href=\"https:\/\/www.berti.net\/pavimenti-in-legno-parquet_it_0_2_1162.html\" target=\"_blank\" rel=\"noreferrer noopener\">BertiStudio<\/a> Avantgarde Metal Antracite.<\/p>\n\n\n\n<p>Toutes les finitions et les moulures ont \u00e9t\u00e9 soigneusement s\u00e9lectionn\u00e9es pour obtenir des mat\u00e9riaux de la plus haute qualit\u00e9. Une combinaison d&rsquo;espace ouvert et de confort cr\u00e9\u00e9e et con\u00e7ue pour une exp\u00e9rience de vie in\u00e9gal\u00e9e. <\/p>\n\n\n\n<figure class=\"wp-block-image size-full is-style-default\"><img loading=\"lazy\" decoding=\"async\" width=\"737\" height=\"533\" src=\"https:\/\/www.berti.net\/wp-content\/uploads\/2012\/11\/Berti-parquet-the-florian_101.jpg\" alt=\"\" class=\"wp-image-10029\"\/><\/figure>\n<\/div>\n<\/div>\n\n\n\n<div class=\"wp-block-column is-layout-flow wp-container-core-column-is-layout-22223934 wp-block-column-is-layout-flow\" style=\"flex-basis:50%\">\n<figure class=\"wp-block-image size-full is-style-default\"><img loading=\"lazy\" decoding=\"async\" width=\"800\" height=\"1206\" src=\"https:\/\/www.berti.net\/wp-content\/uploads\/2012\/11\/Berti-parquet-the-florian_7.jpg\" alt=\"\" class=\"wp-image-10032\" srcset=\"https:\/\/berti.net\/wp-content\/uploads\/2012\/11\/Berti-parquet-the-florian_7.jpg 800w, https:\/\/berti.net\/wp-content\/uploads\/2012\/11\/Berti-parquet-the-florian_7-539x812.jpg 539w, https:\/\/berti.net\/wp-content\/uploads\/2012\/11\/Berti-parquet-the-florian_7-768x1158.jpg 768w\" sizes=\"auto, (max-width: 800px) 100vw, 800px\" \/><\/figure>\n\n\n\n<figure class=\"wp-block-image size-full is-style-default\"><img loading=\"lazy\" decoding=\"async\" width=\"800\" height=\"1206\" src=\"https:\/\/www.berti.net\/wp-content\/uploads\/2012\/11\/Berti-parquet-the-florian_9.jpg\" alt=\"\" class=\"wp-image-10035\" srcset=\"https:\/\/berti.net\/wp-content\/uploads\/2012\/11\/Berti-parquet-the-florian_9.jpg 800w, https:\/\/berti.net\/wp-content\/uploads\/2012\/11\/Berti-parquet-the-florian_9-539x812.jpg 539w, https:\/\/berti.net\/wp-content\/uploads\/2012\/11\/Berti-parquet-the-florian_9-768x1158.jpg 768w\" sizes=\"auto, (max-width: 800px) 100vw, 800px\" \/><\/figure>\n\n\n\n<figure class=\"wp-block-image size-full is-style-default\"><img loading=\"lazy\" decoding=\"async\" width=\"737\" height=\"533\" src=\"https:\/\/www.berti.net\/wp-content\/uploads\/2012\/11\/Berti-parquet-the-florian_11.jpg\" alt=\"\" class=\"wp-image-10038\"\/><\/figure>\n\n\n\n<figure class=\"wp-block-image size-full is-style-default\"><img loading=\"lazy\" decoding=\"async\" width=\"800\" height=\"533\" src=\"https:\/\/www.berti.net\/wp-content\/uploads\/2012\/11\/Berti-parquet-the-florian_3.jpg\" alt=\"\" class=\"wp-image-10041\" srcset=\"https:\/\/berti.net\/wp-content\/uploads\/2012\/11\/Berti-parquet-the-florian_3.jpg 800w, https:\/\/berti.net\/wp-content\/uploads\/2012\/11\/Berti-parquet-the-florian_3-768x512.jpg 768w\" sizes=\"auto, (max-width: 800px) 100vw, 800px\" \/><\/figure>\n\n\n\n<figure class=\"wp-block-image size-full is-style-default\"><img loading=\"lazy\" decoding=\"async\" width=\"1177\" height=\"533\" src=\"https:\/\/www.berti.net\/wp-content\/uploads\/2012\/11\/Berti-parquet-the-florian_1.jpg\" alt=\"\" class=\"wp-image-10044\" srcset=\"https:\/\/berti.net\/wp-content\/uploads\/2012\/11\/Berti-parquet-the-florian_1.jpg 1177w, https:\/\/berti.net\/wp-content\/uploads\/2012\/11\/Berti-parquet-the-florian_1-812x368.jpg 812w, https:\/\/berti.net\/wp-content\/uploads\/2012\/11\/Berti-parquet-the-florian_1-768x348.jpg 768w\" sizes=\"auto, (max-width: 1177px) 100vw, 1177px\" \/><\/figure>\n<\/div>\n<\/div>\n\n\n\n<div class=\"wp-block-group post-categories has-global-padding is-content-justification-left is-layout-constrained wp-container-core-group-is-layout-836d34cb wp-block-group-is-layout-constrained\" style=\"margin-top:var(--wp--preset--spacing--70);font-size:11px\">\n<div class=\"wp-block-group is-content-justification-center is-nowrap is-layout-flex wp-container-core-group-is-layout-60758a6d wp-block-group-is-layout-flex\">\n<p>Magazine \/<\/p>\n\n\n<div class=\"taxonomy-category wp-block-post-terms\"><a href=\"https:\/\/berti.net\/fr\/magazine\/category\/products-fr\/\" rel=\"tag\">Products<\/a><span class=\"wp-block-post-terms__separator\">, <\/span><a href=\"https:\/\/berti.net\/fr\/magazine\/category\/projects-fr\/\" rel=\"tag\">Projects<\/a><\/div><\/div>\n<\/div>\n<\/div>\n\n<p><\/p>\n","protected":false},"excerpt":{"rendered":"<p>Le Florian : Ce projet ambitieux auquel Berti a particip\u00e9 se caract\u00e9rise par un design de pointe et un emplacement de premier ordre \u00e0 Toronto.<\/p>\n","protected":false},"author":9,"featured_media":10019,"comment_status":"closed","ping_status":"closed","sticky":false,"template":"","format":"standard","meta":{"footnotes":""},"categories":[45,47],"tags":[],"class_list":["post-15420","post","type-post","status-publish","format-standard","has-post-thumbnail","hentry","category-products-fr","category-projects-fr"],"_links":{"self":[{"href":"https:\/\/berti.net\/fr\/wp-json\/wp\/v2\/posts\/15420","targetHints":{"allow":["GET"]}}],"collection":[{"href":"https:\/\/berti.net\/fr\/wp-json\/wp\/v2\/posts"}],"about":[{"href":"https:\/\/berti.net\/fr\/wp-json\/wp\/v2\/types\/post"}],"author":[{"embeddable":true,"href":"https:\/\/berti.net\/fr\/wp-json\/wp\/v2\/users\/9"}],"replies":[{"embeddable":true,"href":"https:\/\/berti.net\/fr\/wp-json\/wp\/v2\/comments?post=15420"}],"version-history":[{"count":2,"href":"https:\/\/berti.net\/fr\/wp-json\/wp\/v2\/posts\/15420\/revisions"}],"predecessor-version":[{"id":21213,"href":"https:\/\/berti.net\/fr\/wp-json\/wp\/v2\/posts\/15420\/revisions\/21213"}],"wp:featuredmedia":[{"embeddable":true,"href":"https:\/\/berti.net\/fr\/wp-json\/wp\/v2\/media\/10019"}],"wp:attachment":[{"href":"https:\/\/berti.net\/fr\/wp-json\/wp\/v2\/media?parent=15420"}],"wp:term":[{"taxonomy":"category","embeddable":true,"href":"https:\/\/berti.net\/fr\/wp-json\/wp\/v2\/categories?post=15420"},{"taxonomy":"post_tag","embeddable":true,"href":"https:\/\/berti.net\/fr\/wp-json\/wp\/v2\/tags?post=15420"}],"curies":[{"name":"wp","href":"https:\/\/api.w.org\/{rel}","templated":true}]}}