{"id":15411,"date":"2012-07-12T11:20:08","date_gmt":"2012-07-12T11:20:08","guid":{"rendered":"https:\/\/www.berti.net\/magazine\/vepal-decking-la-marque-vepal-wpc-pour-les-sols-exterieurs\/"},"modified":"2025-05-19T09:34:54","modified_gmt":"2025-05-19T09:34:54","slug":"vepal-decking-la-marque-vepal-wpc-pour-les-sols-exterieurs","status":"publish","type":"post","link":"https:\/\/berti.net\/fr\/magazine\/vepal-decking-la-marque-vepal-wpc-pour-les-sols-exterieurs\/","title":{"rendered":"Vepal Decking : la marque Vepal Wpc pour les sols ext\u00e9rieurs"},"content":{"rendered":"\n<div class=\"wp-block-group post-detail-pattern is-container has-base-2-color has-contrast-background-color has-text-color has-background has-link-color wp-elements-00a0ea23df65605c148e1cf14d76f7f6 has-global-padding is-layout-constrained wp-block-group-is-layout-constrained\" style=\"margin-top:0;margin-bottom:0;padding-top:var(--wp--preset--spacing--70);padding-bottom:var(--wp--preset--spacing--70)\">\n<div class=\"wp-block-columns alignwide is-layout-flex wp-container-core-columns-is-layout-d125203f wp-block-columns-is-layout-flex\" style=\"margin-bottom:var(--wp--preset--spacing--50)\">\n<div class=\"wp-block-column is-vertically-aligned-stretch is-layout-flow wp-block-column-is-layout-flow\" style=\"padding-right:0;flex-basis:50%\">\n<div class=\"wp-block-group is-vertical is-content-justification-stretch is-layout-flex wp-container-core-group-is-layout-e9e70883 wp-block-group-is-layout-flex\" style=\"min-height:100%\">\n<div class=\"wp-block-group post-categories is-nowrap is-layout-flex wp-container-core-group-is-layout-3155b93e wp-block-group-is-layout-flex\" style=\"margin-top:var(--wp--preset--spacing--20);font-size:11px\">\n<p>Magazine \/<\/p>\n\n\n<div class=\"taxonomy-category wp-block-post-terms\"><a href=\"https:\/\/berti.net\/fr\/magazine\/category\/products-fr\/\" rel=\"tag\">Products<\/a><span class=\"wp-block-post-terms__separator\">, <\/span><a href=\"https:\/\/berti.net\/fr\/magazine\/category\/projects-fr\/\" rel=\"tag\">Projects<\/a><\/div><\/div>\n\n\n<div style=\"font-style:normal;font-weight:600;text-transform:uppercase;\" class=\"has-link-color wp-elements-32859cd979b45056895d81c5660c23a0 wp-block-post-date has-text-color has-base-color has-s-font-size\"><time datetime=\"2012-07-12T11:20:08+00:00\">12 juillet 2012<\/time><\/div>\n\n\n<h1 class=\"wp-block-heading post-title\"><strong>Vepal Decking :<\/strong><br\/> le rev\u00eatement de sol ext\u00e9rieur de la marque<strong>Wpc<\/strong> <strong><a href=\"https:\/\/www.vepal.it\/\" target=\"_blank\" rel=\"noreferrer noopener\">Vepal<\/a><\/strong>.  <\/h1>\n\n\n\n<h2 class=\"wp-block-heading post-subtitle\" style=\"margin-bottom:var(--wp--preset--spacing--20)\">Revenons sur un sujet que nous avons d\u00e9j\u00e0 abord\u00e9 : le <a href=\"https:\/\/blog.berti.net\/il-parquet-allesterno-berti-havana\"><strong>parquet ext\u00e9rieur<\/strong><\/a>. Mais cette fois-ci, il s&rsquo;agit de la <strong>terrasse en bois plastique<\/strong> propos\u00e9e par <a href=\"https:\/\/www.vepal.it\/\" target=\"_blank\" rel=\"noreferrer noopener\"><strong>Vepal<\/strong><\/a>.   <\/h2>\n\n\n\n<p>Il s&rsquo;agit d&rsquo;un parquet ext\u00e9rieur fabriqu\u00e9 \u00e0 partir de mat\u00e9riaux absolument \u00e9cologiques, recyclables et respectueux de l&rsquo;environnement. Les mat\u00e9riaux utilis\u00e9s sont \u00e0 60 % de la poudre de bois de peuplier, \u00e0 35 % des mati\u00e8res plastiques de haute qualit\u00e9 et convenablement recycl\u00e9es, et \u00e0 5 % des additifs (antioxydants, stabilisants, colorants, agents de renforcement et lubrifiants). Il s&rsquo;agit d&rsquo;une alternative respectueuse de l&rsquo;environnement qui combine les avantages du bois et la durabilit\u00e9 des plastiques.  <\/p>\n\n\n\n<figure class=\"wp-block-image size-full is-style-default\"><img loading=\"lazy\" decoding=\"async\" width=\"912\" height=\"581\" src=\"https:\/\/www.berti.net\/wp-content\/uploads\/2012\/07\/Vepal-Decking-Wpc_2.jpg\" alt=\"\" class=\"wp-image-10158\" srcset=\"https:\/\/berti.net\/wp-content\/uploads\/2012\/07\/Vepal-Decking-Wpc_2.jpg 912w, https:\/\/berti.net\/wp-content\/uploads\/2012\/07\/Vepal-Decking-Wpc_2-812x517.jpg 812w, https:\/\/berti.net\/wp-content\/uploads\/2012\/07\/Vepal-Decking-Wpc_2-768x489.jpg 768w\" sizes=\"auto, (max-width: 912px) 100vw, 912px\" \/><\/figure>\n\n\n\n<p>Vepal Decking Plastic Wood est un produit sp\u00e9cialement con\u00e7u pour le mobilier de jardin et le mobilier d&rsquo;ext\u00e9rieur en g\u00e9n\u00e9ral. Les applications peuvent \u00eatre tr\u00e8s vari\u00e9es : all\u00e9es et passages de jardin, sols de gazebo, dallages ext\u00e9rieurs pour pubs, restaurants et parkings, promenades, paliers et marches de jardin, dallages de piscine, all\u00e9es en carreaux de pin, terrains de golf. <\/p>\n\n\n\n<figure class=\"wp-block-image size-full is-style-default\"><img loading=\"lazy\" decoding=\"async\" width=\"912\" height=\"581\" src=\"https:\/\/www.berti.net\/wp-content\/uploads\/2012\/07\/Vepal-Decking-Wpc_3.jpg\" alt=\"\" class=\"wp-image-10161\" srcset=\"https:\/\/berti.net\/wp-content\/uploads\/2012\/07\/Vepal-Decking-Wpc_3.jpg 912w, https:\/\/berti.net\/wp-content\/uploads\/2012\/07\/Vepal-Decking-Wpc_3-812x517.jpg 812w, https:\/\/berti.net\/wp-content\/uploads\/2012\/07\/Vepal-Decking-Wpc_3-768x489.jpg 768w\" sizes=\"auto, (max-width: 912px) 100vw, 912px\" \/><\/figure>\n\n\n\n<figure class=\"wp-block-image size-full is-style-default\"><img loading=\"lazy\" decoding=\"async\" width=\"1945\" height=\"1300\" src=\"https:\/\/www.berti.net\/wp-content\/uploads\/2012\/07\/Vepal-Decking-Wpc_4.jpg\" alt=\"\" class=\"wp-image-10164\" srcset=\"https:\/\/berti.net\/wp-content\/uploads\/2012\/07\/Vepal-Decking-Wpc_4.jpg 1945w, https:\/\/berti.net\/wp-content\/uploads\/2012\/07\/Vepal-Decking-Wpc_4-812x543.jpg 812w, https:\/\/berti.net\/wp-content\/uploads\/2012\/07\/Vepal-Decking-Wpc_4-1920x1283.jpg 1920w, https:\/\/berti.net\/wp-content\/uploads\/2012\/07\/Vepal-Decking-Wpc_4-768x513.jpg 768w, https:\/\/berti.net\/wp-content\/uploads\/2012\/07\/Vepal-Decking-Wpc_4-1536x1027.jpg 1536w\" sizes=\"auto, (max-width: 1945px) 100vw, 1945px\" \/><\/figure>\n\n\n\n<figure class=\"wp-block-image size-full is-style-default\"><img loading=\"lazy\" decoding=\"async\" width=\"623\" height=\"429\" src=\"https:\/\/www.berti.net\/wp-content\/uploads\/2012\/07\/Vepal-Decking-Wpc_5.jpg\" alt=\"\" class=\"wp-image-10167\"\/><\/figure>\n<\/div>\n<\/div>\n\n\n\n<div class=\"wp-block-column is-layout-flow wp-container-core-column-is-layout-22223934 wp-block-column-is-layout-flow\" style=\"flex-basis:50%\">\n<figure class=\"wp-block-image size-full is-style-default\"><img loading=\"lazy\" decoding=\"async\" width=\"698\" height=\"386\" src=\"https:\/\/www.berti.net\/wp-content\/uploads\/2012\/07\/Vepal-Decking-Wpc_62.jpg\" alt=\"\" class=\"wp-image-10170\"\/><\/figure>\n\n\n\n<figure class=\"wp-block-image size-full is-style-default\"><img loading=\"lazy\" decoding=\"async\" width=\"1169\" height=\"341\" src=\"https:\/\/www.berti.net\/wp-content\/uploads\/2012\/07\/Vepal-Decking-Wpc_7.jpg\" alt=\"\" class=\"wp-image-10173\" srcset=\"https:\/\/berti.net\/wp-content\/uploads\/2012\/07\/Vepal-Decking-Wpc_7.jpg 1169w, https:\/\/berti.net\/wp-content\/uploads\/2012\/07\/Vepal-Decking-Wpc_7-812x237.jpg 812w, https:\/\/berti.net\/wp-content\/uploads\/2012\/07\/Vepal-Decking-Wpc_7-768x224.jpg 768w\" sizes=\"auto, (max-width: 1169px) 100vw, 1169px\" \/><\/figure>\n\n\n\n<p><strong>Les terrasses en Wpc<\/strong> ont une r\u00e9sistance extraordinaire et in\u00e9gal\u00e9e : c&rsquo;est un produit qui dure jusqu&rsquo;\u00e0 25 ans apr\u00e8s sa pose, sans n\u00e9cessiter d&rsquo;entretien ni de peinture au fil du temps. C&rsquo;est un sol ext\u00e9rieur qui ne craint aucun type d&rsquo;agression ext\u00e9rieure.<br\/>Vepal WPC ne n\u00e9cessite aucun entretien particulier : en effet, il est facile \u00e0 nettoyer, gr\u00e2ce au m\u00e9lange \u00e9tudi\u00e9 de fibres et de polym\u00e8res qui emp\u00eachent l&rsquo;apparition de moisissures et de champignons. Si n\u00e9cessaire, il est conseill\u00e9 d&rsquo;utiliser des d\u00e9tergents neutres pour sols et de les rincer \u00e0 l&rsquo;eau courante.  <\/p>\n<\/div>\n<\/div>\n\n\n\n<div class=\"wp-block-group post-categories has-global-padding is-content-justification-left is-layout-constrained wp-container-core-group-is-layout-836d34cb wp-block-group-is-layout-constrained\" style=\"margin-top:var(--wp--preset--spacing--70);font-size:11px\">\n<div class=\"wp-block-group is-content-justification-center is-nowrap is-layout-flex wp-container-core-group-is-layout-60758a6d wp-block-group-is-layout-flex\">\n<p>Magazine \/<\/p>\n\n\n<div class=\"taxonomy-category wp-block-post-terms\"><a href=\"https:\/\/berti.net\/fr\/magazine\/category\/products-fr\/\" rel=\"tag\">Products<\/a><span class=\"wp-block-post-terms__separator\">, <\/span><a href=\"https:\/\/berti.net\/fr\/magazine\/category\/projects-fr\/\" rel=\"tag\">Projects<\/a><\/div><\/div>\n<\/div>\n<\/div>\n\n<p><\/p>\n","protected":false},"excerpt":{"rendered":"<p>Nous revenons sur un sujet que nous avons d\u00e9j\u00e0 abord\u00e9 : le parquet ext\u00e9rieur. Mais cette fois, il s&rsquo;agit de la terrasse en bois plastique propos\u00e9e par Vepal. <\/p>\n","protected":false},"author":9,"featured_media":10160,"comment_status":"closed","ping_status":"closed","sticky":false,"template":"","format":"standard","meta":{"footnotes":""},"categories":[45,47],"tags":[],"class_list":["post-15411","post","type-post","status-publish","format-standard","has-post-thumbnail","hentry","category-products-fr","category-projects-fr"],"_links":{"self":[{"href":"https:\/\/berti.net\/fr\/wp-json\/wp\/v2\/posts\/15411","targetHints":{"allow":["GET"]}}],"collection":[{"href":"https:\/\/berti.net\/fr\/wp-json\/wp\/v2\/posts"}],"about":[{"href":"https:\/\/berti.net\/fr\/wp-json\/wp\/v2\/types\/post"}],"author":[{"embeddable":true,"href":"https:\/\/berti.net\/fr\/wp-json\/wp\/v2\/users\/9"}],"replies":[{"embeddable":true,"href":"https:\/\/berti.net\/fr\/wp-json\/wp\/v2\/comments?post=15411"}],"version-history":[{"count":2,"href":"https:\/\/berti.net\/fr\/wp-json\/wp\/v2\/posts\/15411\/revisions"}],"predecessor-version":[{"id":21183,"href":"https:\/\/berti.net\/fr\/wp-json\/wp\/v2\/posts\/15411\/revisions\/21183"}],"wp:featuredmedia":[{"embeddable":true,"href":"https:\/\/berti.net\/fr\/wp-json\/wp\/v2\/media\/10160"}],"wp:attachment":[{"href":"https:\/\/berti.net\/fr\/wp-json\/wp\/v2\/media?parent=15411"}],"wp:term":[{"taxonomy":"category","embeddable":true,"href":"https:\/\/berti.net\/fr\/wp-json\/wp\/v2\/categories?post=15411"},{"taxonomy":"post_tag","embeddable":true,"href":"https:\/\/berti.net\/fr\/wp-json\/wp\/v2\/tags?post=15411"}],"curies":[{"name":"wp","href":"https:\/\/api.w.org\/{rel}","templated":true}]}}