{"id":15407,"date":"2012-06-18T12:30:11","date_gmt":"2012-06-18T12:30:11","guid":{"rendered":"https:\/\/www.berti.net\/magazine\/jaime-le-bois\/"},"modified":"2025-05-19T09:34:53","modified_gmt":"2025-05-19T09:34:53","slug":"jaime-le-bois","status":"publish","type":"post","link":"https:\/\/berti.net\/fr\/magazine\/jaime-le-bois\/","title":{"rendered":"J&rsquo;aime le bois"},"content":{"rendered":"\n<div class=\"wp-block-group post-detail-pattern is-container has-base-2-color has-contrast-background-color has-text-color has-background has-link-color wp-elements-3faf2206f33f0fac45f7a3808050dfb6 has-global-padding is-layout-constrained wp-block-group-is-layout-constrained\" style=\"margin-top:0;margin-bottom:0;padding-top:var(--wp--preset--spacing--70);padding-bottom:var(--wp--preset--spacing--70)\">\n<div class=\"wp-block-columns alignwide is-layout-flex wp-container-core-columns-is-layout-d125203f wp-block-columns-is-layout-flex\" style=\"margin-bottom:var(--wp--preset--spacing--50)\">\n<div class=\"wp-block-column is-vertically-aligned-stretch is-layout-flow wp-block-column-is-layout-flow\" style=\"padding-right:0;flex-basis:50%\">\n<div class=\"wp-block-group is-vertical is-content-justification-stretch is-layout-flex wp-container-core-group-is-layout-e9e70883 wp-block-group-is-layout-flex\" style=\"min-height:100%\">\n<div class=\"wp-block-group post-categories is-nowrap is-layout-flex wp-container-core-group-is-layout-3155b93e wp-block-group-is-layout-flex\" style=\"margin-top:var(--wp--preset--spacing--20);font-size:11px\">\n<p>Magazine \/<\/p>\n\n\n<div class=\"taxonomy-category wp-block-post-terms\"><a href=\"https:\/\/berti.net\/fr\/magazine\/category\/products-fr\/\" rel=\"tag\">Products<\/a><span class=\"wp-block-post-terms__separator\">, <\/span><a href=\"https:\/\/berti.net\/fr\/magazine\/category\/projects-fr\/\" rel=\"tag\">Projects<\/a><\/div><\/div>\n\n\n<div style=\"font-style:normal;font-weight:600;text-transform:uppercase;\" class=\"has-link-color wp-elements-32859cd979b45056895d81c5660c23a0 wp-block-post-date has-text-color has-base-color has-s-font-size\"><time datetime=\"2012-06-18T12:30:11+00:00\">18 juin 2012<\/time><\/div>\n\n\n<h1 class=\"wp-block-heading post-title\">J&rsquo;aime le <strong>bois<\/strong><\/h1>\n\n\n\n<h2 class=\"wp-block-heading post-subtitle\" style=\"margin-bottom:var(--wp--preset--spacing--20)\">Il semble que le <strong>bois<\/strong> <strong>ne<\/strong> s&rsquo;arr\u00eate pas \u00e0 la <strong>maison<\/strong> et ne soit pas seulement un \u00e9l\u00e9ment de <strong>d\u00e9coration int\u00e9rieure<\/strong>. Le bois et ses veines gagnent \u00e9galement du terrain dans les <strong>d\u00e9fil\u00e9s de mode<\/strong>, le <strong>pr\u00eat-\u00e0-porter<\/strong> et les <strong>accessoires<\/strong>.<\/h2>\n\n\n\n<p><strong>Rodarte<\/strong>, une marque de v\u00eatements et d&rsquo;accessoires fond\u00e9e aux \u00c9tats-Unis en 2005, a propos\u00e9 plusieurs tenues avec des tissus imprim\u00e9s aspect bois lors de son d\u00e9fil\u00e9 de printemps 2011 :<\/p>\n\n\n\n<figure class=\"wp-block-image size-full is-style-default\"><img loading=\"lazy\" decoding=\"async\" width=\"632\" height=\"480\" src=\"https:\/\/www.berti.net\/wp-content\/uploads\/2012\/06\/Rodarte-spring-2011_ok.jpg\" alt=\"\" class=\"wp-image-10179\"\/><\/figure>\n\n\n\n<p>C\u00e9line, marque fran\u00e7aise fond\u00e9e en 1945, propose \u00e9galement dans sa collection automne 2011 plusieurs nouveaut\u00e9s inspir\u00e9es de la suggestion de la texture du bois :<\/p>\n\n\n\n<figure class=\"wp-block-image size-full is-style-default\"><img loading=\"lazy\" decoding=\"async\" width=\"646\" height=\"480\" src=\"https:\/\/www.berti.net\/wp-content\/uploads\/2012\/06\/Celine-fall-2011_ok.jpg\" alt=\"\" class=\"wp-image-10183\"\/><\/figure>\n\n\n\n<p>Prada, en revanche, choisit le bois comme mat\u00e9riau, mais se limite aux accessoires. Voici une paire de lunettes \u00e0 la monture en bois, qui fait \u00e9cho aux ambiances r\u00e9tro, tout en conservant la forme caract\u00e9ristique du mod\u00e8le \u00a0\u00bbSwing\u00a0\u00bb de la maison de couture.<\/p>\n\n\n\n<figure class=\"wp-block-image size-full is-style-default\"><img loading=\"lazy\" decoding=\"async\" width=\"640\" height=\"427\" src=\"https:\/\/www.berti.net\/wp-content\/uploads\/2012\/06\/prada-sunglasses.jpg\" alt=\"\" class=\"wp-image-10186\"\/><\/figure>\n\n\n\n<p>M\u00eame choix pour Louis Vuitton, qui propose des lunettes pour hommes avec une ligne plus moderne, contrastant avec le mat\u00e9riau, une fois de plus : le bois.<\/p>\n\n\n\n<figure class=\"wp-block-image size-full is-style-default\"><img loading=\"lazy\" decoding=\"async\" width=\"540\" height=\"370\" src=\"https:\/\/www.berti.net\/wp-content\/uploads\/2012\/06\/Summer-2012-Collection-sunglasses.jpg\" alt=\"\" class=\"wp-image-10189\"\/><\/figure>\n\n\n\n<p>Toujours dans le domaine des accessoires, la cr\u00e9atrice de renomm\u00e9e internationale Stella McCartney a lanc\u00e9 en 2010 la pochette Accord\u00e9on en bois. Il s&rsquo;agit d&rsquo;un objet au design pur, presque une \u0153uvre d&rsquo;art plut\u00f4t qu&rsquo;un accessoire confortable \u00e0 porter sur soi tous les jours. <\/p>\n\n\n\n<figure class=\"wp-block-image size-full is-style-default\"><img loading=\"lazy\" decoding=\"async\" width=\"714\" height=\"384\" src=\"https:\/\/www.berti.net\/wp-content\/uploads\/2012\/06\/stellamccartney-borsa-legno_ok.jpg\" alt=\"\" class=\"wp-image-10192\"\/><\/figure>\n\n\n\n<p>Toujours en ce qui concerne les sacs \u00e0 main, nous pouvons \u00e9galement admirer une pochette en bois particuli\u00e8rement tendance. Ce sac \u00e0 main est r\u00e9alis\u00e9 \u00e0 partir de panneaux de bois fin, fabriqu\u00e9s en Su\u00e8de ; l&rsquo;assemblage avec les pi\u00e8ces m\u00e9talliques en acier et en cuir, en revanche, est r\u00e9alis\u00e9 aux \u00c9tats-Unis par Tivi, une jeune entreprise qui vise \u00e0 cr\u00e9er des accessoires en associant les mat\u00e9riaux naturels \u00e0 la mode. <\/p>\n\n\n\n<figure class=\"wp-block-image size-full is-style-default\"><img loading=\"lazy\" decoding=\"async\" width=\"400\" height=\"400\" src=\"https:\/\/www.berti.net\/wp-content\/uploads\/2012\/06\/borse-legno.jpg\" alt=\"\" class=\"wp-image-10195\"\/><\/figure>\n<\/div>\n<\/div>\n\n\n\n<div class=\"wp-block-column is-layout-flow wp-container-core-column-is-layout-22223934 wp-block-column-is-layout-flow\" style=\"flex-basis:50%\">\n<p>Il ne s&rsquo;agit pas d&rsquo;un sac \u00a0\u00bbfashion\u00a0\u00bb, mais d&rsquo;un accessoire sans doute plus utile, cette sacoche en bois pour ordinateur portable pr\u00e9sent\u00e9e lors de la London Design Week 2011. \u00c0 l&rsquo;int\u00e9rieur, vous pouvez ranger un ordinateur portable jusqu&rsquo;\u00e0 17 pouces, ainsi que la souris et le c\u00e2ble de chargement. <\/p>\n\n\n\n<figure class=\"wp-block-image size-full is-style-default\"><img loading=\"lazy\" decoding=\"async\" width=\"795\" height=\"241\" src=\"https:\/\/www.berti.net\/wp-content\/uploads\/2012\/06\/Wood-Laptop-Valise_ok.jpg\" alt=\"\" class=\"wp-image-10198\" srcset=\"https:\/\/berti.net\/wp-content\/uploads\/2012\/06\/Wood-Laptop-Valise_ok.jpg 795w, https:\/\/berti.net\/wp-content\/uploads\/2012\/06\/Wood-Laptop-Valise_ok-768x233.jpg 768w\" sizes=\"auto, (max-width: 795px) 100vw, 795px\" \/><\/figure>\n\n\n\n<p>Enfin, nous concluons cette br\u00e8ve incursion dans le monde de la mode par l&rsquo;accessoire par excellence : la chaussure. Si dans l&rsquo;imaginaire collectif tout le monde a bien imprim\u00e9 les pantoufles de cristal de Cendrillon, dans les ann\u00e9es 2000 les propositions des stylistes les plus avant-gardistes se sont tourn\u00e9es vers un tout autre mat\u00e9riau : le bois justement.<br\/>Dr. Martens, la marque historique des amphibiens, gr\u00e2ce \u00e0 une collaboration avec le designer espagnol Davidelfin, propose une version des bottes symboliques de la marque caract\u00e9ris\u00e9e par un effet bois impr\u00e9visible. <\/p>\n\n\n\n<figure class=\"wp-block-image size-full is-style-default\"><img loading=\"lazy\" decoding=\"async\" width=\"640\" height=\"426\" src=\"https:\/\/www.berti.net\/wp-content\/uploads\/2012\/06\/1-david-delfin-dr-martenens-shoes.jpg\" alt=\"\" class=\"wp-image-10201\"\/><\/figure>\n\n\n\n<p>Les cr\u00e9ateurs de Margiela ont \u00e9galement cr\u00e9\u00e9 une proposition qui sort de l&rsquo;ordinaire avec des chaussures \u00a0\u00bbeffet bois\u00a0\u00bb qui ressemblent \u00e0 s&rsquo;y m\u00e9prendre \u00e0 du bois massif. En r\u00e9alit\u00e9, il s&rsquo;agit de cuir marron travaill\u00e9 \u00e0 la main pour cr\u00e9er une r\u00e9plique r\u00e9aliste du grain du bois. <\/p>\n\n\n\n<figure class=\"wp-block-image size-full is-style-default\"><img loading=\"lazy\" decoding=\"async\" width=\"412\" height=\"350\" src=\"https:\/\/www.berti.net\/wp-content\/uploads\/2012\/06\/margiela-wood-effect-shoes.jpg\" alt=\"\" class=\"wp-image-10204\"\/><\/figure>\n\n\n\n<p>Et c&rsquo;est avec cette chaussure que nous concluons notre bref excursus pour voir comment le bois et le parquet sont toujours une inspiration originale, dont les utilisations ne cessent de nous \u00e9tonner. Que pensez-vous de ces objets ? En aviez-vous d\u00e9j\u00e0 entendu parler ? Lequel vous intrigue le plus ?   <\/p>\n<\/div>\n<\/div>\n\n\n\n<div class=\"wp-block-group post-categories has-global-padding is-content-justification-left is-layout-constrained wp-container-core-group-is-layout-836d34cb wp-block-group-is-layout-constrained\" style=\"margin-top:var(--wp--preset--spacing--70);font-size:11px\">\n<div class=\"wp-block-group is-content-justification-center is-nowrap is-layout-flex wp-container-core-group-is-layout-60758a6d wp-block-group-is-layout-flex\">\n<p>Magazine \/<\/p>\n\n\n<div class=\"taxonomy-category wp-block-post-terms\"><a href=\"https:\/\/berti.net\/fr\/magazine\/category\/products-fr\/\" rel=\"tag\">Products<\/a><span class=\"wp-block-post-terms__separator\">, <\/span><a href=\"https:\/\/berti.net\/fr\/magazine\/category\/projects-fr\/\" rel=\"tag\">Projects<\/a><\/div><\/div>\n<\/div>\n<\/div>\n\n<p><\/p>\n","protected":false},"excerpt":{"rendered":"<p>Le bois et ses veines gagnent \u00e9galement du terrain dans les d\u00e9fil\u00e9s de mode, le pr\u00eat-\u00e0-porter et les accessoires.<\/p>\n","protected":false},"author":9,"featured_media":10181,"comment_status":"closed","ping_status":"closed","sticky":false,"template":"","format":"standard","meta":{"footnotes":""},"categories":[45,47],"tags":[],"class_list":["post-15407","post","type-post","status-publish","format-standard","has-post-thumbnail","hentry","category-products-fr","category-projects-fr"],"_links":{"self":[{"href":"https:\/\/berti.net\/fr\/wp-json\/wp\/v2\/posts\/15407","targetHints":{"allow":["GET"]}}],"collection":[{"href":"https:\/\/berti.net\/fr\/wp-json\/wp\/v2\/posts"}],"about":[{"href":"https:\/\/berti.net\/fr\/wp-json\/wp\/v2\/types\/post"}],"author":[{"embeddable":true,"href":"https:\/\/berti.net\/fr\/wp-json\/wp\/v2\/users\/9"}],"replies":[{"embeddable":true,"href":"https:\/\/berti.net\/fr\/wp-json\/wp\/v2\/comments?post=15407"}],"version-history":[{"count":2,"href":"https:\/\/berti.net\/fr\/wp-json\/wp\/v2\/posts\/15407\/revisions"}],"predecessor-version":[{"id":21178,"href":"https:\/\/berti.net\/fr\/wp-json\/wp\/v2\/posts\/15407\/revisions\/21178"}],"wp:featuredmedia":[{"embeddable":true,"href":"https:\/\/berti.net\/fr\/wp-json\/wp\/v2\/media\/10181"}],"wp:attachment":[{"href":"https:\/\/berti.net\/fr\/wp-json\/wp\/v2\/media?parent=15407"}],"wp:term":[{"taxonomy":"category","embeddable":true,"href":"https:\/\/berti.net\/fr\/wp-json\/wp\/v2\/categories?post=15407"},{"taxonomy":"post_tag","embeddable":true,"href":"https:\/\/berti.net\/fr\/wp-json\/wp\/v2\/tags?post=15407"}],"curies":[{"name":"wp","href":"https:\/\/api.w.org\/{rel}","templated":true}]}}