{"id":15399,"date":"2012-10-04T12:55:34","date_gmt":"2012-10-04T12:55:34","guid":{"rendered":"https:\/\/www.berti.net\/magazine\/nouveau-parquet-pour-vepal-vepal-colors\/"},"modified":"2025-05-19T09:35:06","modified_gmt":"2025-05-19T09:35:06","slug":"nouveau-parquet-pour-vepal-vepal-colors","status":"publish","type":"post","link":"https:\/\/berti.net\/fr\/magazine\/nouveau-parquet-pour-vepal-vepal-colors\/","title":{"rendered":"Nouveau parquet pour Vepal : Vepal Colors"},"content":{"rendered":"\n<div class=\"wp-block-group post-detail-pattern is-container has-base-2-color has-contrast-background-color has-text-color has-background has-link-color wp-elements-1cb1ae78542aeeaf6288de07b9b3a4bc has-global-padding is-layout-constrained wp-block-group-is-layout-constrained\" style=\"margin-top:0;margin-bottom:0;padding-top:var(--wp--preset--spacing--70);padding-bottom:var(--wp--preset--spacing--70)\">\n<div class=\"wp-block-columns alignwide is-layout-flex wp-container-core-columns-is-layout-d125203f wp-block-columns-is-layout-flex\" style=\"margin-bottom:var(--wp--preset--spacing--50)\">\n<div class=\"wp-block-column is-vertically-aligned-stretch is-layout-flow wp-block-column-is-layout-flow\" style=\"padding-right:0;flex-basis:50%\">\n<div class=\"wp-block-group is-vertical is-content-justification-stretch is-layout-flex wp-container-core-group-is-layout-e9e70883 wp-block-group-is-layout-flex\" style=\"min-height:100%\">\n<div class=\"wp-block-group post-categories is-nowrap is-layout-flex wp-container-core-group-is-layout-3155b93e wp-block-group-is-layout-flex\" style=\"margin-top:var(--wp--preset--spacing--20);font-size:11px\">\n<p>Magazine \/<\/p>\n\n\n<div class=\"taxonomy-category wp-block-post-terms\"><a href=\"https:\/\/berti.net\/fr\/magazine\/category\/products-fr\/\" rel=\"tag\">Products<\/a><span class=\"wp-block-post-terms__separator\">, <\/span><a href=\"https:\/\/berti.net\/fr\/magazine\/category\/projects-fr\/\" rel=\"tag\">Projects<\/a><\/div><\/div>\n\n\n<div style=\"font-style:normal;font-weight:600;text-transform:uppercase;\" class=\"has-link-color wp-elements-32859cd979b45056895d81c5660c23a0 wp-block-post-date has-text-color has-base-color has-s-font-size\"><time datetime=\"2012-10-04T12:55:34+00:00\">4 octobre 2012<\/time><\/div>\n\n\n<h1 class=\"wp-block-heading post-title\">Nouveau parquet pour <strong>Vepal<\/strong>: Vepal Colors<\/h1>\n\n\n\n<h2 class=\"wp-block-heading post-subtitle\" style=\"margin-bottom:var(--wp--preset--spacing--20)\">Lors de la pr\u00e9sentation des nouveaut\u00e9s de la marque <strong>Vepal<\/strong> dans l&rsquo;article : <strong>&lsquo;Nouveaux produits pour Vepal : Stratifi\u00e9s Premium&rsquo;<\/strong>, nous n&rsquo;avons donn\u00e9 qu&rsquo;un petit aper\u00e7u des nouveaut\u00e9s de la gamme <strong>Vepal Colors<\/strong>. Le moment est venu de vous pr\u00e9senter en d\u00e9tail cette gamme de parquets pr\u00e9finis \u00e0 trois couches, chacun pr\u00e9sentant une nouvelle couleur con\u00e7ue et cr\u00e9\u00e9e exclusivement pour <strong>Vepal<\/strong>.<\/h2>\n\n\n\n<p>Les rev\u00eatements de sol en bois <strong>Vepal Colors<\/strong> repr\u00e9sentent un choix de parquet particuli\u00e8rement adapt\u00e9 \u00e0 l&rsquo;ameublement design. Cette gamme de produits Vepal, dont les finitions rappellent fortement le climat naturel dans lequel pousse le bois, permet de cr\u00e9er des environnements doux qui transmettent des sentiments de confort et d&rsquo;\u00e9l\u00e9gance. <\/p>\n\n\n\n<p>Le produit est un <strong>parquet pr\u00e9fini \u00e0 3 couches<\/strong> d&rsquo;une \u00e9paisseur totale de 13,5 mm, \u00e9quip\u00e9 de rainures et languettes permettant une pose coll\u00e9e ou flottante. Chaque planche mesure 136 mm de largeur pour une longueur allant de 1820 \u00e0 2130 mm et se compose d&rsquo;une couche de bois noble de 3 mm, d&rsquo;une couche interm\u00e9diaire de 7,5 mm d&rsquo;\u00e9paisseur en \u00e9pic\u00e9a lamell\u00e9-crois\u00e9 et d&rsquo;une troisi\u00e8me couche de contrebalancement en \u00e9pic\u00e9a de 3 mm. <\/p>\n\n\n\n<p>Les choix disponibles dans la gamme, dont vous pouvez voir les d\u00e9tails dans les macro-photos, comprennent 6 choix dont les noms sont inspir\u00e9s des capitales europ\u00e9ennes les plus c\u00e9l\u00e8bres : Gen\u00e8ve, Madrid, Paris, Amsterdam, Ath\u00e8nes, Dublin. Une collection r\u00e9solument internationale. <\/p>\n\n\n\n<p>Veuillez contacter notre d\u00e9partement des ventes pour plus de d\u00e9tails. Nous vous laissons avec quelques photos des diff\u00e9rentes finitions. <\/p>\n\n\n\n<figure class=\"wp-block-image size-full is-style-default\"><img loading=\"lazy\" decoding=\"async\" width=\"800\" height=\"533\" src=\"https:\/\/www.berti.net\/wp-content\/uploads\/2012\/10\/Vepal-Colors-Parigi.jpg\" alt=\"\" class=\"wp-image-10232\" srcset=\"https:\/\/berti.net\/wp-content\/uploads\/2012\/10\/Vepal-Colors-Parigi.jpg 800w, https:\/\/berti.net\/wp-content\/uploads\/2012\/10\/Vepal-Colors-Parigi-768x512.jpg 768w\" sizes=\"auto, (max-width: 800px) 100vw, 800px\" \/><\/figure>\n\n\n\n<figure class=\"wp-block-image size-full is-style-default\"><img loading=\"lazy\" decoding=\"async\" width=\"800\" height=\"533\" src=\"https:\/\/www.berti.net\/wp-content\/uploads\/2012\/10\/Vepal-Colors-Madrid.jpg\" alt=\"\" class=\"wp-image-10235\" srcset=\"https:\/\/berti.net\/wp-content\/uploads\/2012\/10\/Vepal-Colors-Madrid.jpg 800w, https:\/\/berti.net\/wp-content\/uploads\/2012\/10\/Vepal-Colors-Madrid-768x512.jpg 768w\" sizes=\"auto, (max-width: 800px) 100vw, 800px\" \/><\/figure>\n\n\n\n<figure class=\"wp-block-image size-full is-style-default\"><img loading=\"lazy\" decoding=\"async\" width=\"800\" height=\"533\" src=\"https:\/\/www.berti.net\/wp-content\/uploads\/2012\/10\/Vepal-Colors-Ginevra.jpg\" alt=\"\" class=\"wp-image-10238\" srcset=\"https:\/\/berti.net\/wp-content\/uploads\/2012\/10\/Vepal-Colors-Ginevra.jpg 800w, https:\/\/berti.net\/wp-content\/uploads\/2012\/10\/Vepal-Colors-Ginevra-768x512.jpg 768w\" sizes=\"auto, (max-width: 800px) 100vw, 800px\" \/><\/figure>\n<\/div>\n<\/div>\n\n\n\n<div class=\"wp-block-column is-layout-flow wp-container-core-column-is-layout-22223934 wp-block-column-is-layout-flow\" style=\"flex-basis:50%\">\n<figure class=\"wp-block-image size-full is-style-default\"><img loading=\"lazy\" decoding=\"async\" width=\"800\" height=\"533\" src=\"https:\/\/www.berti.net\/wp-content\/uploads\/2012\/10\/Vepal-Colors-Dublino.jpg\" alt=\"\" class=\"wp-image-10241\" srcset=\"https:\/\/berti.net\/wp-content\/uploads\/2012\/10\/Vepal-Colors-Dublino.jpg 800w, https:\/\/berti.net\/wp-content\/uploads\/2012\/10\/Vepal-Colors-Dublino-768x512.jpg 768w\" sizes=\"auto, (max-width: 800px) 100vw, 800px\" \/><\/figure>\n\n\n\n<figure class=\"wp-block-image size-full is-style-default\"><img loading=\"lazy\" decoding=\"async\" width=\"800\" height=\"533\" src=\"https:\/\/www.berti.net\/wp-content\/uploads\/2012\/10\/Vepal-Colors-Atene.jpg\" alt=\"\" class=\"wp-image-10244\" srcset=\"https:\/\/berti.net\/wp-content\/uploads\/2012\/10\/Vepal-Colors-Atene.jpg 800w, https:\/\/berti.net\/wp-content\/uploads\/2012\/10\/Vepal-Colors-Atene-768x512.jpg 768w\" sizes=\"auto, (max-width: 800px) 100vw, 800px\" \/><\/figure>\n\n\n\n<figure class=\"wp-block-image size-full is-style-default\"><img loading=\"lazy\" decoding=\"async\" width=\"800\" height=\"533\" src=\"https:\/\/www.berti.net\/wp-content\/uploads\/2012\/10\/Vepal-Colors-Amsterdam.jpg\" alt=\"\" class=\"wp-image-10247\" srcset=\"https:\/\/berti.net\/wp-content\/uploads\/2012\/10\/Vepal-Colors-Amsterdam.jpg 800w, https:\/\/berti.net\/wp-content\/uploads\/2012\/10\/Vepal-Colors-Amsterdam-768x512.jpg 768w\" sizes=\"auto, (max-width: 800px) 100vw, 800px\" \/><\/figure>\n<\/div>\n<\/div>\n\n\n\n<div class=\"wp-block-group post-categories has-global-padding is-content-justification-left is-layout-constrained wp-container-core-group-is-layout-836d34cb wp-block-group-is-layout-constrained\" style=\"margin-top:var(--wp--preset--spacing--70);font-size:11px\">\n<div class=\"wp-block-group is-content-justification-center is-nowrap is-layout-flex wp-container-core-group-is-layout-60758a6d wp-block-group-is-layout-flex\">\n<p>Magazine \/<\/p>\n\n\n<div class=\"taxonomy-category wp-block-post-terms\"><a href=\"https:\/\/berti.net\/fr\/magazine\/category\/products-fr\/\" rel=\"tag\">Products<\/a><span class=\"wp-block-post-terms__separator\">, <\/span><a href=\"https:\/\/berti.net\/fr\/magazine\/category\/projects-fr\/\" rel=\"tag\">Projects<\/a><\/div><\/div>\n<\/div>\n<\/div>\n\n<p><\/p>\n","protected":false},"excerpt":{"rendered":"<p>Le moment est venu de vous pr\u00e9senter en d\u00e9tail cette gamme de parquets pr\u00e9finis \u00e0 trois couches, chacun pr\u00e9sentant une nouvelle couleur con\u00e7ue et cr\u00e9\u00e9e exclusivement pour Vepal.<\/p>\n","protected":false},"author":9,"featured_media":10234,"comment_status":"closed","ping_status":"closed","sticky":false,"template":"","format":"standard","meta":{"footnotes":""},"categories":[45,47],"tags":[],"class_list":["post-15399","post","type-post","status-publish","format-standard","has-post-thumbnail","hentry","category-products-fr","category-projects-fr"],"_links":{"self":[{"href":"https:\/\/berti.net\/fr\/wp-json\/wp\/v2\/posts\/15399","targetHints":{"allow":["GET"]}}],"collection":[{"href":"https:\/\/berti.net\/fr\/wp-json\/wp\/v2\/posts"}],"about":[{"href":"https:\/\/berti.net\/fr\/wp-json\/wp\/v2\/types\/post"}],"author":[{"embeddable":true,"href":"https:\/\/berti.net\/fr\/wp-json\/wp\/v2\/users\/9"}],"replies":[{"embeddable":true,"href":"https:\/\/berti.net\/fr\/wp-json\/wp\/v2\/comments?post=15399"}],"version-history":[{"count":2,"href":"https:\/\/berti.net\/fr\/wp-json\/wp\/v2\/posts\/15399\/revisions"}],"predecessor-version":[{"id":21191,"href":"https:\/\/berti.net\/fr\/wp-json\/wp\/v2\/posts\/15399\/revisions\/21191"}],"wp:featuredmedia":[{"embeddable":true,"href":"https:\/\/berti.net\/fr\/wp-json\/wp\/v2\/media\/10234"}],"wp:attachment":[{"href":"https:\/\/berti.net\/fr\/wp-json\/wp\/v2\/media?parent=15399"}],"wp:term":[{"taxonomy":"category","embeddable":true,"href":"https:\/\/berti.net\/fr\/wp-json\/wp\/v2\/categories?post=15399"},{"taxonomy":"post_tag","embeddable":true,"href":"https:\/\/berti.net\/fr\/wp-json\/wp\/v2\/tags?post=15399"}],"curies":[{"name":"wp","href":"https:\/\/api.w.org\/{rel}","templated":true}]}}