{"id":15396,"date":"2012-04-02T15:12:11","date_gmt":"2012-04-02T15:12:11","guid":{"rendered":"https:\/\/www.berti.net\/magazine\/nouveautes-produits-pour-vepal-premium-laminates\/"},"modified":"2025-05-19T09:37:03","modified_gmt":"2025-05-19T09:37:03","slug":"nouveautes-produits-pour-vepal-premium-laminates","status":"publish","type":"post","link":"https:\/\/berti.net\/fr\/magazine\/nouveautes-produits-pour-vepal-premium-laminates\/","title":{"rendered":"Nouveaut\u00e9s produits pour Vepal : Premium Laminates"},"content":{"rendered":"\n<div class=\"wp-block-group post-detail-pattern is-container has-base-2-color has-contrast-background-color has-text-color has-background has-link-color wp-elements-9fdc7728b7dd1caf93acb922dda88e4d has-global-padding is-layout-constrained wp-block-group-is-layout-constrained\" style=\"margin-top:0;margin-bottom:0;padding-top:var(--wp--preset--spacing--70);padding-bottom:var(--wp--preset--spacing--70)\">\n<div class=\"wp-block-columns alignwide is-layout-flex wp-container-core-columns-is-layout-d125203f wp-block-columns-is-layout-flex\" style=\"margin-bottom:var(--wp--preset--spacing--50)\">\n<div class=\"wp-block-column is-vertically-aligned-stretch is-layout-flow wp-block-column-is-layout-flow\" style=\"padding-right:0;flex-basis:50%\">\n<div class=\"wp-block-group is-vertical is-content-justification-stretch is-layout-flex wp-container-core-group-is-layout-e9e70883 wp-block-group-is-layout-flex\" style=\"min-height:100%\">\n<div class=\"wp-block-group post-categories is-nowrap is-layout-flex wp-container-core-group-is-layout-3155b93e wp-block-group-is-layout-flex\" style=\"margin-top:var(--wp--preset--spacing--20);font-size:11px\">\n<p>Magazine \/<\/p>\n\n\n<div class=\"taxonomy-category wp-block-post-terms\"><a href=\"https:\/\/berti.net\/fr\/magazine\/category\/products-fr\/\" rel=\"tag\">Products<\/a><span class=\"wp-block-post-terms__separator\">, <\/span><a href=\"https:\/\/berti.net\/fr\/magazine\/category\/projects-fr\/\" rel=\"tag\">Projects<\/a><\/div><\/div>\n\n\n<div style=\"font-style:normal;font-weight:600;text-transform:uppercase;\" class=\"has-link-color wp-elements-32859cd979b45056895d81c5660c23a0 wp-block-post-date has-text-color has-base-color has-s-font-size\"><time datetime=\"2012-04-02T15:12:11+00:00\">2 avril 2012<\/time><\/div>\n\n\n<h1 class=\"wp-block-heading post-title\">Nouveaut\u00e9s produits pour Vepal : <strong>Premium Laminates<\/strong><\/h1>\n\n\n\n<h2 class=\"wp-block-heading post-subtitle\" style=\"margin-bottom:var(--wp--preset--spacing--20)\">La ligne <strong>Vepal<\/strong> s&rsquo;enrichit d&rsquo;une nouvelle gamme de produits : la ligne Premium Laminates, en effet, a fait l&rsquo;objet d&rsquo;une refonte compl\u00e8te.<\/h2>\n\n\n\n<p>La collection de <strong>stratifi\u00e9s Premium<\/strong> est mise \u00e0 jour avec de nouvelles finitions de pointe qui reproduisent parfaitement le bois v\u00e9ritable, m\u00eame au toucher. La texture bross\u00e9e rappelle les bois anciens et le l\u00e9ger biseautage devient progressivement plus compact au fur et \u00e0 mesure que l&rsquo;on passe sur la surface. <\/p>\n\n\n\n<figure class=\"wp-block-image size-full is-style-default\"><img loading=\"lazy\" decoding=\"async\" width=\"804\" height=\"600\" src=\"https:\/\/www.berti.net\/wp-content\/uploads\/2012\/04\/laminati-premium6.jpg\" alt=\"\" class=\"wp-image-10321\" srcset=\"https:\/\/berti.net\/wp-content\/uploads\/2012\/04\/laminati-premium6.jpg 804w, https:\/\/berti.net\/wp-content\/uploads\/2012\/04\/laminati-premium6-768x573.jpg 768w\" sizes=\"auto, (max-width: 804px) 100vw, 804px\" \/><\/figure>\n\n\n\n<p>Dans la nouvelle collection Laminati Premium, vous pouvez choisir parmi de nouveaux d\u00e9cors exclusifs caract\u00e9ris\u00e9s par une brillance in\u00e9gal\u00e9e. Les progr\u00e8s de la technologie et de la recherche nous permettent aujourd&rsquo;hui d&rsquo;offrir un produit qui marque un changement permanent dans le secteur des rev\u00eatements de sol stratifi\u00e9s.   <\/p>\n\n\n\n<p>Gr\u00e2ce \u00e0 sa porosit\u00e9 hautement polie, le rev\u00eatement de sol stratifi\u00e9 Premium, dont la texture synchronis\u00e9e reproduit avec sensibilit\u00e9 le grain du d\u00e9cor, se distingue par ses reflets brillants dans n&rsquo;importe quelle pi\u00e8ce. Les <strong>d\u00e9cors<\/strong> ch\u00eane de la collection sont les suivants : Graphite, Venus, Cinnamon, Rich, Alpine Flash, Ros\u00e9 Beige, Moon et Mercury. Gr\u00e2ce \u00e0 l&rsquo;effet chrom\u00e9 caract\u00e9ristique de ses reflets uniques, l&rsquo;apparence de ces d\u00e9cors change en fonction de la lumi\u00e8re et de l&rsquo;endroit d&rsquo;o\u00f9 ils sont observ\u00e9s. Cela cr\u00e9e une exp\u00e9rience unique dans les rev\u00eatements de sol stratifi\u00e9s de Vepal.   <\/p>\n\n\n\n<figure class=\"wp-block-image size-full is-style-default\"><img loading=\"lazy\" decoding=\"async\" width=\"804\" height=\"600\" src=\"https:\/\/www.berti.net\/wp-content\/uploads\/2012\/04\/laminati-premium10.jpg\" alt=\"\" class=\"wp-image-10324\" srcset=\"https:\/\/berti.net\/wp-content\/uploads\/2012\/04\/laminati-premium10.jpg 804w, https:\/\/berti.net\/wp-content\/uploads\/2012\/04\/laminati-premium10-768x573.jpg 768w\" sizes=\"auto, (max-width: 804px) 100vw, 804px\" \/><\/figure>\n\n\n\n<p>Les produits Premium Laminate conviennent non seulement aux habitations, mais aussi aux locaux commerciaux particuli\u00e8rement fr\u00e9quent\u00e9s, gr\u00e2ce \u00e0 une <strong>r\u00e9sistance de<\/strong> surface AC4, qui les place dans la classe 32.<\/p>\n\n\n\n<p>La finition sp\u00e9ciale de l&rsquo;<strong>embo\u00eetement<\/strong> est obtenue gr\u00e2ce \u00e0 l&#8217;embo\u00eetement exclusif<em>\u00a0\u00bbMegaloc<\/em>\u00a0\u00bb, un brevet exclusif qui rend l&rsquo;installation rapide, facile et pourtant pr\u00e9cise.<\/p>\n\n\n\n<p>Le rev\u00eatement de sol stratifi\u00e9 Premium, qui r\u00e9pond \u00e0 toutes les exigences de la norme NE 13329, est compos\u00e9 exclusivement de mat\u00e9riaux certifi\u00e9s et s\u00fbrs qui garantissent un climat ambiant sain.<\/p>\n\n\n\n<figure class=\"wp-block-image size-full is-style-default\"><img loading=\"lazy\" decoding=\"async\" width=\"804\" height=\"600\" src=\"https:\/\/www.berti.net\/wp-content\/uploads\/2012\/04\/laminati-premium9.jpg\" alt=\"\" class=\"wp-image-10327\" srcset=\"https:\/\/berti.net\/wp-content\/uploads\/2012\/04\/laminati-premium9.jpg 804w, https:\/\/berti.net\/wp-content\/uploads\/2012\/04\/laminati-premium9-768x573.jpg 768w\" sizes=\"auto, (max-width: 804px) 100vw, 804px\" \/><\/figure>\n\n\n\n<p>La ligne Laminati Trend a fait l&rsquo;objet d&rsquo;un r\u00e9assortiment, en supprimant certaines finitions et en ajoutant certains d\u00e9cors qui faisaient auparavant partie de la collection Laminati Premium. Ainsi, la ligne <strong>Laminati Trend<\/strong> comprend d\u00e9sormais les d\u00e9cors suivants : Rovere Corda maxi, Rovere Ice maxi, Frassino Decap\u00e8 2 bandes, Doussi\u00e8 2 bandes, Rovere maxi, Rovere White maxi, Rovere Neve maxi, Rovere Ivory maxi, Rovere Grigio maxi, Olmo Invecchiato maxi, Rovere Miele maxi, Olmo Invecchiato maxi, Rovere Tabacco maxi, Rovere Crema maxi. Au total, 13 d\u00e9cors sont disponibles, avec une \u00e9paisseur de 8 mm, une largeur de 194 mm et une longueur de 1 286 mm.  <\/p>\n\n\n\n<p>Nous vous signalons que parmi les collections propos\u00e9es par la marque Vepal <strong>, Vepal Colors <\/strong>a \u00e9t\u00e9 incluse <strong>: <\/strong>une gamme de maxi-lattes en Ch\u00eane d\u00e9roul\u00e9 avec des traitements qui permettent de trouver une solution pour ceux qui cherchent \u00e0 donner une touche de couleur \u00e0 leur sol en bois. Nous reviendrons prochainement sur ce sujet pour le d\u00e9tailler avec des photos et des donn\u00e9es techniques. <\/p>\n\n\n\n<p>En outre, le bambou Maxilistone a \u00e9t\u00e9 retir\u00e9 de la gamme de produits de la marque Vepal.<\/p>\n\n\n\n<p>Visitez le site <a href=\"https:\/\/vepal.it\/\" target=\"_blank\" rel=\"noreferrer noopener\">Vepal.it<\/a> pour tous les d\u00e9tails. Nous vous laissons avec quelques images du catalogue pour vous donner une id\u00e9e de l&rsquo;esprit de la collection Laminati Premium Color. <\/p>\n<\/div>\n<\/div>\n\n\n\n<div class=\"wp-block-column is-layout-flow wp-container-core-column-is-layout-22223934 wp-block-column-is-layout-flow\" style=\"flex-basis:50%\">\n<figure class=\"wp-block-image size-full is-style-default\"><img loading=\"lazy\" decoding=\"async\" width=\"800\" height=\"963\" src=\"https:\/\/www.berti.net\/wp-content\/uploads\/2012\/04\/laminati-premium1.jpg\" alt=\"\" class=\"wp-image-10330\" srcset=\"https:\/\/berti.net\/wp-content\/uploads\/2012\/04\/laminati-premium1.jpg 800w, https:\/\/berti.net\/wp-content\/uploads\/2012\/04\/laminati-premium1-675x812.jpg 675w, https:\/\/berti.net\/wp-content\/uploads\/2012\/04\/laminati-premium1-768x924.jpg 768w\" sizes=\"auto, (max-width: 800px) 100vw, 800px\" \/><\/figure>\n\n\n\n<figure class=\"wp-block-image size-full is-style-default\"><img loading=\"lazy\" decoding=\"async\" width=\"800\" height=\"600\" src=\"https:\/\/www.berti.net\/wp-content\/uploads\/2012\/04\/laminati-premium21.jpg\" alt=\"\" class=\"wp-image-10333\" srcset=\"https:\/\/berti.net\/wp-content\/uploads\/2012\/04\/laminati-premium21.jpg 800w, https:\/\/berti.net\/wp-content\/uploads\/2012\/04\/laminati-premium21-768x576.jpg 768w\" sizes=\"auto, (max-width: 800px) 100vw, 800px\" \/><\/figure>\n\n\n\n<figure class=\"wp-block-image size-full is-style-default\"><img loading=\"lazy\" decoding=\"async\" width=\"800\" height=\"600\" src=\"https:\/\/www.berti.net\/wp-content\/uploads\/2012\/04\/laminati-premium31.jpg\" alt=\"\" class=\"wp-image-10336\" srcset=\"https:\/\/berti.net\/wp-content\/uploads\/2012\/04\/laminati-premium31.jpg 800w, https:\/\/berti.net\/wp-content\/uploads\/2012\/04\/laminati-premium31-768x576.jpg 768w\" sizes=\"auto, (max-width: 800px) 100vw, 800px\" \/><\/figure>\n\n\n\n<figure class=\"wp-block-image size-full is-style-default\"><img loading=\"lazy\" decoding=\"async\" width=\"800\" height=\"600\" src=\"https:\/\/www.berti.net\/wp-content\/uploads\/2012\/04\/laminati-premium41.jpg\" alt=\"\" class=\"wp-image-10339\" srcset=\"https:\/\/berti.net\/wp-content\/uploads\/2012\/04\/laminati-premium41.jpg 800w, https:\/\/berti.net\/wp-content\/uploads\/2012\/04\/laminati-premium41-768x576.jpg 768w\" sizes=\"auto, (max-width: 800px) 100vw, 800px\" \/><\/figure>\n\n\n\n<figure class=\"wp-block-image size-full is-style-default\"><img loading=\"lazy\" decoding=\"async\" width=\"1003\" height=\"600\" src=\"https:\/\/www.berti.net\/wp-content\/uploads\/2012\/04\/laminati-premium51.jpg\" alt=\"\" class=\"wp-image-10342\" srcset=\"https:\/\/berti.net\/wp-content\/uploads\/2012\/04\/laminati-premium51.jpg 1003w, https:\/\/berti.net\/wp-content\/uploads\/2012\/04\/laminati-premium51-812x486.jpg 812w, https:\/\/berti.net\/wp-content\/uploads\/2012\/04\/laminati-premium51-768x459.jpg 768w\" sizes=\"auto, (max-width: 1003px) 100vw, 1003px\" \/><\/figure>\n<\/div>\n<\/div>\n\n\n\n<div class=\"wp-block-group post-categories has-global-padding is-content-justification-left is-layout-constrained wp-container-core-group-is-layout-836d34cb wp-block-group-is-layout-constrained\" style=\"margin-top:var(--wp--preset--spacing--70);font-size:11px\">\n<div class=\"wp-block-group is-content-justification-center is-nowrap is-layout-flex wp-container-core-group-is-layout-60758a6d wp-block-group-is-layout-flex\">\n<p>Magazine \/<\/p>\n\n\n<div class=\"taxonomy-category wp-block-post-terms\"><a href=\"https:\/\/berti.net\/fr\/magazine\/category\/products-fr\/\" rel=\"tag\">Products<\/a><span class=\"wp-block-post-terms__separator\">, <\/span><a href=\"https:\/\/berti.net\/fr\/magazine\/category\/projects-fr\/\" rel=\"tag\">Projects<\/a><\/div><\/div>\n<\/div>\n<\/div>\n\n<p><\/p>\n","protected":false},"excerpt":{"rendered":"<p>La ligne Vepal s&rsquo;enrichit d&rsquo;une nouvelle gamme de produits : la ligne Premium Laminates.<\/p>\n","protected":false},"author":9,"featured_media":10323,"comment_status":"closed","ping_status":"closed","sticky":false,"template":"","format":"standard","meta":{"footnotes":""},"categories":[45,47],"tags":[],"class_list":["post-15396","post","type-post","status-publish","format-standard","has-post-thumbnail","hentry","category-products-fr","category-projects-fr"],"_links":{"self":[{"href":"https:\/\/berti.net\/fr\/wp-json\/wp\/v2\/posts\/15396","targetHints":{"allow":["GET"]}}],"collection":[{"href":"https:\/\/berti.net\/fr\/wp-json\/wp\/v2\/posts"}],"about":[{"href":"https:\/\/berti.net\/fr\/wp-json\/wp\/v2\/types\/post"}],"author":[{"embeddable":true,"href":"https:\/\/berti.net\/fr\/wp-json\/wp\/v2\/users\/9"}],"replies":[{"embeddable":true,"href":"https:\/\/berti.net\/fr\/wp-json\/wp\/v2\/comments?post=15396"}],"version-history":[{"count":2,"href":"https:\/\/berti.net\/fr\/wp-json\/wp\/v2\/posts\/15396\/revisions"}],"predecessor-version":[{"id":21289,"href":"https:\/\/berti.net\/fr\/wp-json\/wp\/v2\/posts\/15396\/revisions\/21289"}],"wp:featuredmedia":[{"embeddable":true,"href":"https:\/\/berti.net\/fr\/wp-json\/wp\/v2\/media\/10323"}],"wp:attachment":[{"href":"https:\/\/berti.net\/fr\/wp-json\/wp\/v2\/media?parent=15396"}],"wp:term":[{"taxonomy":"category","embeddable":true,"href":"https:\/\/berti.net\/fr\/wp-json\/wp\/v2\/categories?post=15396"},{"taxonomy":"post_tag","embeddable":true,"href":"https:\/\/berti.net\/fr\/wp-json\/wp\/v2\/tags?post=15396"}],"curies":[{"name":"wp","href":"https:\/\/api.w.org\/{rel}","templated":true}]}}