{"id":15395,"date":"2012-05-31T13:03:54","date_gmt":"2012-05-31T13:03:54","guid":{"rendered":"https:\/\/www.berti.net\/magazine\/elizabeth-ii-fete-ses-60-ans-de-regne-celebrations-au-chateau-de-windsor\/"},"modified":"2025-05-19T09:34:43","modified_gmt":"2025-05-19T09:34:43","slug":"elizabeth-ii-fete-ses-60-ans-de-regne-celebrations-au-chateau-de-windsor","status":"publish","type":"post","link":"https:\/\/berti.net\/fr\/magazine\/elizabeth-ii-fete-ses-60-ans-de-regne-celebrations-au-chateau-de-windsor\/","title":{"rendered":"Elizabeth II f\u00eate ses 60 ans de r\u00e8gne : c\u00e9l\u00e9brations au ch\u00e2teau de Windsor"},"content":{"rendered":"\n<div class=\"wp-block-group post-detail-pattern is-container has-base-2-color has-contrast-background-color has-text-color has-background has-link-color wp-elements-89edf3d446eaf634e10329f74b542958 has-global-padding is-layout-constrained wp-block-group-is-layout-constrained\" style=\"margin-top:0;margin-bottom:0;padding-top:var(--wp--preset--spacing--70);padding-bottom:var(--wp--preset--spacing--70)\">\n<div class=\"wp-block-columns alignwide is-layout-flex wp-container-core-columns-is-layout-d125203f wp-block-columns-is-layout-flex\" style=\"margin-bottom:var(--wp--preset--spacing--50)\">\n<div class=\"wp-block-column is-vertically-aligned-stretch is-layout-flow wp-block-column-is-layout-flow\" style=\"padding-right:0;flex-basis:50%\">\n<div class=\"wp-block-group is-vertical is-content-justification-stretch is-layout-flex wp-container-core-group-is-layout-e9e70883 wp-block-group-is-layout-flex\" style=\"min-height:100%\">\n<div class=\"wp-block-group post-categories is-nowrap is-layout-flex wp-container-core-group-is-layout-3155b93e wp-block-group-is-layout-flex\" style=\"margin-top:var(--wp--preset--spacing--20);font-size:11px\">\n<p>Magazine \/<\/p>\n\n\n<div class=\"taxonomy-category wp-block-post-terms\"><a href=\"https:\/\/berti.net\/fr\/magazine\/category\/products-fr\/\" rel=\"tag\">Products<\/a><span class=\"wp-block-post-terms__separator\">, <\/span><a href=\"https:\/\/berti.net\/fr\/magazine\/category\/events-fr\/\" rel=\"tag\">Events<\/a><span class=\"wp-block-post-terms__separator\">, <\/span><a href=\"https:\/\/berti.net\/fr\/magazine\/category\/projects-fr\/\" rel=\"tag\">Projects<\/a><\/div><\/div>\n\n\n<div style=\"font-style:normal;font-weight:600;text-transform:uppercase;\" class=\"has-link-color wp-elements-32859cd979b45056895d81c5660c23a0 wp-block-post-date has-text-color has-base-color has-s-font-size\"><time datetime=\"2012-05-31T13:03:54+00:00\">31 mai 2012<\/time><\/div>\n\n\n<h1 class=\"wp-block-heading post-title\"><strong>Elizabeth II<\/strong> f\u00eate ses <strong>60 ans de r\u00e8gne<\/strong>: c\u00e9l\u00e9brations au <strong>ch\u00e2teau de Windsor<\/strong><\/h1>\n\n\n\n<h2 class=\"wp-block-heading post-subtitle\" style=\"margin-bottom:var(--wp--preset--spacing--20)\">Le 2 juin, <strong>\u00c9lisabeth II d&rsquo;Angleterre<\/strong> f\u00eate ses 60 ans de r\u00e8gne, le deuxi\u00e8me plus long de l&rsquo;histoire de la monarchie britannique. Beaucoup de temps s&rsquo;est \u00e9coul\u00e9 depuis le 2 juin 1952, date \u00e0 laquelle Sa Majest\u00e9 Elizabeth a \u00e9t\u00e9 couronn\u00e9e lors d&rsquo;une magnifique c\u00e9r\u00e9monie \u00e0 l&rsquo;abbaye de Westminster, un v\u00e9ritable couronnement chr\u00e9tien.<\/h2>\n\n\n\n<p>L&rsquo;archev\u00eaque c\u00e9l\u00e9brant l&rsquo;\u00e9v\u00e9nement a tenu \u00e0 maintenir le caract\u00e8re m\u00e9di\u00e9val traditionnel de la c\u00e9r\u00e9monie d&rsquo;investiture. N\u00e9anmoins, c&rsquo;\u00e9tait la premi\u00e8re fois que la t\u00e9l\u00e9vision \u00e9tait autoris\u00e9e \u00e0 participer et \u00e0 diffuser des images d&rsquo;un rituel qui est devenu un \u00e9l\u00e9ment de l&rsquo;histoire contemporaine. <\/p>\n\n\n\n<figure class=\"wp-block-image size-full is-style-default\"><img loading=\"lazy\" decoding=\"async\" width=\"417\" height=\"521\" src=\"https:\/\/www.berti.net\/wp-content\/uploads\/2012\/05\/queen-elizabeth.jpg\" alt=\"\" class=\"wp-image-10254\"\/><\/figure>\n\n\n\n<p>Apr\u00e8s le couronnement, elle et Philip ont emm\u00e9nag\u00e9 au palais de Buckingham, dans le centre de Londres. Cependant, comme beaucoup de ses pr\u00e9d\u00e9cesseurs, elle passe beaucoup de temps au <strong>ch\u00e2teau de Windsor<\/strong>, situ\u00e9 dans l&rsquo;ouest de Londres, qui est consid\u00e9r\u00e9 comme la r\u00e9sidence de tous les monarques britanniques. La reine \u00c9lisabeth II choisit souvent de passer de nombreux week-ends de l&rsquo;ann\u00e9e au ch\u00e2teau, qu&rsquo;elle utilise \u00e0 la fois pour des r\u00e9unions d&rsquo;\u00c9tat et des r\u00e9unions priv\u00e9es.  <\/p>\n\n\n\n<figure class=\"wp-block-image size-full is-style-default\"><img loading=\"lazy\" decoding=\"async\" width=\"300\" height=\"224\" src=\"https:\/\/www.berti.net\/wp-content\/uploads\/2012\/05\/il-castello-di-windsor.jpg\" alt=\"\" class=\"wp-image-10258\"\/><\/figure>\n\n\n\n<p><strong>Berti<\/strong> a eu l&rsquo;occasion de <strong>reconstruire le parquet marquet\u00e9<\/strong> d\u00e9cor\u00e9 de motifs et de frises de la Maison Royale, en respectant le parquet original qui avait \u00e9t\u00e9 d\u00e9truit par un incendie en novembre 1992. L&rsquo;usinage <strong>au laser<\/strong> a toujours \u00e9t\u00e9 l&rsquo;une des marques du prestige mondial de Berti, en exploitant les techniques de conception d&rsquo;avant-garde du d\u00e9partement technique de Berti Pavimenti Legno. En plus d&rsquo;avoir \u00e9t\u00e9 la premi\u00e8re \u00e0 utiliser la technologie laser appliqu\u00e9e \u00e0 l&rsquo;incrustation, l&rsquo;entreprise dispose aujourd&rsquo;hui de syst\u00e8mes informatiques avanc\u00e9s et de machines de production sophistiqu\u00e9es qui lui permettent d&rsquo;offrir une vaste gamme de solutions et de cr\u00e9er des sols en bois hautement personnalis\u00e9s qui refl\u00e8tent la personnalit\u00e9 de leurs habitants. Diff\u00e9rents domaines, mais tr\u00e8s polyvalents. M\u00eame pour ceux qui n&rsquo;ont pas de r\u00e9sidence royale comme Elisabeth.    <\/p>\n\n\n\n<figure class=\"wp-block-image size-full is-style-default\"><img loading=\"lazy\" decoding=\"async\" width=\"353\" height=\"500\" src=\"https:\/\/www.berti.net\/wp-content\/uploads\/2012\/05\/6118616496_5c2bafc4de.jpg\" alt=\"\" class=\"wp-image-10261\"\/><figcaption class=\"wp-element-caption\">The Crimson Drawing Room &#8211; Appartements d&rsquo;\u00c9tat au ch\u00e2teau de Windsor Angleterre<\/figcaption><\/figure>\n<\/div>\n<\/div>\n\n\n\n<div class=\"wp-block-column is-layout-flow wp-container-core-column-is-layout-22223934 wp-block-column-is-layout-flow\" style=\"flex-basis:50%\">\n<figure class=\"wp-block-image size-full is-style-default\"><img loading=\"lazy\" decoding=\"async\" width=\"901\" height=\"562\" src=\"https:\/\/www.berti.net\/wp-content\/uploads\/2012\/05\/Schermata-05-2456077-alle-17.05.05.png\" alt=\"\" class=\"wp-image-10264\" srcset=\"https:\/\/berti.net\/wp-content\/uploads\/2012\/05\/Schermata-05-2456077-alle-17.05.05.png 901w, https:\/\/berti.net\/wp-content\/uploads\/2012\/05\/Schermata-05-2456077-alle-17.05.05-812x506.png 812w, https:\/\/berti.net\/wp-content\/uploads\/2012\/05\/Schermata-05-2456077-alle-17.05.05-768x479.png 768w\" sizes=\"auto, (max-width: 901px) 100vw, 901px\" \/><\/figure>\n\n\n\n<p>Dans la perspective des c\u00e9l\u00e9brations du <strong>jubil\u00e9 de diamant<\/strong> de la reine \u00c9lisabeth II, qui culmineront \u00e0 Londres les 2 et 5 juin, de nombreuses marques ont choisi de c\u00e9l\u00e9brer la souveraine britannique en consacrant diverses initiatives \u00e0 l&rsquo;\u00e9v\u00e9nement, des collections de bijoux reprenant le th\u00e8me de la couronne aux spiritueux fins : le secteur du tourisme lui-m\u00eame s&rsquo;est organis\u00e9 en cr\u00e9ant des s\u00e9jours \u00e0 th\u00e8me.<\/p>\n\n\n\n<p>Vous trouverez ci-dessous la <strong>lettre de remerciement<\/strong> de Sa Majest\u00e9 la Reine Elizabeth \u00e0 Giancarlo Berti pour la reconstruction du sol du Crimson Drawing Room au ch\u00e2teau de Windsor :<\/p>\n\n\n\n<figure class=\"wp-block-image size-full is-style-default\"><img loading=\"lazy\" decoding=\"async\" width=\"1800\" height=\"2142\" src=\"https:\/\/www.berti.net\/wp-content\/uploads\/2012\/05\/ringraziamento-elisabetta.jpg\" alt=\"\" class=\"wp-image-10267\" srcset=\"https:\/\/berti.net\/wp-content\/uploads\/2012\/05\/ringraziamento-elisabetta.jpg 1800w, https:\/\/berti.net\/wp-content\/uploads\/2012\/05\/ringraziamento-elisabetta-682x812.jpg 682w, https:\/\/berti.net\/wp-content\/uploads\/2012\/05\/ringraziamento-elisabetta-1613x1920.jpg 1613w, https:\/\/berti.net\/wp-content\/uploads\/2012\/05\/ringraziamento-elisabetta-768x914.jpg 768w, https:\/\/berti.net\/wp-content\/uploads\/2012\/05\/ringraziamento-elisabetta-1291x1536.jpg 1291w, https:\/\/berti.net\/wp-content\/uploads\/2012\/05\/ringraziamento-elisabetta-1721x2048.jpg 1721w\" sizes=\"auto, (max-width: 1800px) 100vw, 1800px\" \/><figcaption class=\"wp-element-caption\">SV-BERTI 6308-15<\/figcaption><\/figure>\n<\/div>\n<\/div>\n\n\n\n<div class=\"wp-block-group post-categories has-global-padding is-content-justification-left is-layout-constrained wp-container-core-group-is-layout-836d34cb wp-block-group-is-layout-constrained\" style=\"margin-top:var(--wp--preset--spacing--70);font-size:11px\">\n<div class=\"wp-block-group is-content-justification-center is-nowrap is-layout-flex wp-container-core-group-is-layout-60758a6d wp-block-group-is-layout-flex\">\n<p>Magazine \/<\/p>\n\n\n<div class=\"taxonomy-category wp-block-post-terms\"><a href=\"https:\/\/berti.net\/fr\/magazine\/category\/products-fr\/\" rel=\"tag\">Products<\/a><span class=\"wp-block-post-terms__separator\">, <\/span><a href=\"https:\/\/berti.net\/fr\/magazine\/category\/events-fr\/\" rel=\"tag\">Events<\/a><span class=\"wp-block-post-terms__separator\">, <\/span><a href=\"https:\/\/berti.net\/fr\/magazine\/category\/projects-fr\/\" rel=\"tag\">Projects<\/a><\/div><\/div>\n<\/div>\n<\/div>\n\n<p><\/p>\n","protected":false},"excerpt":{"rendered":"<p>Le 2 juin, \u00c9lisabeth II d&rsquo;Angleterre f\u00eate ses 60 ans de r\u00e8gne, le deuxi\u00e8me plus long de l&rsquo;histoire de la monarchie britannique.<\/p>\n","protected":false},"author":9,"featured_media":10256,"comment_status":"closed","ping_status":"closed","sticky":false,"template":"","format":"standard","meta":{"footnotes":""},"categories":[45,43,47],"tags":[],"class_list":["post-15395","post","type-post","status-publish","format-standard","has-post-thumbnail","hentry","category-products-fr","category-events-fr","category-projects-fr"],"_links":{"self":[{"href":"https:\/\/berti.net\/fr\/wp-json\/wp\/v2\/posts\/15395","targetHints":{"allow":["GET"]}}],"collection":[{"href":"https:\/\/berti.net\/fr\/wp-json\/wp\/v2\/posts"}],"about":[{"href":"https:\/\/berti.net\/fr\/wp-json\/wp\/v2\/types\/post"}],"author":[{"embeddable":true,"href":"https:\/\/berti.net\/fr\/wp-json\/wp\/v2\/users\/9"}],"replies":[{"embeddable":true,"href":"https:\/\/berti.net\/fr\/wp-json\/wp\/v2\/comments?post=15395"}],"version-history":[{"count":2,"href":"https:\/\/berti.net\/fr\/wp-json\/wp\/v2\/posts\/15395\/revisions"}],"predecessor-version":[{"id":21176,"href":"https:\/\/berti.net\/fr\/wp-json\/wp\/v2\/posts\/15395\/revisions\/21176"}],"wp:featuredmedia":[{"embeddable":true,"href":"https:\/\/berti.net\/fr\/wp-json\/wp\/v2\/media\/10256"}],"wp:attachment":[{"href":"https:\/\/berti.net\/fr\/wp-json\/wp\/v2\/media?parent=15395"}],"wp:term":[{"taxonomy":"category","embeddable":true,"href":"https:\/\/berti.net\/fr\/wp-json\/wp\/v2\/categories?post=15395"},{"taxonomy":"post_tag","embeddable":true,"href":"https:\/\/berti.net\/fr\/wp-json\/wp\/v2\/tags?post=15395"}],"curies":[{"name":"wp","href":"https:\/\/api.w.org\/{rel}","templated":true}]}}