{"id":15387,"date":"2012-03-12T15:39:09","date_gmt":"2012-03-12T15:39:09","guid":{"rendered":"https:\/\/www.berti.net\/magazine\/chatcafe-avec-marco-piva\/"},"modified":"2025-05-19T09:36:51","modified_gmt":"2025-05-19T09:36:51","slug":"chatcafe-avec-marco-piva","status":"publish","type":"post","link":"https:\/\/berti.net\/fr\/magazine\/chatcafe-avec-marco-piva\/","title":{"rendered":"Chat&amp;Caf\u00e9 avec&#8230; Marco Piva"},"content":{"rendered":"\n<div class=\"wp-block-group post-detail-pattern is-container has-base-2-color has-contrast-background-color has-text-color has-background has-link-color wp-elements-b1029336171bdc02e49ed45e632739b0 has-global-padding is-layout-constrained wp-block-group-is-layout-constrained\" style=\"margin-top:0;margin-bottom:0;padding-top:var(--wp--preset--spacing--70);padding-bottom:var(--wp--preset--spacing--70)\">\n<div class=\"wp-block-columns alignwide is-layout-flex wp-container-core-columns-is-layout-d125203f wp-block-columns-is-layout-flex\" style=\"margin-bottom:var(--wp--preset--spacing--50)\">\n<div class=\"wp-block-column is-vertically-aligned-stretch is-layout-flow wp-block-column-is-layout-flow\" style=\"padding-right:0;flex-basis:50%\">\n<div class=\"wp-block-group is-vertical is-content-justification-stretch is-layout-flex wp-container-core-group-is-layout-e9e70883 wp-block-group-is-layout-flex\" style=\"min-height:100%\">\n<div class=\"wp-block-group post-categories is-nowrap is-layout-flex wp-container-core-group-is-layout-3155b93e wp-block-group-is-layout-flex\" style=\"margin-top:var(--wp--preset--spacing--20);font-size:11px\">\n<p>Magazine \/<\/p>\n\n\n<div class=\"taxonomy-category wp-block-post-terms\"><a href=\"https:\/\/berti.net\/fr\/magazine\/category\/products-fr\/\" rel=\"tag\">Products<\/a><span class=\"wp-block-post-terms__separator\">, <\/span><a href=\"https:\/\/berti.net\/fr\/magazine\/category\/projects-fr\/\" rel=\"tag\">Projects<\/a><\/div><\/div>\n\n\n<div style=\"font-style:normal;font-weight:600;text-transform:uppercase;\" class=\"has-link-color wp-elements-32859cd979b45056895d81c5660c23a0 wp-block-post-date has-text-color has-base-color has-s-font-size\"><time datetime=\"2012-03-12T15:39:09+00:00\">12 mars 2012<\/time><\/div>\n\n\n<h1 class=\"wp-block-heading post-title\">Chat&amp;Caf\u00e9 avec&#8230;<strong>Marco Piva<\/strong><\/h1>\n\n\n\n<h2 class=\"wp-block-heading post-subtitle\" style=\"margin-bottom:var(--wp--preset--spacing--20)\"><strong>Marco Piva<\/strong>, dipl\u00f4m\u00e9 de l&rsquo;\u00c9cole polytechnique de Milan, est l&rsquo;un des membres fondateurs de <strong>Studiodada Associati<\/strong>, dont la production est devenue l&rsquo;une des plus repr\u00e9sentatives de la p\u00e9riode du <strong>design radical.<\/strong><\/h2>\n\n\n\n<p>Dans les ann\u00e9es 1980, il ouvre le Studio Marco Piva, dont l&rsquo;activit\u00e9 s&rsquo;\u00e9tend des grands projets architecturaux \u00e0 l&rsquo;architecture d&rsquo;int\u00e9rieur et au design industriel pour de prestigieuses marques de mobilier. Voyageur avant d&rsquo;\u00eatre designer, il \u00e9tudie et cr\u00e9e des solutions de design empreintes de libert\u00e9 stylistique, ses objets sont charg\u00e9s d&rsquo;\u00e9motionnalit\u00e9 et de symbolisme nouveau, les couleurs contrastent avec tout intellectualisme et toute rigidit\u00e9. Il a r\u00e9alis\u00e9 de nombreux projets d&rsquo;architecture et de d\u00e9coration d&rsquo;int\u00e9rieur en Italie et \u00e0 l&rsquo;\u00e9tranger (Japon, Duba\u00ef, Russie). Protagoniste de s\u00e9minaires, de conf\u00e9rences, d&rsquo;expositions et de salons en Italie et \u00e0 l&rsquo;\u00e9tranger, il est l&rsquo;auteur de plusieurs publications et compte \u00e0 son actif de nombreux prix et reconnaissances internationaux.   <\/p>\n\n\n\n<figure class=\"wp-block-image size-full is-style-default\"><img loading=\"lazy\" decoding=\"async\" width=\"350\" height=\"526\" src=\"https:\/\/www.berti.net\/wp-content\/uploads\/2012\/03\/Portrait_Marco-Piva_ok.jpg\" alt=\"\" class=\"wp-image-10366\"\/><\/figure>\n\n\n\n<p><strong>Apr\u00e8s tant de surfaces laqu\u00e9es color\u00e9es, peut-on dire que le bois apparent &#8211; y compris le parquet &#8211; retrouve sa valeur d\u00e9corative dans l&rsquo;am\u00e9nagement int\u00e9rieur ?<\/strong><\/p>\n\n\n\n<p><em>Il y a vraiment un retour \u00e0 l&rsquo;utilisation du bois pour les finitions int\u00e9rieures, pour souligner la beaut\u00e9 du bois. M\u00eame dans le domaine du parquet, on exp\u00e9rimente des formes et des finitions inhabituelles, en fait il y a toute une s\u00e9rie de bois tr\u00e8s inhabituels, tr\u00e8s color\u00e9s, qui ressemblent presque \u00e0 des arcs-en-ciel : tr\u00e8s audacieux, tr\u00e8s forts, pas tr\u00e8s rassurants si l&rsquo;on veut, mais qui pourraient n\u00e9anmoins \u00eatre des pistes \u00e0 suivre pour certains types d&rsquo;espaces ou certains types de clients. Cependant, \u00e0 mon avis personnel, ce sont toujours les essences les plus rassurantes qui l&#8217;emportent, celles dont on conna\u00eet la duret\u00e9 et le type de mat\u00e9riau, et qui donnent donc une certaine garantie d&rsquo;usage et d&rsquo;utilisation. Si, en revanche, il s&rsquo;agit d&rsquo;espaces qui varient beaucoup, comme dans les centres commerciaux ou les am\u00e9nagements, on peut alors oser des combinaisons de couleurs plus audacieuses. Par exemple, dans le domaine de l&rsquo;h\u00f4tellerie, nous avons cr\u00e9\u00e9 des suites d\u00e9di\u00e9es tr\u00e8s sp\u00e9ciales dans lesquelles nous avons exp\u00e9riment\u00e9 le parquet blanc ou propos\u00e9 des vari\u00e9t\u00e9s de bois avec des couleurs froides et contemporaines, ce qui s&rsquo;est av\u00e9r\u00e9 tr\u00e8s int\u00e9ressant. En outre, il existe des s\u00e9ries de bois qui jouent sur la texture des mat\u00e9riaux \u00e0 un niveau tridimensionnel et donnent des perceptions mat\u00e9rielles tr\u00e8s fortes, en particulier lorsque l&rsquo;on marche dessus pieds nus.     <\/em><\/p>\n\n\n\n<p><strong>Un produit aussi sp\u00e9cifique que le parquet peut-il \u00a0\u00bbinterpr\u00e9ter\u00a0\u00bb les tendances stylistiques actuelles ?<\/strong><\/p>\n\n\n\n<p><em>\u00c0 mon avis, la tendance stylistique g\u00e9n\u00e9rale voit d&rsquo;une part l&rsquo;aspect g\u00e9om\u00e9trique comme protagoniste, et donc les lames de parquet tendent \u00e0 \u00eatre de plus en plus importantes (il y a une tendance \u00e0 diff\u00e9rencier les largeurs et les g\u00e9om\u00e9tries), et d&rsquo;autre part la possibilit\u00e9 de contamination entre les diff\u00e9rents mat\u00e9riaux. Ainsi, le parquet peut accueillir des inserts m\u00e9talliques ou d&rsquo;autres mat\u00e9riaux qui rendent la surface riche et rythm\u00e9e, et non plus totalement homog\u00e8ne. Enfin, les couleurs les plus r\u00e9centes et les plus contemporaines se retrouvent dans les parquets \u00e9th\u00e9r\u00e9s, tendant vers le blanc, tr\u00e8s \u00e9pur\u00e9.  <\/em><\/p>\n\n\n\n<figure class=\"wp-block-image size-full is-style-default\"><img loading=\"lazy\" decoding=\"async\" width=\"1181\" height=\"791\" src=\"https:\/\/www.berti.net\/wp-content\/uploads\/2012\/03\/Move-Hotel-3.jpg\" alt=\"\" class=\"wp-image-10369\" srcset=\"https:\/\/berti.net\/wp-content\/uploads\/2012\/03\/Move-Hotel-3.jpg 1181w, https:\/\/berti.net\/wp-content\/uploads\/2012\/03\/Move-Hotel-3-812x544.jpg 812w, https:\/\/berti.net\/wp-content\/uploads\/2012\/03\/Move-Hotel-3-768x514.jpg 768w\" sizes=\"auto, (max-width: 1181px) 100vw, 1181px\" \/><\/figure>\n\n\n\n<p><strong>Le parquet n&rsquo;a-t-il pas de limites dans la maison ? Le bois peut-il aussi conqu\u00e9rir les murs ? <\/strong><\/p>\n\n\n\n<p><em>Le parquet, dans les salles de bains comme dans les cuisines, est une solution assez r\u00e9cente, m\u00eame si nous avons encore tendance \u00e0 utiliser davantage de mat\u00e9riaux tels que le marbre, la c\u00e9ramique, le gr\u00e8s, par souci de propret\u00e9. Cependant, le parquet peut tout \u00e0 fait \u00eatre utilis\u00e9 dans ces pi\u00e8ces, surtout si elles sont contigu\u00ebs au salon et que vous souhaitez favoriser un sentiment de continuit\u00e9 visuelle entre les espaces. Bien entendu, la r\u00e9sistance de l&rsquo;essence doit \u00eatre minutieusement \u00e9tudi\u00e9e, avec des traitements sp\u00e9cifiques si n\u00e9cessaire. Il y a certainement beaucoup de potentiel dans l&rsquo;utilisation des boiseries, et dans nos interventions nous les utilisons souvent pour souligner la richesse et l&rsquo;unicit\u00e9 des projets dans lesquels, de temps en temps, un rev\u00eatement ad hoc est d\u00e9velopp\u00e9, sur la base d&rsquo;un dessin.   <\/em><\/p>\n\n\n\n<figure class=\"wp-block-image size-full is-style-default\"><img loading=\"lazy\" decoding=\"async\" width=\"2000\" height=\"1410\" src=\"https:\/\/www.berti.net\/wp-content\/uploads\/2012\/03\/Iradium_Leaf-2.jpg\" alt=\"\" class=\"wp-image-10372\" srcset=\"https:\/\/berti.net\/wp-content\/uploads\/2012\/03\/Iradium_Leaf-2.jpg 2000w, https:\/\/berti.net\/wp-content\/uploads\/2012\/03\/Iradium_Leaf-2-812x572.jpg 812w, https:\/\/berti.net\/wp-content\/uploads\/2012\/03\/Iradium_Leaf-2-1920x1354.jpg 1920w, https:\/\/berti.net\/wp-content\/uploads\/2012\/03\/Iradium_Leaf-2-768x541.jpg 768w, https:\/\/berti.net\/wp-content\/uploads\/2012\/03\/Iradium_Leaf-2-1536x1083.jpg 1536w\" sizes=\"auto, (max-width: 2000px) 100vw, 2000px\" \/><\/figure>\n\n\n\n<p><strong>Le concept de parquet implique \u00e9galement des consid\u00e9rations \u00e9cologiques, dans quelle mesure pensez-vous qu&rsquo;elles peuvent influencer les choix d&rsquo;achat ?<\/strong><\/p>\n\n\n\n<p><em>La question de l&rsquo;\u00e9co-durabilit\u00e9 est tr\u00e8s pr\u00e9sente aujourd&rsquo;hui et, pour un m\u00eame produit, les gens choisissent les plus respectueux de l&rsquo;environnement. L&rsquo;incidence de la sensibilit\u00e9 \u00e9cologique justifie donc les avantages que les entreprises proposent en mati\u00e8re de durabilit\u00e9. <\/em><\/p>\n\n\n\n<p><em><\/em><strong>Comment \u00e9valuez-vous la formation des nouveaux talents dans le domaine de l&rsquo;architecture et du design et leur relation avec les entreprises ?<\/strong><\/p>\n\n\n\n<p><em>Notre acad\u00e9mie, dans ce domaine, est certainement l&rsquo;une des meilleures reconnues au niveau international. Nos jeunes recrues peuvent b\u00e9n\u00e9ficier d&rsquo;une formation compl\u00e8te et strat\u00e9gique. Malheureusement, force est de constater que la crise actuelle a modifi\u00e9 la relation entre l&rsquo;industrie et les concepteurs. Les industries traversent une p\u00e9riode de grande difficult\u00e9 face \u00e0 un march\u00e9, tant en Italie qu&rsquo;\u00e0 l&rsquo;\u00e9tranger, qui, s&rsquo;il ne s&rsquo;est pas arr\u00eat\u00e9, s&rsquo;est toutefois consid\u00e9rablement ralenti et est devenu tr\u00e8s s\u00e9lectif. C&rsquo;est pourquoi les entreprises les plus qualifi\u00e9es pr\u00e9f\u00e8rent investir dans le travail des designers les plus exp\u00e9riment\u00e9s et les plus connus. L&rsquo;espace pour les jeunes est aujourd&rsquo;hui limit\u00e9 aux vrais talents.     <\/em><\/p>\n\n\n\n<figure class=\"wp-block-image size-full is-style-default\"><img loading=\"lazy\" decoding=\"async\" width=\"950\" height=\"1181\" src=\"https:\/\/www.berti.net\/wp-content\/uploads\/2012\/03\/T-Hotel-1.jpg\" alt=\"\" class=\"wp-image-10375\" srcset=\"https:\/\/berti.net\/wp-content\/uploads\/2012\/03\/T-Hotel-1.jpg 950w, https:\/\/berti.net\/wp-content\/uploads\/2012\/03\/T-Hotel-1-653x812.jpg 653w, https:\/\/berti.net\/wp-content\/uploads\/2012\/03\/T-Hotel-1-768x955.jpg 768w\" sizes=\"auto, (max-width: 950px) 100vw, 950px\" \/><\/figure>\n<\/div>\n<\/div>\n\n\n\n<div class=\"wp-block-column is-layout-flow wp-container-core-column-is-layout-22223934 wp-block-column-is-layout-flow\" style=\"flex-basis:50%\">\n<p><strong>Style individuel et approche globale, qu&rsquo;en pensez-vous ?<\/strong><\/p>\n\n\n\n<p>Aujourd&rsquo;hui, il n&rsquo;y a plus d&rsquo;endroit sur la plan\u00e8te qui n&rsquo;ait \u00e9t\u00e9 d\u00e9couvert. La science efface les distances en quelques heures de vol, en un clic de souris, en un chat sur Skype. Dans mon processus de conception, je me suis toujours r\u00e9f\u00e9r\u00e9 \u00e0 des \u0153uvres d&rsquo;origine \u00e9trang\u00e8re. Il existe de nombreux mod\u00e8les historiques. Cependant, mes r\u00e9f\u00e9rences sont principalement typologiques et organisationnelles, et moins formelles, car je pr\u00e9f\u00e8re exp\u00e9rimenter de temps en temps diff\u00e9rentes solutions en essayant de g\u00e9n\u00e9rer des projets qui combinent des aspects de caract\u00e8re formel avec des aspects de caract\u00e8re technologique. Mon style est bas\u00e9 sur une nouvelle Renaissance, une r\u00e9interpr\u00e9tation de l&rsquo;\u00e9l\u00e9gance avec des touches contemporaines, en mettant l&rsquo;accent sur les mat\u00e9riaux, la recherche et la simplicit\u00e9 des formes.     <\/p>\n\n\n\n<figure class=\"wp-block-image size-full is-style-default\"><img loading=\"lazy\" decoding=\"async\" width=\"1581\" height=\"2000\" src=\"https:\/\/www.berti.net\/wp-content\/uploads\/2012\/03\/Iradium_Wood-1.jpg\" alt=\"\" class=\"wp-image-10378\" srcset=\"https:\/\/berti.net\/wp-content\/uploads\/2012\/03\/Iradium_Wood-1.jpg 1581w, https:\/\/berti.net\/wp-content\/uploads\/2012\/03\/Iradium_Wood-1-642x812.jpg 642w, https:\/\/berti.net\/wp-content\/uploads\/2012\/03\/Iradium_Wood-1-1518x1920.jpg 1518w, https:\/\/berti.net\/wp-content\/uploads\/2012\/03\/Iradium_Wood-1-768x972.jpg 768w, https:\/\/berti.net\/wp-content\/uploads\/2012\/03\/Iradium_Wood-1-1214x1536.jpg 1214w\" sizes=\"auto, (max-width: 1581px) 100vw, 1581px\" \/><\/figure>\n\n\n\n<figure class=\"wp-block-image size-full is-style-default\"><img loading=\"lazy\" decoding=\"async\" width=\"2560\" height=\"1920\" src=\"https:\/\/www.berti.net\/wp-content\/uploads\/2012\/03\/Le-Terrazze-scaled.jpg\" alt=\"\" class=\"wp-image-10383\" srcset=\"https:\/\/berti.net\/wp-content\/uploads\/2012\/03\/Le-Terrazze-scaled.jpg 2560w, https:\/\/berti.net\/wp-content\/uploads\/2012\/03\/Le-Terrazze-812x609.jpg 812w, https:\/\/berti.net\/wp-content\/uploads\/2012\/03\/Le-Terrazze-1920x1440.jpg 1920w, https:\/\/berti.net\/wp-content\/uploads\/2012\/03\/Le-Terrazze-768x576.jpg 768w, https:\/\/berti.net\/wp-content\/uploads\/2012\/03\/Le-Terrazze-1536x1152.jpg 1536w, https:\/\/berti.net\/wp-content\/uploads\/2012\/03\/Le-Terrazze-2048x1536.jpg 2048w\" sizes=\"auto, (max-width: 2560px) 100vw, 2560px\" \/><\/figure>\n\n\n\n<figure class=\"wp-block-image size-full is-style-default\"><img loading=\"lazy\" decoding=\"async\" width=\"1181\" height=\"791\" src=\"https:\/\/www.berti.net\/wp-content\/uploads\/2012\/03\/Move-Hotel-1.jpg\" alt=\"\" class=\"wp-image-10386\" srcset=\"https:\/\/berti.net\/wp-content\/uploads\/2012\/03\/Move-Hotel-1.jpg 1181w, https:\/\/berti.net\/wp-content\/uploads\/2012\/03\/Move-Hotel-1-812x544.jpg 812w, https:\/\/berti.net\/wp-content\/uploads\/2012\/03\/Move-Hotel-1-768x514.jpg 768w\" sizes=\"auto, (max-width: 1181px) 100vw, 1181px\" \/><\/figure>\n\n\n\n<figure class=\"wp-block-image size-full is-style-default\"><img loading=\"lazy\" decoding=\"async\" width=\"1181\" height=\"791\" src=\"https:\/\/www.berti.net\/wp-content\/uploads\/2012\/03\/Move-Hotel-5.jpg\" alt=\"\" class=\"wp-image-10389\" srcset=\"https:\/\/berti.net\/wp-content\/uploads\/2012\/03\/Move-Hotel-5.jpg 1181w, https:\/\/berti.net\/wp-content\/uploads\/2012\/03\/Move-Hotel-5-812x544.jpg 812w, https:\/\/berti.net\/wp-content\/uploads\/2012\/03\/Move-Hotel-5-768x514.jpg 768w\" sizes=\"auto, (max-width: 1181px) 100vw, 1181px\" \/><\/figure>\n\n\n\n<figure class=\"wp-block-image size-full is-style-default\"><img loading=\"lazy\" decoding=\"async\" width=\"1181\" height=\"1602\" src=\"https:\/\/www.berti.net\/wp-content\/uploads\/2012\/03\/T-Hotel-2.jpg\" alt=\"\" class=\"wp-image-10392\" srcset=\"https:\/\/berti.net\/wp-content\/uploads\/2012\/03\/T-Hotel-2.jpg 1181w, https:\/\/berti.net\/wp-content\/uploads\/2012\/03\/T-Hotel-2-599x812.jpg 599w, https:\/\/berti.net\/wp-content\/uploads\/2012\/03\/T-Hotel-2-768x1042.jpg 768w, https:\/\/berti.net\/wp-content\/uploads\/2012\/03\/T-Hotel-2-1132x1536.jpg 1132w\" sizes=\"auto, (max-width: 1181px) 100vw, 1181px\" \/><\/figure>\n\n\n\n<figure class=\"wp-block-image size-full is-style-default\"><img loading=\"lazy\" decoding=\"async\" width=\"2560\" height=\"1707\" src=\"https:\/\/www.berti.net\/wp-content\/uploads\/2012\/03\/T-Hotel-3-scaled.jpg\" alt=\"\" class=\"wp-image-10395\" srcset=\"https:\/\/berti.net\/wp-content\/uploads\/2012\/03\/T-Hotel-3-scaled.jpg 2560w, https:\/\/berti.net\/wp-content\/uploads\/2012\/03\/T-Hotel-3-812x541.jpg 812w, https:\/\/berti.net\/wp-content\/uploads\/2012\/03\/T-Hotel-3-1920x1280.jpg 1920w, https:\/\/berti.net\/wp-content\/uploads\/2012\/03\/T-Hotel-3-768x512.jpg 768w, https:\/\/berti.net\/wp-content\/uploads\/2012\/03\/T-Hotel-3-1536x1024.jpg 1536w, https:\/\/berti.net\/wp-content\/uploads\/2012\/03\/T-Hotel-3-2048x1365.jpg 2048w\" sizes=\"auto, (max-width: 2560px) 100vw, 2560px\" \/><\/figure>\n<\/div>\n<\/div>\n\n\n\n<div class=\"wp-block-group post-categories has-global-padding is-content-justification-left is-layout-constrained wp-container-core-group-is-layout-836d34cb wp-block-group-is-layout-constrained\" style=\"margin-top:var(--wp--preset--spacing--70);font-size:11px\">\n<div class=\"wp-block-group is-content-justification-center is-nowrap is-layout-flex wp-container-core-group-is-layout-60758a6d wp-block-group-is-layout-flex\">\n<p>Magazine \/<\/p>\n\n\n<div class=\"taxonomy-category wp-block-post-terms\"><a href=\"https:\/\/berti.net\/fr\/magazine\/category\/products-fr\/\" rel=\"tag\">Products<\/a><span class=\"wp-block-post-terms__separator\">, <\/span><a href=\"https:\/\/berti.net\/fr\/magazine\/category\/projects-fr\/\" rel=\"tag\">Projects<\/a><\/div><\/div>\n<\/div>\n<\/div>\n\n<p><\/p>\n","protected":false},"excerpt":{"rendered":"<p>Marco Piva, dipl\u00f4m\u00e9 de l&rsquo;\u00c9cole polytechnique de Milan, est l&rsquo;un des membres fondateurs de Studiodada Associati, dont la production est devenue l&rsquo;une des plus repr\u00e9sentatives de la p\u00e9riode du design radical.  <\/p>\n","protected":false},"author":9,"featured_media":10368,"comment_status":"closed","ping_status":"closed","sticky":false,"template":"","format":"standard","meta":{"footnotes":""},"categories":[45,47],"tags":[],"class_list":["post-15387","post","type-post","status-publish","format-standard","has-post-thumbnail","hentry","category-products-fr","category-projects-fr"],"_links":{"self":[{"href":"https:\/\/berti.net\/fr\/wp-json\/wp\/v2\/posts\/15387","targetHints":{"allow":["GET"]}}],"collection":[{"href":"https:\/\/berti.net\/fr\/wp-json\/wp\/v2\/posts"}],"about":[{"href":"https:\/\/berti.net\/fr\/wp-json\/wp\/v2\/types\/post"}],"author":[{"embeddable":true,"href":"https:\/\/berti.net\/fr\/wp-json\/wp\/v2\/users\/9"}],"replies":[{"embeddable":true,"href":"https:\/\/berti.net\/fr\/wp-json\/wp\/v2\/comments?post=15387"}],"version-history":[{"count":2,"href":"https:\/\/berti.net\/fr\/wp-json\/wp\/v2\/posts\/15387\/revisions"}],"predecessor-version":[{"id":21276,"href":"https:\/\/berti.net\/fr\/wp-json\/wp\/v2\/posts\/15387\/revisions\/21276"}],"wp:featuredmedia":[{"embeddable":true,"href":"https:\/\/berti.net\/fr\/wp-json\/wp\/v2\/media\/10368"}],"wp:attachment":[{"href":"https:\/\/berti.net\/fr\/wp-json\/wp\/v2\/media?parent=15387"}],"wp:term":[{"taxonomy":"category","embeddable":true,"href":"https:\/\/berti.net\/fr\/wp-json\/wp\/v2\/categories?post=15387"},{"taxonomy":"post_tag","embeddable":true,"href":"https:\/\/berti.net\/fr\/wp-json\/wp\/v2\/tags?post=15387"}],"curies":[{"name":"wp","href":"https:\/\/api.w.org\/{rel}","templated":true}]}}