{"id":15378,"date":"2012-02-27T16:05:48","date_gmt":"2012-02-27T16:05:48","guid":{"rendered":"https:\/\/www.berti.net\/magazine\/presentation-de-lassociation-mere-teresa\/"},"modified":"2025-05-19T09:36:50","modified_gmt":"2025-05-19T09:36:50","slug":"presentation-de-lassociation-mere-teresa","status":"publish","type":"post","link":"https:\/\/berti.net\/fr\/magazine\/presentation-de-lassociation-mere-teresa\/","title":{"rendered":"Pr\u00e9sentation de l&rsquo;Association M\u00e8re Teresa"},"content":{"rendered":"\n<div class=\"wp-block-group post-detail-pattern is-container has-base-2-color has-contrast-background-color has-text-color has-background has-link-color wp-elements-4ffe3c2c1f9e9c524b5be3df0dd1611c has-global-padding is-layout-constrained wp-block-group-is-layout-constrained\" style=\"margin-top:0;margin-bottom:0;padding-top:var(--wp--preset--spacing--70);padding-bottom:var(--wp--preset--spacing--70)\">\n<div class=\"wp-block-columns alignwide is-layout-flex wp-container-core-columns-is-layout-d125203f wp-block-columns-is-layout-flex\" style=\"margin-bottom:var(--wp--preset--spacing--50)\">\n<div class=\"wp-block-column is-vertically-aligned-stretch is-layout-flow wp-block-column-is-layout-flow\" style=\"padding-right:0;flex-basis:50%\">\n<div class=\"wp-block-group is-vertical is-content-justification-stretch is-layout-flex wp-container-core-group-is-layout-e9e70883 wp-block-group-is-layout-flex\" style=\"min-height:100%\">\n<div class=\"wp-block-group post-categories is-nowrap is-layout-flex wp-container-core-group-is-layout-3155b93e wp-block-group-is-layout-flex\" style=\"margin-top:var(--wp--preset--spacing--20);font-size:11px\">\n<p>Magazine \/<\/p>\n\n\n<div class=\"taxonomy-category wp-block-post-terms\"><a href=\"https:\/\/berti.net\/fr\/magazine\/category\/products-fr\/\" rel=\"tag\">Products<\/a><span class=\"wp-block-post-terms__separator\">, <\/span><a href=\"https:\/\/berti.net\/fr\/magazine\/category\/projects-fr\/\" rel=\"tag\">Projects<\/a><\/div><\/div>\n\n\n<div style=\"font-style:normal;font-weight:600;text-transform:uppercase;\" class=\"has-link-color wp-elements-32859cd979b45056895d81c5660c23a0 wp-block-post-date has-text-color has-base-color has-s-font-size\"><time datetime=\"2012-02-27T16:05:48+00:00\">27 f\u00e9vrier 2012<\/time><\/div>\n\n\n<h1 class=\"wp-block-heading post-title\">Pr\u00e9sentation de l&rsquo;<strong>Association M\u00e8re Teresa<\/strong><\/h1>\n\n\n\n<h2 class=\"wp-block-heading post-subtitle\" style=\"margin-bottom:var(--wp--preset--spacing--20)\">Nous pensons que le moment est venu de donner de plus en plus de visibilit\u00e9 \u00e0 une activit\u00e9 que notre famille et notre entreprise m\u00e8nent depuis des ann\u00e9es, \u00e0 savoir l&rsquo;<strong>Association M\u00e8re Teresa<\/strong>, fond\u00e9e en mars 2004 et port\u00e9e par de nombreuses personnes riches en volont\u00e9 qui ont partag\u00e9 les m\u00eames valeurs que nous.<\/h2>\n\n\n\n<p>L&rsquo;<strong>Association M\u00e8re Teresa<\/strong> a \u00e9t\u00e9 cr\u00e9\u00e9e pour promouvoir la sensibilit\u00e9, dans le but d&rsquo;aider les personnes les plus faibles de notre soci\u00e9t\u00e9, tant au niveau local qu&rsquo;\u00e0 l&rsquo;\u00e9tranger, et pour collaborer avec d&rsquo;autres organisations ou institutions.<\/p>\n\n\n\n<figure class=\"wp-block-image size-full\"><img loading=\"lazy\" decoding=\"async\" width=\"1200\" height=\"900\" src=\"https:\/\/www.berti.net\/wp-content\/uploads\/2012\/02\/P1040135.jpg\" alt=\"\" class=\"wp-image-10410\" srcset=\"https:\/\/berti.net\/wp-content\/uploads\/2012\/02\/P1040135.jpg 1200w, https:\/\/berti.net\/wp-content\/uploads\/2012\/02\/P1040135-812x609.jpg 812w, https:\/\/berti.net\/wp-content\/uploads\/2012\/02\/P1040135-768x576.jpg 768w\" sizes=\"auto, (max-width: 1200px) 100vw, 1200px\" \/><\/figure>\n\n\n\n<p>Pr\u00e8s de huit ans apr\u00e8s sa naissance, M\u00e8re Teresa peut compter sur la contribution de notre <strong>magasin<\/strong>, situ\u00e9 \u00e0 quelques kilom\u00e8tres du si\u00e8ge de Berti. Tout ce qui est expos\u00e9 dans le magasin est donn\u00e9 et le montant total est revers\u00e9 \u00e0 l&rsquo;association caritative sans aucune d\u00e9duction. Le magasin est g\u00e9r\u00e9 par un groupe de b\u00e9n\u00e9voles qui offrent chaque jour un service g\u00e9n\u00e9reux.  <\/p>\n\n\n\n<p>Nous avons lanc\u00e9 <strong>72 adoptions<\/strong> \u00e0 distance au Br\u00e9sil et en Inde, qui sont toujours en cours aujourd&rsquo;hui.<\/p>\n\n\n\n<p>Depuis 2005, nous soutenons une jeune fille de Sierra Leone, <strong>Madu<\/strong>, qui a \u00e9t\u00e9 amen\u00e9e en Italie pour subir une intervention chirurgicale maxillo-faciale majeure parce qu&rsquo;elle ne pouvait pas se nourrir normalement. Elle vit d\u00e9sormais dans une maison familiale en Italie et son \u00e9tat s&rsquo;est am\u00e9lior\u00e9. <\/p>\n\n\n\n<figure class=\"wp-block-image size-full\"><img loading=\"lazy\" decoding=\"async\" width=\"1200\" height=\"906\" src=\"https:\/\/www.berti.net\/wp-content\/uploads\/2012\/02\/01.jpg\" alt=\"\" class=\"wp-image-10413\" srcset=\"https:\/\/berti.net\/wp-content\/uploads\/2012\/02\/01.jpg 1200w, https:\/\/berti.net\/wp-content\/uploads\/2012\/02\/01-812x613.jpg 812w, https:\/\/berti.net\/wp-content\/uploads\/2012\/02\/01-768x580.jpg 768w\" sizes=\"auto, (max-width: 1200px) 100vw, 1200px\" \/><\/figure>\n\n\n\n<p>Il convient \u00e9galement de mentionner notre collaboration avec <strong>CUAMM Doctors with Africa de Padoue<\/strong>, pour la construction en <strong>\u00c9thiopie<\/strong> de trois puits d&rsquo;eau et d&rsquo;un service de p\u00e9diatrie pour la malnutrition infantile, une cause de mortalit\u00e9 \u00e9lev\u00e9e.<\/p>\n\n\n\n<p>Nous versons \u00e9galement une contribution annuelle \u00e0 <strong>Bea Petrape Br\u00e9sil<\/strong> pour la formation et la r\u00e9habilitation des enfants des rues en vue d&rsquo;une vie plus digne.<\/p>\n\n\n\n<p>Depuis 2009, nous soutenons diverses activit\u00e9s des s\u0153urs indiennes de <strong>Calcutta<\/strong>: du d\u00e9jeuner pour les pauvres \u00e0 l&rsquo;occasion de la c\u00e9l\u00e9bration du centenaire de M\u00e8re Teresa, au soutien aux plus d\u00e9munis par la construction d&rsquo;une maison, d&rsquo;un puits et l&rsquo;achat de m\u00e9dicaments et de produits de premi\u00e8re n\u00e9cessit\u00e9.<\/p>\n\n\n\n<figure class=\"wp-block-image size-full\"><img loading=\"lazy\" decoding=\"async\" width=\"800\" height=\"600\" src=\"https:\/\/www.berti.net\/wp-content\/uploads\/2012\/02\/P1130902.jpg\" alt=\"\" class=\"wp-image-10416\" srcset=\"https:\/\/berti.net\/wp-content\/uploads\/2012\/02\/P1130902.jpg 800w, https:\/\/berti.net\/wp-content\/uploads\/2012\/02\/P1130902-768x576.jpg 768w\" sizes=\"auto, (max-width: 800px) 100vw, 800px\" \/><\/figure>\n\n\n\n<p>Une \u00e9glise a \u00e9galement \u00e9t\u00e9 construite en <strong>C\u00f4te d&rsquo;Ivoire <\/strong>et nous avons contribu\u00e9 \u00e0 la construction d&rsquo;une \u00e9cole au <strong>Congo.<\/strong><\/p>\n\n\n\n<p>L&rsquo;association, toujours avec le soutien de la soci\u00e9t\u00e9 <strong>Berti<\/strong>, entretient des relations suivies avec les <strong>coop\u00e9ratives il Graticolato<\/strong> et <strong>Ginestra<\/strong>, qui favorisent l&rsquo;int\u00e9gration sociale et professionnelle des personnes souffrant de handicaps physiques et mentaux et de difficult\u00e9s sociales, en leur fournissant du travail manuel pour la composition de sols sp\u00e9ciaux.<\/p>\n\n\n\n<p>Nous avons fourni du bois pour les chambres d&rsquo;un orphelinat pour femmes qui accueille des orphelins de la guerre de <strong>Bosnie<\/strong> et, dans la m\u00eame r\u00e9gion, nous avons enti\u00e8rement construit la chapelle int\u00e9rieure.<\/p>\n\n\n\n<p>Notre parquet a \u00e9galement pu contribuer au magnifique travail du <strong><a href=\"https:\/\/blog.berti.net\/il-villaggio-solidale-di-mirano\" target=\"_blank\" rel=\"noreferrer noopener\">village solidaire de Mirano<\/a><\/strong>qui regroupe des familles solidaires dans plusieurs appartements et accueille des personnes menac\u00e9es d&rsquo;exclusion sociale.<\/p>\n\n\n\n<p>Pour cette ann\u00e9e, nos projets sont : la construction d&rsquo;une \u00e9cole pour 200 enfants et jeunes en <strong>Sierra Leone<\/strong>; et la construction de quelques cottages pour des familles pauvres qui sont oblig\u00e9es de vivre dans les rues de <strong>Calcutta<\/strong>.<\/p>\n\n\n\n<p>Notre association s&rsquo;engage et garantit le succ\u00e8s des projets, en ayant comme r\u00e9f\u00e9rence des personnes de confiance et la documentation des projets r\u00e9alis\u00e9s. Nous continuerons \u00e0 parler de ce sujet de temps en temps, en esp\u00e9rant que nous impliquerons de nombreuses personnes qui veulent faire le bien \u00e0 travers l&rsquo;Association M\u00e8re Teresa guid\u00e9e par l&rsquo;esprit de s\u00e9rieux, d&rsquo;\u00e9quit\u00e9 et de transparence ! <\/p>\n\n\n\n<p>Tous les dons sont effectu\u00e9s par ch\u00e8que afin que la tra\u00e7abilit\u00e9 de votre contribution puisse \u00eatre v\u00e9rifi\u00e9e \u00e0 tout moment.<\/p>\n\n\n\n<p>Pour toute autre information, veuillez consulter le <a href=\"https:\/\/www.associazionemadreteresa.net\/index_en.html\" target=\"_blank\" rel=\"noopener\">site officiel de l&rsquo;Association.<\/a><\/p>\n<\/div>\n<\/div>\n\n\n\n<div class=\"wp-block-column is-layout-flow wp-container-core-column-is-layout-22223934 wp-block-column-is-layout-flow\" style=\"flex-basis:50%\">\n<figure class=\"wp-block-image size-full\"><img loading=\"lazy\" decoding=\"async\" width=\"1200\" height=\"900\" src=\"https:\/\/www.berti.net\/wp-content\/uploads\/2012\/02\/P1030825.jpg\" alt=\"\" class=\"wp-image-10419\" srcset=\"https:\/\/berti.net\/wp-content\/uploads\/2012\/02\/P1030825.jpg 1200w, https:\/\/berti.net\/wp-content\/uploads\/2012\/02\/P1030825-812x609.jpg 812w, https:\/\/berti.net\/wp-content\/uploads\/2012\/02\/P1030825-768x576.jpg 768w\" sizes=\"auto, (max-width: 1200px) 100vw, 1200px\" \/><\/figure>\n\n\n\n<figure class=\"wp-block-image size-full\"><img loading=\"lazy\" decoding=\"async\" width=\"2048\" height=\"1536\" src=\"https:\/\/www.berti.net\/wp-content\/uploads\/2012\/02\/P1040053.jpg\" alt=\"\" class=\"wp-image-10422\" srcset=\"https:\/\/berti.net\/wp-content\/uploads\/2012\/02\/P1040053.jpg 2048w, https:\/\/berti.net\/wp-content\/uploads\/2012\/02\/P1040053-812x609.jpg 812w, https:\/\/berti.net\/wp-content\/uploads\/2012\/02\/P1040053-1920x1440.jpg 1920w, https:\/\/berti.net\/wp-content\/uploads\/2012\/02\/P1040053-768x576.jpg 768w, https:\/\/berti.net\/wp-content\/uploads\/2012\/02\/P1040053-1536x1152.jpg 1536w\" sizes=\"auto, (max-width: 2048px) 100vw, 2048px\" \/><\/figure>\n\n\n\n<figure class=\"wp-block-image size-full\"><img loading=\"lazy\" decoding=\"async\" width=\"1200\" height=\"900\" src=\"https:\/\/www.berti.net\/wp-content\/uploads\/2012\/02\/P1040108.jpg\" alt=\"\" class=\"wp-image-10425\" srcset=\"https:\/\/berti.net\/wp-content\/uploads\/2012\/02\/P1040108.jpg 1200w, https:\/\/berti.net\/wp-content\/uploads\/2012\/02\/P1040108-812x609.jpg 812w, https:\/\/berti.net\/wp-content\/uploads\/2012\/02\/P1040108-768x576.jpg 768w\" sizes=\"auto, (max-width: 1200px) 100vw, 1200px\" \/><\/figure>\n\n\n\n<figure class=\"wp-block-image size-full\"><img loading=\"lazy\" decoding=\"async\" width=\"1200\" height=\"900\" src=\"https:\/\/www.berti.net\/wp-content\/uploads\/2012\/02\/P1040182.jpg\" alt=\"\" class=\"wp-image-10428\" srcset=\"https:\/\/berti.net\/wp-content\/uploads\/2012\/02\/P1040182.jpg 1200w, https:\/\/berti.net\/wp-content\/uploads\/2012\/02\/P1040182-812x609.jpg 812w, https:\/\/berti.net\/wp-content\/uploads\/2012\/02\/P1040182-768x576.jpg 768w\" sizes=\"auto, (max-width: 1200px) 100vw, 1200px\" \/><\/figure>\n\n\n\n<figure class=\"wp-block-image size-full\"><img loading=\"lazy\" decoding=\"async\" width=\"1200\" height=\"900\" src=\"https:\/\/www.berti.net\/wp-content\/uploads\/2012\/02\/P1040194.jpg\" alt=\"\" class=\"wp-image-10431\" srcset=\"https:\/\/berti.net\/wp-content\/uploads\/2012\/02\/P1040194.jpg 1200w, https:\/\/berti.net\/wp-content\/uploads\/2012\/02\/P1040194-812x609.jpg 812w, https:\/\/berti.net\/wp-content\/uploads\/2012\/02\/P1040194-768x576.jpg 768w\" sizes=\"auto, (max-width: 1200px) 100vw, 1200px\" \/><\/figure>\n\n\n\n<figure class=\"wp-block-image size-full\"><img loading=\"lazy\" decoding=\"async\" width=\"1024\" height=\"768\" src=\"https:\/\/www.berti.net\/wp-content\/uploads\/2012\/02\/UNA-PREGHIERA-PER-TUTTI-NOI-1.jpg\" alt=\"\" class=\"wp-image-10434\" srcset=\"https:\/\/berti.net\/wp-content\/uploads\/2012\/02\/UNA-PREGHIERA-PER-TUTTI-NOI-1.jpg 1024w, https:\/\/berti.net\/wp-content\/uploads\/2012\/02\/UNA-PREGHIERA-PER-TUTTI-NOI-1-812x609.jpg 812w, https:\/\/berti.net\/wp-content\/uploads\/2012\/02\/UNA-PREGHIERA-PER-TUTTI-NOI-1-768x576.jpg 768w\" sizes=\"auto, (max-width: 1024px) 100vw, 1024px\" \/><\/figure>\n\n\n\n<figure class=\"wp-block-image size-full\"><img loading=\"lazy\" decoding=\"async\" width=\"1024\" height=\"768\" src=\"https:\/\/www.berti.net\/wp-content\/uploads\/2012\/02\/1.a-parte-UFFICIO.jpg\" alt=\"\" class=\"wp-image-10437\" srcset=\"https:\/\/berti.net\/wp-content\/uploads\/2012\/02\/1.a-parte-UFFICIO.jpg 1024w, https:\/\/berti.net\/wp-content\/uploads\/2012\/02\/1.a-parte-UFFICIO-812x609.jpg 812w, https:\/\/berti.net\/wp-content\/uploads\/2012\/02\/1.a-parte-UFFICIO-768x576.jpg 768w\" sizes=\"auto, (max-width: 1024px) 100vw, 1024px\" \/><\/figure>\n<\/div>\n<\/div>\n\n\n\n<div class=\"wp-block-group post-categories has-global-padding is-content-justification-left is-layout-constrained wp-container-core-group-is-layout-836d34cb wp-block-group-is-layout-constrained\" style=\"margin-top:var(--wp--preset--spacing--70);font-size:11px\">\n<div class=\"wp-block-group is-content-justification-center is-nowrap is-layout-flex wp-container-core-group-is-layout-60758a6d wp-block-group-is-layout-flex\">\n<p>Magazine \/<\/p>\n\n\n<div class=\"taxonomy-category wp-block-post-terms\"><a href=\"https:\/\/berti.net\/fr\/magazine\/category\/products-fr\/\" rel=\"tag\">Products<\/a><span class=\"wp-block-post-terms__separator\">, <\/span><a href=\"https:\/\/berti.net\/fr\/magazine\/category\/projects-fr\/\" rel=\"tag\">Projects<\/a><\/div><\/div>\n<\/div>\n<\/div>\n\n<p><\/p>\n","protected":false},"excerpt":{"rendered":"<p>Pr\u00e9sentation de l&rsquo;Association M\u00e8re Teresa<\/p>\n","protected":false},"author":9,"featured_media":10412,"comment_status":"closed","ping_status":"closed","sticky":false,"template":"","format":"standard","meta":{"footnotes":""},"categories":[45,47],"tags":[],"class_list":["post-15378","post","type-post","status-publish","format-standard","has-post-thumbnail","hentry","category-products-fr","category-projects-fr"],"_links":{"self":[{"href":"https:\/\/berti.net\/fr\/wp-json\/wp\/v2\/posts\/15378","targetHints":{"allow":["GET"]}}],"collection":[{"href":"https:\/\/berti.net\/fr\/wp-json\/wp\/v2\/posts"}],"about":[{"href":"https:\/\/berti.net\/fr\/wp-json\/wp\/v2\/types\/post"}],"author":[{"embeddable":true,"href":"https:\/\/berti.net\/fr\/wp-json\/wp\/v2\/users\/9"}],"replies":[{"embeddable":true,"href":"https:\/\/berti.net\/fr\/wp-json\/wp\/v2\/comments?post=15378"}],"version-history":[{"count":2,"href":"https:\/\/berti.net\/fr\/wp-json\/wp\/v2\/posts\/15378\/revisions"}],"predecessor-version":[{"id":21275,"href":"https:\/\/berti.net\/fr\/wp-json\/wp\/v2\/posts\/15378\/revisions\/21275"}],"wp:featuredmedia":[{"embeddable":true,"href":"https:\/\/berti.net\/fr\/wp-json\/wp\/v2\/media\/10412"}],"wp:attachment":[{"href":"https:\/\/berti.net\/fr\/wp-json\/wp\/v2\/media?parent=15378"}],"wp:term":[{"taxonomy":"category","embeddable":true,"href":"https:\/\/berti.net\/fr\/wp-json\/wp\/v2\/categories?post=15378"},{"taxonomy":"post_tag","embeddable":true,"href":"https:\/\/berti.net\/fr\/wp-json\/wp\/v2\/tags?post=15378"}],"curies":[{"name":"wp","href":"https:\/\/api.w.org\/{rel}","templated":true}]}}