{"id":15368,"date":"2011-12-05T12:59:32","date_gmt":"2011-12-05T12:59:32","guid":{"rendered":"https:\/\/www.berti.net\/magazine\/de-retour-de-la-foire-deco-de-jeddah\/"},"modified":"2025-05-19T09:36:14","modified_gmt":"2025-05-19T09:36:14","slug":"de-retour-de-la-foire-deco-de-jeddah","status":"publish","type":"post","link":"https:\/\/berti.net\/fr\/magazine\/de-retour-de-la-foire-deco-de-jeddah\/","title":{"rendered":"De retour de la foire d\u00e9co de Jeddah&#8230;"},"content":{"rendered":"\n<div class=\"wp-block-group post-detail-pattern is-container has-base-2-color has-contrast-background-color has-text-color has-background has-link-color wp-elements-c493c72976516116773a2d9b4cf70cb8 has-global-padding is-layout-constrained wp-block-group-is-layout-constrained\" style=\"margin-top:0;margin-bottom:0;padding-top:var(--wp--preset--spacing--70);padding-bottom:var(--wp--preset--spacing--70)\">\n<div class=\"wp-block-columns alignwide is-layout-flex wp-container-core-columns-is-layout-d125203f wp-block-columns-is-layout-flex\" style=\"margin-bottom:var(--wp--preset--spacing--50)\">\n<div class=\"wp-block-column is-vertically-aligned-stretch is-layout-flow wp-block-column-is-layout-flow\" style=\"padding-right:0;flex-basis:50%\">\n<div class=\"wp-block-group is-vertical is-content-justification-stretch is-layout-flex wp-container-core-group-is-layout-e9e70883 wp-block-group-is-layout-flex\" style=\"min-height:100%\">\n<div class=\"wp-block-group post-categories is-nowrap is-layout-flex wp-container-core-group-is-layout-3155b93e wp-block-group-is-layout-flex\" style=\"margin-top:var(--wp--preset--spacing--20);font-size:11px\">\n<p>Magazine \/<\/p>\n\n\n<div class=\"taxonomy-category wp-block-post-terms\"><a href=\"https:\/\/berti.net\/fr\/magazine\/category\/products-fr\/\" rel=\"tag\">Products<\/a><span class=\"wp-block-post-terms__separator\">, <\/span><a href=\"https:\/\/berti.net\/fr\/magazine\/category\/projects-fr\/\" rel=\"tag\">Projects<\/a><\/div><\/div>\n\n\n<div style=\"font-style:normal;font-weight:600;text-transform:uppercase;\" class=\"has-link-color wp-elements-32859cd979b45056895d81c5660c23a0 wp-block-post-date has-text-color has-base-color has-s-font-size\"><time datetime=\"2011-12-05T12:59:32+00:00\">5 d\u00e9cembre 2011<\/time><\/div>\n\n\n<h1 class=\"wp-block-heading post-title\">De retour de la <strong>foire d\u00e9co de<\/strong> <strong>Jeddah<\/strong>&#8230;<\/h1>\n\n\n\n<h2 class=\"wp-block-heading post-subtitle\" style=\"margin-bottom:var(--wp--preset--spacing--20)\">Nous venons de rentrer d&rsquo;une nouvelle belle aventure, chaque exp\u00e9rience \u00e0 l&rsquo;\u00e9tranger nous apprend quelque chose, car on part avec beaucoup d&rsquo;attentes mais surtout de curiosit\u00e9, et on rentre avec une valise pleine d&rsquo;id\u00e9es inattendues et avec une belle liste de nouveaux contacts et de projets \u00e0 r\u00e9aliser.<\/h2>\n\n\n\n<p>Nous nous \u00e9tions d\u00e9j\u00e0 rendus \u00e0 <strong>Jeddah<\/strong> pour la <strong>Deco Fair<\/strong> l&rsquo;ann\u00e9e derni\u00e8re, et c&rsquo;\u00e9tait la deuxi\u00e8me participation de <strong>Berti Pavimenti Legno<\/strong> \u00e0 l&rsquo;importante foire d&rsquo;<strong>Arabie Saoudite<\/strong>. Dans ce contexte, la figure de <strong>Corrado Mulfari<\/strong> de <strong><em>Alkayan Decor <\/em><\/strong> (notre distributeur exclusif pour les pays arabes), v\u00e9ritable <em>trait d&rsquo;union de<\/em> <strong>Berti <\/strong>avec le <strong>monde et le march\u00e9 arabe<\/strong>, en constante \u00e9volution et croissance.  Nous avions d\u00e9j\u00e0 \u00e9voqu\u00e9 cette nouvelle dynamique commerciale il y a quelques mois dans une <strong><a href=\"https:\/\/blog.berti.net\/a-look-into-the-arabic-market\" target=\"_blank\" rel=\"noreferrer noopener\">interview vid\u00e9o<\/a><\/strong>lorsque nous avons re\u00e7u la visite de<strong><em> Rami Bambouk<\/em><\/strong>\u00e9galement de <em><strong>Alkayan Decor<\/strong><\/em>.<\/p>\n\n\n\n<figure class=\"wp-block-image size-full\"><img loading=\"lazy\" decoding=\"async\" width=\"320\" height=\"213\" src=\"https:\/\/www.berti.net\/wp-content\/uploads\/2011\/12\/decofair2011-Berti.jpg\" alt=\"\" class=\"wp-image-10577\"\/><\/figure>\n\n\n\n<p>Le \u00a0\u00bb<strong><em>Salon de la d\u00e9coration et des accessoires pour la maison<\/em><\/strong>\u00a0\u00bb \u00e0 <strong>Jeddahha<\/strong>a accueilli pendant cinq jours plus de<strong> 600 exposants<\/strong> internationaux sur une surface d&rsquo;environ <strong>10 000 m\u00e8tres carr\u00e9s.<\/strong><\/p>\n\n\n\n<p>Autre fait important \u00e0 prendre en compte : <strong>Berti<\/strong>&lsquo;s \u00e9tait la seule pr\u00e9sence italienne dans le secteur des rev\u00eatements de sol en bois \u00e0 la kermesse d&rsquo;Arabie, et c&rsquo;est une raison suppl\u00e9mentaire d&rsquo;\u00eatre fiers de notre travail et de nos strat\u00e9gies commerciales.<\/p>\n\n\n\n<p>En plus d&rsquo;\u00eatre les seuls repr\u00e9sentants du<strong> Made In Italy<\/strong> dans notre secteur sp\u00e9cifique, nous avons pu compter sur la proximit\u00e9 physique de plusieurs marques prestigieuses, avec lesquelles nous avons commenc\u00e9 \u00e0 dialoguer : il s&rsquo;agit de <strong>Missoni<\/strong> <strong>Home, Fendi Casa<\/strong>, <strong>Kenzo Maison<\/strong>, <strong>Jean Paul Gaultier <\/strong>pour<strong> Roche Bobois<\/strong>.<\/p>\n<\/div>\n<\/div>\n\n\n\n<div class=\"wp-block-column is-layout-flow wp-container-core-column-is-layout-22223934 wp-block-column-is-layout-flow\" style=\"flex-basis:50%\">\n<figure class=\"wp-block-embed is-type-video is-provider-youtube wp-block-embed-youtube wp-embed-aspect-16-9 wp-has-aspect-ratio\"><div class=\"wp-block-embed__wrapper\">\n<iframe loading=\"lazy\" title=\"Berti @ Deco Fair 2011\" width=\"500\" height=\"281\" src=\"https:\/\/www.youtube.com\/embed\/xNeTAm5uvfQ?feature=oembed\" frameborder=\"0\" allow=\"accelerometer; autoplay; clipboard-write; encrypted-media; gyroscope; picture-in-picture; web-share\" referrerpolicy=\"strict-origin-when-cross-origin\" allowfullscreen><\/iframe>\n<\/div><\/figure>\n\n\n\n<p>Les march\u00e9s et surtout les cultures diff\u00e9rentes peuvent parfois susciter la peur, simplement parce qu&rsquo;ils ne sont pas familiers. Nous parlons de<strong>\u00a0\u00bbmondialisation<\/strong>\u00a0\u00bb depuis plusieurs ann\u00e9es et pourtant de nombreux clich\u00e9s et id\u00e9es re\u00e7ues persistent. <\/p>\n\n\n\n<p>Affronter un nouveau march\u00e9 signifie avant tout \u00e9tablir des <strong>liens commerciaux, culturels et personnels<\/strong>, dans un r\u00e9seau de plus en plus vaste, dense et d\u00e9structur\u00e9, difficile \u00e0 circonscrire mais de plus en plus riche en possibilit\u00e9s et en surprises, avec la possibilit\u00e9 d&rsquo;une comparaison permanente et l&rsquo;avantage de pouvoir suivre et toucher les tendances les plus actuelles de notre secteur.<\/p>\n\n\n\n<p>Cela dit, nous ne voulons certainement pas nous arr\u00eater maintenant, mais plut\u00f4t accro\u00eetre nos efforts pour continuer dans cette direction !<\/p>\n\n\n\n<p><a href=\"https:\/\/www.flickr.com\/photos\/bertipavimenti\/sets\/72157628230998663\/\" target=\"_blank\" rel=\"noopener\"><strong>CONSULTEZ LA GALERIE D&rsquo;IMAGES DE LA FOIRE D\u00c9CO SUR FLICKR !<\/strong><\/a><\/p>\n<\/div>\n<\/div>\n\n\n\n<div class=\"wp-block-group post-categories has-global-padding is-content-justification-left is-layout-constrained wp-container-core-group-is-layout-836d34cb wp-block-group-is-layout-constrained\" style=\"margin-top:var(--wp--preset--spacing--70);font-size:11px\">\n<div class=\"wp-block-group is-content-justification-center is-nowrap is-layout-flex wp-container-core-group-is-layout-60758a6d wp-block-group-is-layout-flex\">\n<p>Magazine \/<\/p>\n\n\n<div class=\"taxonomy-category wp-block-post-terms\"><a href=\"https:\/\/berti.net\/fr\/magazine\/category\/products-fr\/\" rel=\"tag\">Products<\/a><span class=\"wp-block-post-terms__separator\">, <\/span><a href=\"https:\/\/berti.net\/fr\/magazine\/category\/projects-fr\/\" rel=\"tag\">Projects<\/a><\/div><\/div>\n<\/div>\n<\/div>\n\n<p><\/p>\n","protected":false},"excerpt":{"rendered":"<p>Nous venons de rentrer d&rsquo;une nouvelle belle aventure \u00e0 la Deco Fair de Jeddah.<\/p>\n","protected":false},"author":9,"featured_media":10579,"comment_status":"closed","ping_status":"closed","sticky":false,"template":"","format":"standard","meta":{"footnotes":""},"categories":[45,47],"tags":[],"class_list":["post-15368","post","type-post","status-publish","format-standard","has-post-thumbnail","hentry","category-products-fr","category-projects-fr"],"_links":{"self":[{"href":"https:\/\/berti.net\/fr\/wp-json\/wp\/v2\/posts\/15368","targetHints":{"allow":["GET"]}}],"collection":[{"href":"https:\/\/berti.net\/fr\/wp-json\/wp\/v2\/posts"}],"about":[{"href":"https:\/\/berti.net\/fr\/wp-json\/wp\/v2\/types\/post"}],"author":[{"embeddable":true,"href":"https:\/\/berti.net\/fr\/wp-json\/wp\/v2\/users\/9"}],"replies":[{"embeddable":true,"href":"https:\/\/berti.net\/fr\/wp-json\/wp\/v2\/comments?post=15368"}],"version-history":[{"count":2,"href":"https:\/\/berti.net\/fr\/wp-json\/wp\/v2\/posts\/15368\/revisions"}],"predecessor-version":[{"id":21247,"href":"https:\/\/berti.net\/fr\/wp-json\/wp\/v2\/posts\/15368\/revisions\/21247"}],"wp:featuredmedia":[{"embeddable":true,"href":"https:\/\/berti.net\/fr\/wp-json\/wp\/v2\/media\/10579"}],"wp:attachment":[{"href":"https:\/\/berti.net\/fr\/wp-json\/wp\/v2\/media?parent=15368"}],"wp:term":[{"taxonomy":"category","embeddable":true,"href":"https:\/\/berti.net\/fr\/wp-json\/wp\/v2\/categories?post=15368"},{"taxonomy":"post_tag","embeddable":true,"href":"https:\/\/berti.net\/fr\/wp-json\/wp\/v2\/tags?post=15368"}],"curies":[{"name":"wp","href":"https:\/\/api.w.org\/{rel}","templated":true}]}}