{"id":15367,"date":"2011-10-12T14:08:35","date_gmt":"2011-10-12T14:08:35","guid":{"rendered":"https:\/\/www.berti.net\/magazine\/un-regard-sur-le-marche-arabe\/"},"modified":"2025-05-19T09:37:58","modified_gmt":"2025-05-19T09:37:58","slug":"un-regard-sur-le-marche-arabe","status":"publish","type":"post","link":"https:\/\/berti.net\/fr\/magazine\/un-regard-sur-le-marche-arabe\/","title":{"rendered":"Un regard sur le march\u00e9 arabe"},"content":{"rendered":"\n<div class=\"wp-block-group post-detail-pattern is-container has-base-2-color has-contrast-background-color has-text-color has-background has-link-color wp-elements-55ff10cce600bce1da1b7f0e7f24a6da has-global-padding is-layout-constrained wp-block-group-is-layout-constrained\" style=\"margin-top:0;margin-bottom:0;padding-top:var(--wp--preset--spacing--70);padding-bottom:var(--wp--preset--spacing--70)\">\n<div class=\"wp-block-columns alignwide is-layout-flex wp-container-core-columns-is-layout-d125203f wp-block-columns-is-layout-flex\" style=\"margin-bottom:var(--wp--preset--spacing--50)\">\n<div class=\"wp-block-column is-vertically-aligned-stretch is-layout-flow wp-block-column-is-layout-flow\" style=\"padding-right:0;flex-basis:50%\">\n<div class=\"wp-block-group is-vertical is-content-justification-stretch is-layout-flex wp-container-core-group-is-layout-e9e70883 wp-block-group-is-layout-flex\" style=\"min-height:100%\">\n<div class=\"wp-block-group post-categories is-nowrap is-layout-flex wp-container-core-group-is-layout-3155b93e wp-block-group-is-layout-flex\" style=\"margin-top:var(--wp--preset--spacing--20);font-size:11px\">\n<p>Magazine \/<\/p>\n\n\n<div class=\"taxonomy-category wp-block-post-terms\"><a href=\"https:\/\/berti.net\/fr\/magazine\/category\/products-fr\/\" rel=\"tag\">Products<\/a><span class=\"wp-block-post-terms__separator\">, <\/span><a href=\"https:\/\/berti.net\/fr\/magazine\/category\/projects-fr\/\" rel=\"tag\">Projects<\/a><\/div><\/div>\n\n\n<div style=\"font-style:normal;font-weight:600;text-transform:uppercase;\" class=\"has-link-color wp-elements-32859cd979b45056895d81c5660c23a0 wp-block-post-date has-text-color has-base-color has-s-font-size\"><time datetime=\"2011-10-12T14:08:35+00:00\">12 octobre 2011<\/time><\/div>\n\n\n<h1 class=\"wp-block-heading post-title\">Un regard sur le <strong>march\u00e9 arabe<\/strong><\/h1>\n\n\n\n<h2 class=\"wp-block-heading post-subtitle\" style=\"margin-bottom:var(--wp--preset--spacing--20)\">Nous avons discut\u00e9 avec <strong>Rami Banbouk<\/strong>, directeur des ventes chez Alkayan Decor, notre distributeur exclusif pour les pays arabes.<\/h2>\n\n\n\n<p>Rami, en visite dans nos locaux avec son \u00e9quipe, nous a pr\u00e9sent\u00e9 l&rsquo;\u00e9tat des <em>lieux <\/em>du<strong> march\u00e9 arabe<\/strong>, en expansion continue et rapide, o\u00f9 nous continuons \u00e0 nous implanter de mani\u00e8re de plus en plus concr\u00e8te.<\/p>\n\n\n\n<figure class=\"wp-block-image size-full\"><img loading=\"lazy\" decoding=\"async\" width=\"720\" height=\"538\" src=\"https:\/\/www.berti.net\/wp-content\/uploads\/2011\/10\/arabianmarket02.jpg\" alt=\"\" class=\"wp-image-10622\"\/><\/figure>\n\n\n\n<p>Jusqu&rsquo;\u00e0 pr\u00e9sent, nous nous sommes toujours concentr\u00e9s sur le Moyen-Orient, l&rsquo;<strong> Arabie saoudite<\/strong> en particulier \u00e9tant notre point de r\u00e9f\u00e9rence. Toutefois, \u00e0 l&rsquo;avenir, de nouvelles zones m\u00e9tropolitaines \u00e9mergent. Celles-ci s&rsquo;av\u00e8rent \u00eatre des lieux de grand int\u00e9r\u00eat et d&rsquo;\u00e9norme potentiel. Il s&rsquo;agit du Qatar, de Bahre\u00efn et des \u00c9mirats arabes.   <\/p>\n\n\n\n<p>Comme nous l&rsquo;avons d\u00e9j\u00e0 mentionn\u00e9, nous nous lancerons bient\u00f4t dans une nouvelle aventure arabe : apr\u00e8s <a href=\"https:\/\/www.facebook.com\/media\/set\/?set=a.145618355450262.26692.141722769173154&amp;type=1\" target=\"_blank\" rel=\"noreferrer noopener\">l&rsquo;heureuse exp\u00e9rience de l&rsquo;\u00e9dition de l&rsquo;ann\u00e9e derni\u00e8re,<\/a> nous confirmons notre pr\u00e9sence \u00e0 la<strong> Deco Fair 2011<\/strong> \u00e0 <strong>Jeddah<\/strong> en d\u00e9cembre. Vous pouvez \u00e9galement voir <a href=\"https:\/\/www.facebook.com\/media\/set\/?set=a.283313875014042.79861.141722769173154&amp;type=1\" target=\"_blank\" rel=\"noreferrer noopener\">ici<\/a> un petit \u00a0\u00bbaper\u00e7u\u00a0\u00bb de ce que sera notre stand \u00e0 la Deco Fair, un \u00e9v\u00e9nement qui a toutes les raisons d&rsquo;\u00eatre riche en id\u00e9es, en perspectives et en suggestions.<\/p>\n\n\n\n<p>Nous ne manquerons pas de vous en parler&#8230;<\/p>\n\n\n\n<figure class=\"wp-block-image size-full\"><img loading=\"lazy\" decoding=\"async\" width=\"2560\" height=\"1580\" src=\"https:\/\/www.berti.net\/wp-content\/uploads\/2011\/10\/stand-JEDDAH-2011-scaled.jpg\" alt=\"\" class=\"wp-image-10625\" srcset=\"https:\/\/berti.net\/wp-content\/uploads\/2011\/10\/stand-JEDDAH-2011-scaled.jpg 2560w, https:\/\/berti.net\/wp-content\/uploads\/2011\/10\/stand-JEDDAH-2011-812x501.jpg 812w, https:\/\/berti.net\/wp-content\/uploads\/2011\/10\/stand-JEDDAH-2011-1920x1185.jpg 1920w, https:\/\/berti.net\/wp-content\/uploads\/2011\/10\/stand-JEDDAH-2011-768x474.jpg 768w, https:\/\/berti.net\/wp-content\/uploads\/2011\/10\/stand-JEDDAH-2011-1536x948.jpg 1536w, https:\/\/berti.net\/wp-content\/uploads\/2011\/10\/stand-JEDDAH-2011-2048x1264.jpg 2048w\" sizes=\"auto, (max-width: 2560px) 100vw, 2560px\" \/><\/figure>\n<\/div>\n<\/div>\n\n\n\n<div class=\"wp-block-column is-layout-flow wp-container-core-column-is-layout-22223934 wp-block-column-is-layout-flow\" style=\"flex-basis:50%\">\n<figure class=\"wp-block-embed is-type-video is-provider-youtube wp-block-embed-youtube wp-embed-aspect-16-9 wp-has-aspect-ratio\"><div class=\"wp-block-embed__wrapper\">\n<iframe loading=\"lazy\" title=\"Interview with Rami about Arabian Market\" width=\"500\" height=\"281\" src=\"https:\/\/www.youtube.com\/embed\/tBGLGNfnzxc?feature=oembed\" frameborder=\"0\" allow=\"accelerometer; autoplay; clipboard-write; encrypted-media; gyroscope; picture-in-picture; web-share\" referrerpolicy=\"strict-origin-when-cross-origin\" allowfullscreen><\/iframe>\n<\/div><\/figure>\n<\/div>\n<\/div>\n\n\n\n<div class=\"wp-block-group post-categories has-global-padding is-content-justification-left is-layout-constrained wp-container-core-group-is-layout-836d34cb wp-block-group-is-layout-constrained\" style=\"margin-top:var(--wp--preset--spacing--70);font-size:11px\">\n<div class=\"wp-block-group is-content-justification-center is-nowrap is-layout-flex wp-container-core-group-is-layout-60758a6d wp-block-group-is-layout-flex\">\n<p>Magazine \/<\/p>\n\n\n<div class=\"taxonomy-category wp-block-post-terms\"><a href=\"https:\/\/berti.net\/fr\/magazine\/category\/products-fr\/\" rel=\"tag\">Products<\/a><span class=\"wp-block-post-terms__separator\">, <\/span><a href=\"https:\/\/berti.net\/fr\/magazine\/category\/projects-fr\/\" rel=\"tag\">Projects<\/a><\/div><\/div>\n<\/div>\n<\/div>\n\n<p><\/p>\n","protected":false},"excerpt":{"rendered":"<p>Rami Banbouk, directeur des ventes chez Alkayan Decor, notre distributeur exclusif pour les pays arabes.<\/p>\n","protected":false},"author":9,"featured_media":10624,"comment_status":"closed","ping_status":"closed","sticky":false,"template":"","format":"standard","meta":{"footnotes":""},"categories":[45,47],"tags":[],"class_list":["post-15367","post","type-post","status-publish","format-standard","has-post-thumbnail","hentry","category-products-fr","category-projects-fr"],"_links":{"self":[{"href":"https:\/\/berti.net\/fr\/wp-json\/wp\/v2\/posts\/15367","targetHints":{"allow":["GET"]}}],"collection":[{"href":"https:\/\/berti.net\/fr\/wp-json\/wp\/v2\/posts"}],"about":[{"href":"https:\/\/berti.net\/fr\/wp-json\/wp\/v2\/types\/post"}],"author":[{"embeddable":true,"href":"https:\/\/berti.net\/fr\/wp-json\/wp\/v2\/users\/9"}],"replies":[{"embeddable":true,"href":"https:\/\/berti.net\/fr\/wp-json\/wp\/v2\/comments?post=15367"}],"version-history":[{"count":2,"href":"https:\/\/berti.net\/fr\/wp-json\/wp\/v2\/posts\/15367\/revisions"}],"predecessor-version":[{"id":21329,"href":"https:\/\/berti.net\/fr\/wp-json\/wp\/v2\/posts\/15367\/revisions\/21329"}],"wp:featuredmedia":[{"embeddable":true,"href":"https:\/\/berti.net\/fr\/wp-json\/wp\/v2\/media\/10624"}],"wp:attachment":[{"href":"https:\/\/berti.net\/fr\/wp-json\/wp\/v2\/media?parent=15367"}],"wp:term":[{"taxonomy":"category","embeddable":true,"href":"https:\/\/berti.net\/fr\/wp-json\/wp\/v2\/categories?post=15367"},{"taxonomy":"post_tag","embeddable":true,"href":"https:\/\/berti.net\/fr\/wp-json\/wp\/v2\/tags?post=15367"}],"curies":[{"name":"wp","href":"https:\/\/api.w.org\/{rel}","templated":true}]}}