{"id":15364,"date":"2011-11-11T13:10:58","date_gmt":"2011-11-11T13:10:58","guid":{"rendered":"https:\/\/www.berti.net\/magazine\/parlons-de-durabilite-et-soyons-ouverts-au-dialogue\/"},"modified":"2025-05-19T09:36:14","modified_gmt":"2025-05-19T09:36:14","slug":"parlons-de-durabilite-et-soyons-ouverts-au-dialogue","status":"publish","type":"post","link":"https:\/\/berti.net\/fr\/magazine\/parlons-de-durabilite-et-soyons-ouverts-au-dialogue\/","title":{"rendered":"Parlons de durabilit\u00e9 et soyons ouverts au dialogue !"},"content":{"rendered":"\n<div class=\"wp-block-group post-detail-pattern is-container has-base-2-color has-contrast-background-color has-text-color has-background has-link-color wp-elements-f4432165f573baaf53fa8fa00ed7f319 has-global-padding is-layout-constrained wp-block-group-is-layout-constrained\" style=\"margin-top:0;margin-bottom:0;padding-top:var(--wp--preset--spacing--70);padding-bottom:var(--wp--preset--spacing--70)\">\n<div class=\"wp-block-columns alignwide is-layout-flex wp-container-core-columns-is-layout-d125203f wp-block-columns-is-layout-flex\" style=\"margin-bottom:var(--wp--preset--spacing--50)\">\n<div class=\"wp-block-column is-vertically-aligned-stretch is-layout-flow wp-block-column-is-layout-flow\" style=\"padding-right:0;flex-basis:50%\">\n<div class=\"wp-block-group is-vertical is-content-justification-stretch is-layout-flex wp-container-core-group-is-layout-e9e70883 wp-block-group-is-layout-flex\" style=\"min-height:100%\">\n<div class=\"wp-block-group post-categories is-nowrap is-layout-flex wp-container-core-group-is-layout-3155b93e wp-block-group-is-layout-flex\" style=\"margin-top:var(--wp--preset--spacing--20);font-size:11px\">\n<p>Magazine \/<\/p>\n\n\n<div class=\"taxonomy-category wp-block-post-terms\"><a href=\"https:\/\/berti.net\/fr\/magazine\/category\/products-fr\/\" rel=\"tag\">Products<\/a><span class=\"wp-block-post-terms__separator\">, <\/span><a href=\"https:\/\/berti.net\/fr\/magazine\/category\/projects-fr\/\" rel=\"tag\">Projects<\/a><\/div><\/div>\n\n\n<div style=\"font-style:normal;font-weight:600;text-transform:uppercase;\" class=\"has-link-color wp-elements-32859cd979b45056895d81c5660c23a0 wp-block-post-date has-text-color has-base-color has-s-font-size\"><time datetime=\"2011-11-11T13:10:58+00:00\">11 novembre 2011<\/time><\/div>\n\n\n<h1 class=\"wp-block-heading post-title\">Parlons de <strong>durabilit\u00e9<\/strong> et soyons ouverts au dialogue !<\/h1>\n\n\n\n<h2 class=\"wp-block-heading post-subtitle\" style=\"margin-bottom:var(--wp--preset--spacing--20)\">Au cours de ces mois de grande effervescence, en ligne et hors ligne, nous avons pu constater que la <strong>conversation et le partage<\/strong>, deux pierres angulaires du web et du web social, sont plus vrais que jamais. Alors que les chiffres de nos activit\u00e9s commencent \u00e0 augmenter, un poids sp\u00e9cifique est accord\u00e9 \u00e0 la partie qualitative des interactions qui se produisent chaque jour sur le web. <\/h2>\n\n\n\n<p>Nous nous sommes rendu compte de la rapidit\u00e9 avec laquelle peuvent se d\u00e9clencher des ph\u00e9nom\u00e8nes de partage instantan\u00e9, des cercles vertueux r\u00e9serv\u00e9s non seulement aux initi\u00e9s mais aussi au grand public. Il suffit de penser \u00e0<a href=\"https:\/\/blog.berti.net\/parquet-piu-che-un-ritorno-al-futuro-torniamo-ad-informarci\" target=\"_blank\" rel=\"noreferrer noopener\"> notre article en r\u00e9ponse au Corriere della Sera<\/a>, qui avait fourni des informations erron\u00e9es et superficielles sur certaines pratiques dans notre secteur : pour le dire en termes strictement techniques, il suffit parfois d&rsquo;appuyer sur le<strong><em>hashtag<\/em><\/strong> pour entrer dans les discussions les plus int\u00e9ressantes et les plus visibles. <\/p>\n\n\n\n<figure class=\"wp-block-image size-full\"><img loading=\"lazy\" decoding=\"async\" width=\"480\" height=\"720\" src=\"https:\/\/www.berti.net\/wp-content\/uploads\/2011\/11\/bertiambiente.jpg\" alt=\"\" class=\"wp-image-10583\"\/><\/figure>\n\n\n\n<p>Apr\u00e8s avoir \u00e9largi le champ de notre observatoire en r\u00e9seau, gr\u00e2ce au th\u00e8me du <strong>logement social<\/strong> et \u00e0 l&rsquo;\u00e9v\u00e9nement qui s&rsquo;y rapporte dans le cadre de <strong>Made Expo \u00e0 Milan<\/strong> le mois dernier, nous avons ouvert les yeux sur de nouveaux mod\u00e8les de travail et de conception durables, renforc\u00e9s aussi \u00e0 <a href=\"https:\/\/blog.berti.net\/abitare-il-tempo-nuove-prospettive-per-un%E2%80%99economia-piu-sostenibile\" target=\"_blank\" rel=\"noreferrer noopener\"><strong>Abitare il Tempo \u00e0 V\u00e9rone<\/strong><\/a>o\u00f9 d&rsquo;autres exemples et id\u00e9es concr\u00e8tes d&rsquo;entreprises durables ont \u00e9t\u00e9 propos\u00e9s.<\/p>\n\n\n\n<p>Pr\u00e9cis\u00e9ment, la durabilit\u00e9 est un sujet dont on parle aujourd&rsquo;hui \u00e0 grande vitesse sur le web, surtout en cette p\u00e9riode de crise et d&rsquo;instabilit\u00e9, \u00e9conomique et environnementale surtout, \u00e0 tel point que<strong>le \u00a0\u00bbmarketing vert<\/strong>\u00a0\u00bb est devenu, \u00e0 toutes fins utiles, un domaine plein de contenus, d&rsquo;id\u00e9es et de suggestions, mais aussi de clich\u00e9s.<\/p>\n\n\n\n<p>Tomber dans le pi\u00e8ge du<strong>\u00a0\u00bbgreenwashing<\/strong>\u00a0\u00bb (en pratique, comme l&rsquo;indique Wikipedia, il s&rsquo;agit d&rsquo;une<em>\u00a0\u00bbappropriation injustifi\u00e9e de vertus environnementales par une entreprise<\/em>\u00a0\u00bb) peut \u00eatre l&rsquo;affaire de quelques instants : <strong>\u00e9cologique, durable, biocompatible<\/strong>, autant de concepts grandiloquents qui risquent d&rsquo;\u00eatre vides de sens, voire contre-productifs.<\/p>\n\n\n\n<p>C&rsquo;est pr\u00e9cis\u00e9ment un article sur lequel nous sommes tomb\u00e9s r\u00e9cemment qui nous a fait r\u00e9fl\u00e9chir \u00e0 cette question : les publicit\u00e9s sur le th\u00e8me de l&rsquo;environnement sont diff\u00e9rentes des publicit\u00e9s traditionnelles sur les produits, si un produit est promu parce qu&rsquo;il est moins cher, une v\u00e9rification rapide suffit pour le confirmer, ou si une boisson particuli\u00e8re est indiqu\u00e9e comme \u00e9tant la plus savoureuse par rapport \u00e0 tous les concurrents, quelques euros suffiront pour voir si c&rsquo;est vrai ou non. Mais si nous parlons de ces questions, qu&rsquo;est-ce qui fait vraiment la diff\u00e9rence et comment pouvons-nous v\u00e9rifier la v\u00e9racit\u00e9 de certaines affirmations ? <\/p>\n<\/div>\n<\/div>\n\n\n\n<div class=\"wp-block-column is-layout-flow wp-container-core-column-is-layout-22223934 wp-block-column-is-layout-flow\" style=\"flex-basis:50%\">\n<p>\u00a0\u00bb<strong><em>Comment un consommateur peut-il \u00eatre s\u00fbr que les affirmations d&rsquo;une entreprise, m\u00eame si elles sont vraies, refl\u00e8tent toute l&rsquo;histoire ?<\/em><\/strong> C&rsquo;est l&rsquo;une des objections que nous avons rencontr\u00e9es de la part de ceux qui souhaitent approfondir la question. <\/p>\n\n\n\n<p>Nous souhaitons \u00e9galement utiliser nos moyens et le r\u00e9seau pour conna\u00eetre l&rsquo;avis des consommateurs, des utilisateurs ou plus \u00a0\u00bbhumainement\u00a0\u00bb des personnes, sur le sujet et faire en sorte que tous nos \u00a0\u00bbfollowers\u00a0\u00bb puissent s&rsquo;exprimer sur le sujet.<strong><em>suiveurs<\/em><\/strong>\u00a0\u00bbfollowers\u00a0\u00bb sur le net. Nous aimerions vraiment commencer \u00e0 en parler, mais avec les mots justes et les tons appropri\u00e9s&#8230; ce voyage fascinant commence pour nous maintenant ! <\/p>\n<\/div>\n<\/div>\n\n\n\n<div class=\"wp-block-group post-categories has-global-padding is-content-justification-left is-layout-constrained wp-container-core-group-is-layout-836d34cb wp-block-group-is-layout-constrained\" style=\"margin-top:var(--wp--preset--spacing--70);font-size:11px\">\n<div class=\"wp-block-group is-content-justification-center is-nowrap is-layout-flex wp-container-core-group-is-layout-60758a6d wp-block-group-is-layout-flex\">\n<p>Magazine \/<\/p>\n\n\n<div class=\"taxonomy-category wp-block-post-terms\"><a href=\"https:\/\/berti.net\/fr\/magazine\/category\/products-fr\/\" rel=\"tag\">Products<\/a><span class=\"wp-block-post-terms__separator\">, <\/span><a href=\"https:\/\/berti.net\/fr\/magazine\/category\/projects-fr\/\" rel=\"tag\">Projects<\/a><\/div><\/div>\n<\/div>\n<\/div>\n\n<p><\/p>\n","protected":false},"excerpt":{"rendered":"<p>Parlons de durabilit\u00e9 et soyons ouverts au dialogue<\/p>\n","protected":false},"author":9,"featured_media":10585,"comment_status":"closed","ping_status":"closed","sticky":false,"template":"","format":"standard","meta":{"footnotes":""},"categories":[45,47],"tags":[],"class_list":["post-15364","post","type-post","status-publish","format-standard","has-post-thumbnail","hentry","category-products-fr","category-projects-fr"],"_links":{"self":[{"href":"https:\/\/berti.net\/fr\/wp-json\/wp\/v2\/posts\/15364","targetHints":{"allow":["GET"]}}],"collection":[{"href":"https:\/\/berti.net\/fr\/wp-json\/wp\/v2\/posts"}],"about":[{"href":"https:\/\/berti.net\/fr\/wp-json\/wp\/v2\/types\/post"}],"author":[{"embeddable":true,"href":"https:\/\/berti.net\/fr\/wp-json\/wp\/v2\/users\/9"}],"replies":[{"embeddable":true,"href":"https:\/\/berti.net\/fr\/wp-json\/wp\/v2\/comments?post=15364"}],"version-history":[{"count":2,"href":"https:\/\/berti.net\/fr\/wp-json\/wp\/v2\/posts\/15364\/revisions"}],"predecessor-version":[{"id":21251,"href":"https:\/\/berti.net\/fr\/wp-json\/wp\/v2\/posts\/15364\/revisions\/21251"}],"wp:featuredmedia":[{"embeddable":true,"href":"https:\/\/berti.net\/fr\/wp-json\/wp\/v2\/media\/10585"}],"wp:attachment":[{"href":"https:\/\/berti.net\/fr\/wp-json\/wp\/v2\/media?parent=15364"}],"wp:term":[{"taxonomy":"category","embeddable":true,"href":"https:\/\/berti.net\/fr\/wp-json\/wp\/v2\/categories?post=15364"},{"taxonomy":"post_tag","embeddable":true,"href":"https:\/\/berti.net\/fr\/wp-json\/wp\/v2\/tags?post=15364"}],"curies":[{"name":"wp","href":"https:\/\/api.w.org\/{rel}","templated":true}]}}