{"id":15362,"date":"2011-10-05T14:16:45","date_gmt":"2011-10-05T14:16:45","guid":{"rendered":"https:\/\/www.berti.net\/magazine\/le-village-solidaire-de-mirano\/"},"modified":"2025-05-19T09:37:48","modified_gmt":"2025-05-19T09:37:48","slug":"le-village-solidaire-de-mirano","status":"publish","type":"post","link":"https:\/\/berti.net\/fr\/magazine\/le-village-solidaire-de-mirano\/","title":{"rendered":"Le village solidaire de Mirano"},"content":{"rendered":"\n<div class=\"wp-block-group post-detail-pattern is-container has-base-2-color has-contrast-background-color has-text-color has-background has-link-color wp-elements-1c51de1386d3ebd6e6f703725d55f197 has-global-padding is-layout-constrained wp-block-group-is-layout-constrained\" style=\"margin-top:0;margin-bottom:0;padding-top:var(--wp--preset--spacing--70);padding-bottom:var(--wp--preset--spacing--70)\">\n<div class=\"wp-block-columns alignwide is-layout-flex wp-container-core-columns-is-layout-d125203f wp-block-columns-is-layout-flex\" style=\"margin-bottom:var(--wp--preset--spacing--50)\">\n<div class=\"wp-block-column is-vertically-aligned-stretch is-layout-flow wp-block-column-is-layout-flow\" style=\"padding-right:0;flex-basis:50%\">\n<div class=\"wp-block-group is-vertical is-content-justification-stretch is-layout-flex wp-container-core-group-is-layout-e9e70883 wp-block-group-is-layout-flex\" style=\"min-height:100%\">\n<div class=\"wp-block-group post-categories is-nowrap is-layout-flex wp-container-core-group-is-layout-3155b93e wp-block-group-is-layout-flex\" style=\"margin-top:var(--wp--preset--spacing--20);font-size:11px\">\n<p>Magazine \/<\/p>\n\n\n<div class=\"taxonomy-category wp-block-post-terms\"><a href=\"https:\/\/berti.net\/fr\/magazine\/category\/projects-fr\/\" rel=\"tag\">Projects<\/a><span class=\"wp-block-post-terms__separator\">, <\/span><a href=\"https:\/\/berti.net\/fr\/magazine\/category\/events-fr\/\" rel=\"tag\">Events<\/a><\/div><\/div>\n\n\n<div style=\"font-style:normal;font-weight:600;text-transform:uppercase;\" class=\"has-link-color wp-elements-32859cd979b45056895d81c5660c23a0 wp-block-post-date has-text-color has-base-color has-s-font-size\"><time datetime=\"2011-10-05T14:16:45+00:00\">5 octobre 2011<\/time><\/div>\n\n\n<h1 class=\"wp-block-heading post-title\">Le <strong>village solidaire de<\/strong> Mirano<\/h1>\n\n\n\n<h2 class=\"wp-block-heading post-subtitle\" style=\"margin-bottom:var(--wp--preset--spacing--20)\">Le <strong>village solidaire de Mirano<\/strong> est un projet qui a vu le jour officiellement il y a quelques mois, apr\u00e8s de longs mois de travail de la part des responsables et des organisateurs.<\/h2>\n\n\n\n<p>Dans la petite ville de la province de Venezia, les  <strong>Fondation Cav. Guido Gini Onlus   <\/strong>a construit un centre r\u00e9sidentiel moderne dans le but de cr\u00e9er une communaut\u00e9 qui rassemblerait un \u00e9ventail de personnes souffrant de d\u00e9savantages psychologiques\/physiques et \u00e9conomiques, des mineurs en situation difficile et des familles d\u00e9sireuses de participer \u00e0 la vie de la communaut\u00e9.<\/p>\n\n\n\n<figure class=\"wp-block-image size-full\"><img loading=\"lazy\" decoding=\"async\" width=\"911\" height=\"683\" src=\"https:\/\/www.berti.net\/wp-content\/uploads\/2011\/10\/villaggiosolidale01.jpg\" alt=\"\" class=\"wp-image-10632\" srcset=\"https:\/\/berti.net\/wp-content\/uploads\/2011\/10\/villaggiosolidale01.jpg 911w, https:\/\/berti.net\/wp-content\/uploads\/2011\/10\/villaggiosolidale01-812x609.jpg 812w, https:\/\/berti.net\/wp-content\/uploads\/2011\/10\/villaggiosolidale01-768x576.jpg 768w\" sizes=\"auto, (max-width: 911px) 100vw, 911px\" \/><\/figure>\n\n\n\n<p>Notre contribution a \u00e9t\u00e9 de pouvoir fournir au village ce qui \u00e9tait \u00e9videmment le plus facile pour nous, \u00e0 savoir notre parquet en bois pour rendre les nouvelles habitations encore plus agr\u00e9ables, non seulement d&rsquo;un point de vue esth\u00e9tique mais aussi fonctionnel.<\/p>\n\n\n\n<p>Le Village sera d\u00e9velopp\u00e9 dans le complexe historique de la <strong>Villa Bold\u00f9-Grimani<\/strong>, datant du XIXe si\u00e8cle, sur une surface de 19 000 m\u00e8tres carr\u00e9s, dont 5 000 m\u00e8tres carr\u00e9s d&rsquo;espaces couverts et 14 000 m\u00e8tres carr\u00e9s d&rsquo;espaces verts comprenant des jardins, des terrains de sport et un parc s\u00e9culaire, dont certains sont ouverts au public. Le Village accueillera environ <strong>80 personnes<\/strong>, qui pourront vivre et faire vivre les espaces que le Village leur offre. <\/p>\n\n\n\n<p>Notre soci\u00e9t\u00e9 \u00e9tait directement repr\u00e9sent\u00e9e par <strong>Giancarlo<\/strong> et <strong>Rosanna<\/strong>, qui se sont personnellement impliqu\u00e9s dans l&rsquo;op\u00e9ration et \u00e9taient pr\u00e9sents lors de la soir\u00e9e d&rsquo;inauguration, et \u00e0 qui la direction a r\u00e9serv\u00e9 des mots flatteurs :<\/p>\n\n\n\n<figure class=\"wp-block-image size-full\"><img loading=\"lazy\" decoding=\"async\" width=\"994\" height=\"668\" src=\"https:\/\/www.berti.net\/wp-content\/uploads\/2011\/10\/villaggiosolidale03.jpg\" alt=\"\" class=\"wp-image-10635\" srcset=\"https:\/\/berti.net\/wp-content\/uploads\/2011\/10\/villaggiosolidale03.jpg 994w, https:\/\/berti.net\/wp-content\/uploads\/2011\/10\/villaggiosolidale03-812x546.jpg 812w, https:\/\/berti.net\/wp-content\/uploads\/2011\/10\/villaggiosolidale03-768x516.jpg 768w\" sizes=\"auto, (max-width: 994px) 100vw, 994px\" \/><\/figure>\n\n\n\n<p><em>De la premi\u00e8re rencontre avec Mme Rosanna et M. Giancarlo, aux diverses r\u00e9unions et appels t\u00e9l\u00e9phoniques avec Mme Mariagrazia et le personnel de l&rsquo;entrep\u00f4t et du transport, en passant par la visite des installations par les propri\u00e9taires : ces \u00e9v\u00e9nements nous ont fait d\u00e9couvrir une entreprise tr\u00e8s sp\u00e9ciale. Chacune de ces personnes a fait preuve de gentillesse, de sensibilit\u00e9 et a beaucoup contribu\u00e9 \u00e0 notre initiative. Notre plus grand et plus sinc\u00e8re MERCI \u00e0 l&rsquo;ensemble de <strong>Berti <\/strong>, une entreprise fond\u00e9e sur des valeurs et des personnes !  <\/em><\/p>\n\n\n\n<p>Bien entendu, nous continuerons \u00e0 suivre le d\u00e9veloppement du village de la solidarit\u00e9, en soutenant et en encourageant toutes ses activit\u00e9s. Bravo les gars, continuez comme \u00e7a ! <\/p>\n<\/div>\n<\/div>\n\n\n\n<div class=\"wp-block-column is-layout-flow wp-container-core-column-is-layout-22223934 wp-block-column-is-layout-flow\" style=\"flex-basis:50%\">\n<p><em>Ci-dessous, Giancarlo et Rosanna Berti lors de l&rsquo;inauguration du village en juin dernier.<\/em><\/p>\n\n\n\n<figure class=\"wp-block-image size-full\"><img loading=\"lazy\" decoding=\"async\" width=\"1200\" height=\"796\" src=\"https:\/\/www.berti.net\/wp-content\/uploads\/2011\/10\/villaggiosolidale04.jpg\" alt=\"\" class=\"wp-image-10638\" srcset=\"https:\/\/berti.net\/wp-content\/uploads\/2011\/10\/villaggiosolidale04.jpg 1200w, https:\/\/berti.net\/wp-content\/uploads\/2011\/10\/villaggiosolidale04-812x539.jpg 812w, https:\/\/berti.net\/wp-content\/uploads\/2011\/10\/villaggiosolidale04-768x509.jpg 768w\" sizes=\"auto, (max-width: 1200px) 100vw, 1200px\" \/><\/figure>\n\n\n\n<p><strong>LIENS DE R\u00c9F\u00c9RENCE :<\/strong><br\/><a href=\"https:\/\/www.villaggiosolidale.it\/\" target=\"_blank\" rel=\"noreferrer noopener\">www.villaggiosolidale.it<\/a><\/p>\n<\/div>\n<\/div>\n\n\n\n<div class=\"wp-block-group post-categories has-global-padding is-content-justification-left is-layout-constrained wp-container-core-group-is-layout-836d34cb wp-block-group-is-layout-constrained\" style=\"margin-top:var(--wp--preset--spacing--70);font-size:11px\">\n<div class=\"wp-block-group is-content-justification-center is-nowrap is-layout-flex wp-container-core-group-is-layout-60758a6d wp-block-group-is-layout-flex\">\n<p>Magazine \/<\/p>\n\n\n<div class=\"taxonomy-category wp-block-post-terms\"><a href=\"https:\/\/berti.net\/fr\/magazine\/category\/projects-fr\/\" rel=\"tag\">Projects<\/a><span class=\"wp-block-post-terms__separator\">, <\/span><a href=\"https:\/\/berti.net\/fr\/magazine\/category\/events-fr\/\" rel=\"tag\">Events<\/a><\/div><\/div>\n<\/div>\n<\/div>\n\n<p><\/p>\n","protected":false},"excerpt":{"rendered":"<p>Le village solidaire de Mirano est un projet qui a vu le jour officiellement il y a quelques mois, apr\u00e8s de longs mois de travail de la part des responsables et des organisateurs.<\/p>\n","protected":false},"author":9,"featured_media":10634,"comment_status":"closed","ping_status":"closed","sticky":false,"template":"","format":"standard","meta":{"footnotes":""},"categories":[47,43],"tags":[],"class_list":["post-15362","post","type-post","status-publish","format-standard","has-post-thumbnail","hentry","category-projects-fr","category-events-fr"],"_links":{"self":[{"href":"https:\/\/berti.net\/fr\/wp-json\/wp\/v2\/posts\/15362","targetHints":{"allow":["GET"]}}],"collection":[{"href":"https:\/\/berti.net\/fr\/wp-json\/wp\/v2\/posts"}],"about":[{"href":"https:\/\/berti.net\/fr\/wp-json\/wp\/v2\/types\/post"}],"author":[{"embeddable":true,"href":"https:\/\/berti.net\/fr\/wp-json\/wp\/v2\/users\/9"}],"replies":[{"embeddable":true,"href":"https:\/\/berti.net\/fr\/wp-json\/wp\/v2\/comments?post=15362"}],"version-history":[{"count":4,"href":"https:\/\/berti.net\/fr\/wp-json\/wp\/v2\/posts\/15362\/revisions"}],"predecessor-version":[{"id":21324,"href":"https:\/\/berti.net\/fr\/wp-json\/wp\/v2\/posts\/15362\/revisions\/21324"}],"wp:featuredmedia":[{"embeddable":true,"href":"https:\/\/berti.net\/fr\/wp-json\/wp\/v2\/media\/10634"}],"wp:attachment":[{"href":"https:\/\/berti.net\/fr\/wp-json\/wp\/v2\/media?parent=15362"}],"wp:term":[{"taxonomy":"category","embeddable":true,"href":"https:\/\/berti.net\/fr\/wp-json\/wp\/v2\/categories?post=15362"},{"taxonomy":"post_tag","embeddable":true,"href":"https:\/\/berti.net\/fr\/wp-json\/wp\/v2\/tags?post=15362"}],"curies":[{"name":"wp","href":"https:\/\/api.w.org\/{rel}","templated":true}]}}