{"id":15358,"date":"2011-09-26T14:26:48","date_gmt":"2011-09-26T14:26:48","guid":{"rendered":"https:\/\/www.berti.net\/magazine\/le-nouveau-concept-de-logement-social-a-made-expo-a-milan\/"},"modified":"2025-05-19T09:37:48","modified_gmt":"2025-05-19T09:37:48","slug":"le-nouveau-concept-de-logement-social-a-made-expo-a-milan","status":"publish","type":"post","link":"https:\/\/berti.net\/fr\/magazine\/le-nouveau-concept-de-logement-social-a-made-expo-a-milan\/","title":{"rendered":"Le nouveau concept de \u00a0\u00bblogement social\u00a0\u00bb \u00e0 Made Expo \u00e0 Milan"},"content":{"rendered":"\n<div class=\"wp-block-group post-detail-pattern is-container has-base-2-color has-contrast-background-color has-text-color has-background has-link-color wp-elements-a7d25d9ca7dae72dbd23d148c79e26e0 has-global-padding is-layout-constrained wp-block-group-is-layout-constrained\" style=\"margin-top:0;margin-bottom:0;padding-top:var(--wp--preset--spacing--70);padding-bottom:var(--wp--preset--spacing--70)\">\n<div class=\"wp-block-columns alignwide is-layout-flex wp-container-core-columns-is-layout-d125203f wp-block-columns-is-layout-flex\" style=\"margin-bottom:var(--wp--preset--spacing--50)\">\n<div class=\"wp-block-column is-vertically-aligned-stretch is-layout-flow wp-block-column-is-layout-flow\" style=\"padding-right:0;flex-basis:50%\">\n<div class=\"wp-block-group is-vertical is-content-justification-stretch is-layout-flex wp-container-core-group-is-layout-e9e70883 wp-block-group-is-layout-flex\" style=\"min-height:100%\">\n<div class=\"wp-block-group post-categories is-nowrap is-layout-flex wp-container-core-group-is-layout-3155b93e wp-block-group-is-layout-flex\" style=\"margin-top:var(--wp--preset--spacing--20);font-size:11px\">\n<p>Magazine \/<\/p>\n\n\n<div class=\"taxonomy-category wp-block-post-terms\"><a href=\"https:\/\/berti.net\/fr\/magazine\/category\/projects-fr\/\" rel=\"tag\">Projects<\/a><span class=\"wp-block-post-terms__separator\">, <\/span><a href=\"https:\/\/berti.net\/fr\/magazine\/category\/products-fr\/\" rel=\"tag\">Products<\/a><\/div><\/div>\n\n\n<div style=\"font-style:normal;font-weight:600;text-transform:uppercase;\" class=\"has-link-color wp-elements-32859cd979b45056895d81c5660c23a0 wp-block-post-date has-text-color has-base-color has-s-font-size\"><time datetime=\"2011-09-26T14:26:48+00:00\">26 septembre 2011<\/time><\/div>\n\n\n<h1 class=\"wp-block-heading post-title\">Le nouveau concept de<strong>\u00a0\u00bblogement social<\/strong>\u00a0\u00bb \u00e0 <strong>Made Expo<\/strong> \u00e0 Milan<\/h1>\n\n\n\n<h2 class=\"wp-block-heading post-subtitle\" style=\"margin-bottom:var(--wp--preset--spacing--20)\">En cet automne riche en rendez-vous, nous avons commenc\u00e9 par une excellente exp\u00e9rience au <strong>Cersaie de Bologne<\/strong> en compagnie de <strong>Jacuzzi <\/strong>et nous nous pr\u00e9parons maintenant \u00e0 vivre une exp\u00e9rience similaire mais dans un contexte diff\u00e9rent : \u00e0 <strong>Made Expo<\/strong> de Milan, pr\u00e9vue du 5 au 8 octobre, nous serons pr\u00e9sents au sein d&rsquo;une exposition th\u00e9matique afin de cr\u00e9er de nouvelles suggestions d&rsquo;habitation.<\/h2>\n\n\n\n<figure class=\"wp-block-image size-full\"><img loading=\"lazy\" decoding=\"async\" width=\"546\" height=\"720\" src=\"https:\/\/www.berti.net\/wp-content\/uploads\/2011\/09\/SocialHomeDesign.jpg\" alt=\"\" class=\"wp-image-10645\"\/><\/figure>\n\n\n\n<p>Il s&rsquo;agit de l&rsquo;exposition <a href=\"https:\/\/www.madeexpo.it\/it\/eventi_social.php\" target=\"_blank\" rel=\"noreferrer noopener\">\u00a0\u00bb<strong><em>Social Home Design, Living the Future<\/em><\/strong><\/a> \u00a0\u00bb &#8211; un projet r\u00e9alis\u00e9 par <strong>Carlo Matthey<\/strong> de <strong>My Exhibition<\/strong> en collaboration avec <strong>Federlegnoarredo<\/strong> et <strong>Made Expo<\/strong> &#8211; install\u00e9e dans le hall 7 et consacr\u00e9e \u00e0 un th\u00e8me d&rsquo;actualit\u00e9 qui deviendra central dans le d\u00e9veloppement de la construction r\u00e9sidentielle : les solutions techniques et durables pour la construction de logements de qualit\u00e9 \u00e0 bas prix, c&rsquo;est-\u00e0-dire les logements sociaux, qui devraient \u00eatre une destination importante pour les investissements &#8211; publics et priv\u00e9s &#8211; dans un avenir proche.<\/p>\n\n\n\n<p>Une opportunit\u00e9 qui verra la g\u00e9n\u00e9ration d&rsquo;un nouveau <strong>paysage urbain<\/strong> et de nouveaux modes de vie dans lesquels le design et la qualit\u00e9 des mat\u00e9riaux peuvent d\u00e9fier les exigences \u00e9nerg\u00e9tiques et environnementales dans le cadre de param\u00e8tres \u00e9conomiques accessibles. Un grand test dans lequel les synergies entre l&rsquo;enveloppe architecturale, les mat\u00e9riaux, les syst\u00e8mes et les finitions devront dialoguer selon des langages coh\u00e9rents et hautement professionnels. <strong>Architectes, techniciens et fabricants<\/strong> s&rsquo;associeront pour r\u00e9pondre aux besoins futurs en mati\u00e8re de logement et de r\u00e9am\u00e9nagement du territoire. <\/p>\n\n\n\n<p>L&rsquo;exposition se pr\u00e9sente donc comme l&rsquo;un des premiers \u00a0\u00bblaboratoires\u00a0\u00bb permettant de comparer et d&rsquo;exp\u00e9rimenter des <strong>id\u00e9es, des concepts et des solutions<\/strong> et d&rsquo;attirer l&rsquo;attention sur un sujet aussi vaste et sp\u00e9cifique \u00e0 la fois.<\/p>\n\n\n\n<p>\u00a0\u00bb<strong><em>Social Home Design, Living the Future<\/em><\/strong>\u00a0\u00bbs&rsquo;\u00e9tend sur une surface de 1 000 m\u00e8tres carr\u00e9s et accueille diverses installations d&rsquo;exposition sign\u00e9es par des noms faisant autorit\u00e9 sur la sc\u00e8ne de l&rsquo;architecture et du design, r\u00e9alis\u00e9es avec des produits principalement <strong>fabriqu\u00e9s en Italie<\/strong>.<\/p>\n\n\n\n<p>En particulier, le projet<a href=\"https:\/\/www.spa-design.it\/installazioni.php?section=installazioni&amp;id_evento=RE009608&amp;id=RE009711\" target=\"_blank\" rel=\"noreferrer noopener\">\u00a0\u00bb<strong><em>Rinascimento<\/em><\/strong>\u00a0\u00bb <\/a>, sign\u00e9 par le studio de l&rsquo;architecte et designer <strong>Marco Piva<\/strong>, actif en Italie et \u00e0 l&rsquo;\u00e9tranger, accueillera nos produits dans le cadre d&rsquo;une autre op\u00e9ration de co-branding avec <strong>Jacuzzi<\/strong>, pour lequel le m\u00eame Piva a r\u00e9cemment r\u00e9alis\u00e9 les projets suivants <strong><em>Moove<\/em><\/strong>une s\u00e9rie compl\u00e8te et coordonn\u00e9e de produits pour la salle de bains.<\/p>\n<\/div>\n<\/div>\n\n\n\n<div class=\"wp-block-column is-layout-flow wp-container-core-column-is-layout-22223934 wp-block-column-is-layout-flow\" style=\"flex-basis:50%\">\n<figure class=\"wp-block-image size-full\"><img loading=\"lazy\" decoding=\"async\" width=\"615\" height=\"400\" src=\"https:\/\/www.berti.net\/wp-content\/uploads\/2011\/09\/Rinascmento.jpg\" alt=\"\" class=\"wp-image-10648\"\/><\/figure>\n\n\n\n<p>Marco Piva lui-m\u00eame explique son projet en ces termes :<em>\u00a0\u00bbUn nouveau mod\u00e8le d&rsquo;habitation, qui fait r\u00e9f\u00e9rence aux technologies de production industrielle pour favoriser la ma\u00eetrise des co\u00fbts de construction, des temps de transport et d&rsquo;installation, en garantissant un niveau \u00e9lev\u00e9 de durabilit\u00e9 : des solutions techniques capables de r\u00e9duire l&rsquo;impact environnemental et la consommation d&rsquo;\u00e9nergie, l&rsquo;utilisation rationnelle des \u00e9nergies naturelles renouvelables et la r\u00e9cup\u00e9ration des ressources non renouvelables<\/em>\u00a0\u00bb.<\/p>\n\n\n\n<p>Pour nous aussi, cette initiative repr\u00e9sente un nouveau moment de d\u00e9veloppement, pour renforcer les synergies d\u00e9j\u00e0 en place et continuer \u00e0 exp\u00e9rimenter concr\u00e8tement des solutions avanc\u00e9es et innovantes, riches non seulement en suggestions mais aussi en implications pratiques pour l&rsquo;\u00e9conomie actuelle et future.<\/p>\n<\/div>\n<\/div>\n\n\n\n<div class=\"wp-block-group post-categories has-global-padding is-content-justification-left is-layout-constrained wp-container-core-group-is-layout-836d34cb wp-block-group-is-layout-constrained\" style=\"margin-top:var(--wp--preset--spacing--70);font-size:11px\">\n<div class=\"wp-block-group is-content-justification-center is-nowrap is-layout-flex wp-container-core-group-is-layout-60758a6d wp-block-group-is-layout-flex\">\n<p>Magazine \/<\/p>\n\n\n<div class=\"taxonomy-category wp-block-post-terms\"><a href=\"https:\/\/berti.net\/fr\/magazine\/category\/projects-fr\/\" rel=\"tag\">Projects<\/a><span class=\"wp-block-post-terms__separator\">, <\/span><a href=\"https:\/\/berti.net\/fr\/magazine\/category\/products-fr\/\" rel=\"tag\">Products<\/a><\/div><\/div>\n<\/div>\n<\/div>\n\n<p><\/p>\n","protected":false},"excerpt":{"rendered":"<p>Le nouveau concept de \u00a0\u00bblogement social\u00a0\u00bb \u00e0 Made Expo \u00e0 Milan<\/p>\n","protected":false},"author":9,"featured_media":10647,"comment_status":"closed","ping_status":"closed","sticky":false,"template":"","format":"standard","meta":{"footnotes":""},"categories":[47,45],"tags":[],"class_list":["post-15358","post","type-post","status-publish","format-standard","has-post-thumbnail","hentry","category-projects-fr","category-products-fr"],"_links":{"self":[{"href":"https:\/\/berti.net\/fr\/wp-json\/wp\/v2\/posts\/15358","targetHints":{"allow":["GET"]}}],"collection":[{"href":"https:\/\/berti.net\/fr\/wp-json\/wp\/v2\/posts"}],"about":[{"href":"https:\/\/berti.net\/fr\/wp-json\/wp\/v2\/types\/post"}],"author":[{"embeddable":true,"href":"https:\/\/berti.net\/fr\/wp-json\/wp\/v2\/users\/9"}],"replies":[{"embeddable":true,"href":"https:\/\/berti.net\/fr\/wp-json\/wp\/v2\/comments?post=15358"}],"version-history":[{"count":2,"href":"https:\/\/berti.net\/fr\/wp-json\/wp\/v2\/posts\/15358\/revisions"}],"predecessor-version":[{"id":21318,"href":"https:\/\/berti.net\/fr\/wp-json\/wp\/v2\/posts\/15358\/revisions\/21318"}],"wp:featuredmedia":[{"embeddable":true,"href":"https:\/\/berti.net\/fr\/wp-json\/wp\/v2\/media\/10647"}],"wp:attachment":[{"href":"https:\/\/berti.net\/fr\/wp-json\/wp\/v2\/media?parent=15358"}],"wp:term":[{"taxonomy":"category","embeddable":true,"href":"https:\/\/berti.net\/fr\/wp-json\/wp\/v2\/categories?post=15358"},{"taxonomy":"post_tag","embeddable":true,"href":"https:\/\/berti.net\/fr\/wp-json\/wp\/v2\/tags?post=15358"}],"curies":[{"name":"wp","href":"https:\/\/api.w.org\/{rel}","templated":true}]}}