{"id":15356,"date":"2011-10-21T13:24:42","date_gmt":"2011-10-21T13:24:42","guid":{"rendered":"https:\/\/www.berti.net\/magazine\/habiter-le-temps-de-nouvelles-perspectives-pour-une-economie-plus-durable\/"},"modified":"2025-05-19T09:37:57","modified_gmt":"2025-05-19T09:37:57","slug":"habiter-le-temps-de-nouvelles-perspectives-pour-une-economie-plus-durable","status":"publish","type":"post","link":"https:\/\/berti.net\/fr\/magazine\/habiter-le-temps-de-nouvelles-perspectives-pour-une-economie-plus-durable\/","title":{"rendered":"Habiter le temps : de nouvelles perspectives pour une \u00e9conomie plus durable"},"content":{"rendered":"\n<div class=\"wp-block-group post-detail-pattern is-container has-base-2-color has-contrast-background-color has-text-color has-background has-link-color wp-elements-884745e7eaf1e24f669b351887ec1a53 has-global-padding is-layout-constrained wp-block-group-is-layout-constrained\" style=\"margin-top:0;margin-bottom:0;padding-top:var(--wp--preset--spacing--70);padding-bottom:var(--wp--preset--spacing--70)\">\n<div class=\"wp-block-columns alignwide is-layout-flex wp-container-core-columns-is-layout-d125203f wp-block-columns-is-layout-flex\" style=\"margin-bottom:var(--wp--preset--spacing--50)\">\n<div class=\"wp-block-column is-vertically-aligned-stretch is-layout-flow wp-block-column-is-layout-flow\" style=\"padding-right:0;flex-basis:50%\">\n<div class=\"wp-block-group is-vertical is-content-justification-stretch is-layout-flex wp-container-core-group-is-layout-e9e70883 wp-block-group-is-layout-flex\" style=\"min-height:100%\">\n<div class=\"wp-block-group post-categories is-nowrap is-layout-flex wp-container-core-group-is-layout-3155b93e wp-block-group-is-layout-flex\" style=\"margin-top:var(--wp--preset--spacing--20);font-size:11px\">\n<p>Magazine \/<\/p>\n\n\n<div class=\"taxonomy-category wp-block-post-terms\"><a href=\"https:\/\/berti.net\/fr\/magazine\/category\/products-fr\/\" rel=\"tag\">Products<\/a><span class=\"wp-block-post-terms__separator\">, <\/span><a href=\"https:\/\/berti.net\/fr\/magazine\/category\/projects-fr\/\" rel=\"tag\">Projects<\/a><\/div><\/div>\n\n\n<div style=\"font-style:normal;font-weight:600;text-transform:uppercase;\" class=\"has-link-color wp-elements-32859cd979b45056895d81c5660c23a0 wp-block-post-date has-text-color has-base-color has-s-font-size\"><time datetime=\"2011-10-21T13:24:42+00:00\">21 octobre 2011<\/time><\/div>\n\n\n<h1 class=\"wp-block-heading post-title\"><strong>Habiter le temps<\/strong>: de nouvelles perspectives pour une<strong>\u00e9conomie plus durable<\/strong><\/h1>\n\n\n\n<h2 class=\"wp-block-heading post-subtitle\" style=\"margin-bottom:var(--wp--preset--spacing--20)\">L&rsquo;\u00e9dition 2011 du <strong>projet Abitare il Tempo 100%<\/strong>, organis\u00e9 par Veronafiere en partenariat avec Federmobili, a \u00e9t\u00e9 compl\u00e8tement remani\u00e9e.<\/h2>\n\n\n\n<figure class=\"wp-block-image size-full\"><img loading=\"lazy\" decoding=\"async\" width=\"795\" height=\"625\" src=\"https:\/\/www.berti.net\/wp-content\/uploads\/2011\/10\/workshop-abitare-il-tempo.jpg\" alt=\"\" class=\"wp-image-10602\" srcset=\"https:\/\/berti.net\/wp-content\/uploads\/2011\/10\/workshop-abitare-il-tempo.jpg 795w, https:\/\/berti.net\/wp-content\/uploads\/2011\/10\/workshop-abitare-il-tempo-768x604.jpg 768w\" sizes=\"auto, (max-width: 795px) 100vw, 795px\" \/><\/figure>\n\n\n\n<p>Devenir le point de rencontre de la distribution ind\u00e9pendante \u00e0 la recherche d&rsquo;information, de formation, de communication, de services <strong>, de nouvelles gammes de produits, de cr\u00e9ativit\u00e9 et de formats de distribution innovants.<\/strong> Une v\u00e9ritable convention de la distribution de meubles soutenue par un programme complet d&rsquo;\u00e9v\u00e9nements qui comprend d&rsquo;importants ateliers \u00e0 caract\u00e8re tr\u00e8s pratique, dans lesquels sont abord\u00e9s des sujets \u00e9troitement li\u00e9s aux op\u00e9rations du d\u00e9taillant de meubles. <\/p>\n\n\n\n<p>Nous \u00e9tions nous aussi pr\u00e9sents au salon ces jours-ci, mais en tant que simples spectateurs curieux, et avons assist\u00e9 \u00e0 plusieurs r\u00e9unions int\u00e9ressantes. L&rsquo;un des s\u00e9minaires programm\u00e9s, intitul\u00e9 \u00a0\u00bbLe nouveau consommateur va-t-il nous vendre quelque chose ?<strong><em>Le nouveau consommateur nous vendra-t-il quelque chose ?<\/em><\/strong>\u00a0\u00bb, con\u00e7u par <a href=\"https:\/\/www.sharazad.com\/\" target=\"_blank\" rel=\"noreferrer noopener\"><strong>Sharazad<\/strong><\/a>a mis en \u00e9vidence comment une nouvelle dimension culturelle, combin\u00e9e \u00e0 une crise des paradigmes \u00e9conomiques que l&rsquo;on croyait infaillibles et \u00e0 la consolidation des technologies sociales, provoque l&rsquo;\u00e9mergence d&rsquo;un nouveau type de consommateur. <\/p>\n\n\n\n<figure class=\"wp-block-image size-full\"><img loading=\"lazy\" decoding=\"async\" width=\"838\" height=\"615\" src=\"https:\/\/www.berti.net\/wp-content\/uploads\/2011\/10\/etsy.png\" alt=\"\" class=\"wp-image-10605\" srcset=\"https:\/\/berti.net\/wp-content\/uploads\/2011\/10\/etsy.png 838w, https:\/\/berti.net\/wp-content\/uploads\/2011\/10\/etsy-812x596.png 812w, https:\/\/berti.net\/wp-content\/uploads\/2011\/10\/etsy-768x564.png 768w\" sizes=\"auto, (max-width: 838px) 100vw, 838px\" \/><\/figure>\n\n\n\n<p>La pr\u00e9sentation du dossier est exemplaire <a href=\"https:\/\/www.etsy.com\/\" target=\"_blank\" rel=\"noreferrer noopener\"><em><strong>etsy.com<\/strong><\/em><\/a>le site de commerce \u00e9lectronique qui rassemble la plus grande communaut\u00e9 d&rsquo;acheteurs et de vendeurs de produits faits main sur le web. Contrairement \u00e0 e-bay, Etsy est une plateforme qui filtre les contenus \u00e0 l&rsquo;entr\u00e9e, exigeant des commer\u00e7ants qu&rsquo;ils suivent des r\u00e8gles pr\u00e9cises sur la pr\u00e9sentation photographique des biens propos\u00e9s. Depuis 2009, il existe \u00e9galement un blog italien non officiel appel\u00e9 \u00a0\u00bbEtsy Italia Team\u00a0\u00bb, qui se pr\u00e9sente comme la premi\u00e8re \u00e9quipe cr\u00e9\u00e9e par des vendeurs italiens dans le but de s&rsquo;entraider par le biais de discussions. L&rsquo;objectif ultime est de fournir des r\u00e9ponses aux doutes et aux probl\u00e8mes, ainsi qu&rsquo;une avalanche d&rsquo;id\u00e9es pour des activit\u00e9s promotionnelles \u00e0 l&rsquo;int\u00e9rieur ou \u00e0 l&rsquo;ext\u00e9rieur d&rsquo;Etsy.   <\/p>\n\n\n\n<p>En outre, une aide est apport\u00e9e pour comprendre le fonctionnement du commerce en ligne et pour am\u00e9liorer sa propre boutique (conseils sur la mani\u00e8re de prendre des photos, de d\u00e9cider des prix, de r\u00e9diger des descriptions, etc.<br\/>Une autre plateforme int\u00e9ressante pr\u00e9sent\u00e9e lors de la conf\u00e9rence est la \u00a0\u00bbSemaine du design durable\u00a0\u00bb.<strong><em>Semaine du design durable<\/em><\/strong>\u00a0\u00bbqui se veut un projet culturel et de communication visant \u00e0 am\u00e9liorer la diffusion du design \u00e9co-durable. Il s&rsquo;agit d&rsquo;un m\u00e9ta-conteneur qui rassemble une s\u00e9rie d&rsquo;initiatives visant \u00e0 impliquer et \u00e0 sensibiliser les consommateurs et les op\u00e9rateurs du secteur aux questions de design et de durabilit\u00e9 environnementale. <\/p>\n<\/div>\n<\/div>\n\n\n\n<div class=\"wp-block-column is-layout-flow wp-container-core-column-is-layout-22223934 wp-block-column-is-layout-flow\" style=\"flex-basis:50%\">\n<figure class=\"wp-block-image size-full\"><img loading=\"lazy\" decoding=\"async\" width=\"284\" height=\"179\" src=\"https:\/\/www.berti.net\/wp-content\/uploads\/2011\/10\/Abitareiltempo2011.png\" alt=\"\" class=\"wp-image-10608\"\/><\/figure>\n\n\n\n<p>Enfin, quatre cas d&rsquo;<strong>entreprise<\/strong> r\u00e9ussis ont \u00e9t\u00e9 pr\u00e9sent\u00e9s : <strong><a href=\"https:\/\/www.amplificatoreculturale.it\/\" target=\"_blank\" rel=\"noreferrer noopener\">Amplificatoreculturale.it <\/a><\/strong>dirig\u00e9 par Matteo Zamboni, <a href=\"https:\/\/www.reverselab.it\/\" target=\"_blank\" rel=\"noreferrer noopener\"><strong>reverselab.it<\/strong><\/a>pr\u00e9sent\u00e9 par Federica Collato, la petite entreprise de V\u00e9rone <strong><a href=\"https:\/\/www.lounge-tek.com\/\" target=\"_blank\" rel=\"noreferrer noopener\">lounge-tek.com<\/a><\/strong> e <strong><a href=\"https:\/\/www.pensierifattiamano.it\/\" target=\"_blank\" rel=\"noreferrer noopener\">pensierifattiamano.it<\/a><\/strong>con\u00e7u par Maria Cristina Pizzato.<\/p>\n\n\n\n<p>L&rsquo;essentiel du discours de cette heure pleine de sens et d&rsquo;id\u00e9es est contenu dans la pr\u00e9sentation de l&rsquo;atelier, qui cherche \u00e0 esquisser les traits caract\u00e9ristiques de ces nouveaux consommateurs, qui seront les v\u00e9ritables prototypes du futur march\u00e9, <em>\u00a0\u00bbdes personnes qui non seulement consomment de mani\u00e8re anormale, en recherchant le sens et l&rsquo;implication, mais red\u00e9couvrent la dimension de la fabrication, dans une optique de<strong> durabilit\u00e9<\/strong>, et comment, par le biais de <strong>plateformes habilitantes<\/strong> et du <strong>commerce \u00e9lectronique social,<\/strong> elles pr\u00e9sentent leur cr\u00e9neau de qualit\u00e9 et d&rsquo;unicit\u00e9 au march\u00e9 international\u00a0\u00bb.<\/em><\/p>\n<\/div>\n<\/div>\n\n\n\n<div class=\"wp-block-group post-categories has-global-padding is-content-justification-left is-layout-constrained wp-container-core-group-is-layout-836d34cb wp-block-group-is-layout-constrained\" style=\"margin-top:var(--wp--preset--spacing--70);font-size:11px\">\n<div class=\"wp-block-group is-content-justification-center is-nowrap is-layout-flex wp-container-core-group-is-layout-60758a6d wp-block-group-is-layout-flex\">\n<p>Magazine \/<\/p>\n\n\n<div class=\"taxonomy-category wp-block-post-terms\"><a href=\"https:\/\/berti.net\/fr\/magazine\/category\/products-fr\/\" rel=\"tag\">Products<\/a><span class=\"wp-block-post-terms__separator\">, <\/span><a href=\"https:\/\/berti.net\/fr\/magazine\/category\/projects-fr\/\" rel=\"tag\">Projects<\/a><\/div><\/div>\n<\/div>\n<\/div>\n\n<p><\/p>\n","protected":false},"excerpt":{"rendered":"<p>\u00c9dition 2011 du projet Abitare il Tempo 100%.<\/p>\n","protected":false},"author":9,"featured_media":10604,"comment_status":"closed","ping_status":"closed","sticky":false,"template":"","format":"standard","meta":{"footnotes":""},"categories":[45,47],"tags":[],"class_list":["post-15356","post","type-post","status-publish","format-standard","has-post-thumbnail","hentry","category-products-fr","category-projects-fr"],"_links":{"self":[{"href":"https:\/\/berti.net\/fr\/wp-json\/wp\/v2\/posts\/15356","targetHints":{"allow":["GET"]}}],"collection":[{"href":"https:\/\/berti.net\/fr\/wp-json\/wp\/v2\/posts"}],"about":[{"href":"https:\/\/berti.net\/fr\/wp-json\/wp\/v2\/types\/post"}],"author":[{"embeddable":true,"href":"https:\/\/berti.net\/fr\/wp-json\/wp\/v2\/users\/9"}],"replies":[{"embeddable":true,"href":"https:\/\/berti.net\/fr\/wp-json\/wp\/v2\/comments?post=15356"}],"version-history":[{"count":2,"href":"https:\/\/berti.net\/fr\/wp-json\/wp\/v2\/posts\/15356\/revisions"}],"predecessor-version":[{"id":21332,"href":"https:\/\/berti.net\/fr\/wp-json\/wp\/v2\/posts\/15356\/revisions\/21332"}],"wp:featuredmedia":[{"embeddable":true,"href":"https:\/\/berti.net\/fr\/wp-json\/wp\/v2\/media\/10604"}],"wp:attachment":[{"href":"https:\/\/berti.net\/fr\/wp-json\/wp\/v2\/media?parent=15356"}],"wp:term":[{"taxonomy":"category","embeddable":true,"href":"https:\/\/berti.net\/fr\/wp-json\/wp\/v2\/categories?post=15356"},{"taxonomy":"post_tag","embeddable":true,"href":"https:\/\/berti.net\/fr\/wp-json\/wp\/v2\/tags?post=15356"}],"curies":[{"name":"wp","href":"https:\/\/api.w.org\/{rel}","templated":true}]}}