{"id":15352,"date":"2011-10-19T13:27:06","date_gmt":"2011-10-19T13:27:06","guid":{"rendered":"https:\/\/www.berti.net\/magazine\/parquet-plus-quun-retour-vers-le-futur-informons-nous\/"},"modified":"2025-05-19T09:37:59","modified_gmt":"2025-05-19T09:37:59","slug":"parquet-plus-quun-retour-vers-le-futur-informons-nous","status":"publish","type":"post","link":"https:\/\/berti.net\/fr\/magazine\/parquet-plus-quun-retour-vers-le-futur-informons-nous\/","title":{"rendered":"PARQUET : Plus qu&rsquo;un retour vers le futur, informons-nous !"},"content":{"rendered":"\n<div class=\"wp-block-group post-detail-pattern is-container has-base-2-color has-contrast-background-color has-text-color has-background has-link-color wp-elements-fd0cf73741d7db382c95953de3c20cba has-global-padding is-layout-constrained wp-block-group-is-layout-constrained\" style=\"margin-top:0;margin-bottom:0;padding-top:var(--wp--preset--spacing--70);padding-bottom:var(--wp--preset--spacing--70)\">\n<div class=\"wp-block-columns alignwide is-layout-flex wp-container-core-columns-is-layout-d125203f wp-block-columns-is-layout-flex\" style=\"margin-bottom:var(--wp--preset--spacing--50)\">\n<div class=\"wp-block-column is-vertically-aligned-stretch is-layout-flow wp-block-column-is-layout-flow\" style=\"padding-right:0;flex-basis:50%\">\n<div class=\"wp-block-group is-vertical is-content-justification-stretch is-layout-flex wp-container-core-group-is-layout-e9e70883 wp-block-group-is-layout-flex\" style=\"min-height:100%\">\n<div class=\"wp-block-group post-categories is-nowrap is-layout-flex wp-container-core-group-is-layout-3155b93e wp-block-group-is-layout-flex\" style=\"margin-top:var(--wp--preset--spacing--20);font-size:11px\">\n<p>Magazine \/<\/p>\n\n\n<div class=\"taxonomy-category wp-block-post-terms\"><a href=\"https:\/\/berti.net\/fr\/magazine\/category\/products-fr\/\" rel=\"tag\">Products<\/a><span class=\"wp-block-post-terms__separator\">, <\/span><a href=\"https:\/\/berti.net\/fr\/magazine\/category\/projects-fr\/\" rel=\"tag\">Projects<\/a><\/div><\/div>\n\n\n<div style=\"font-style:normal;font-weight:600;text-transform:uppercase;\" class=\"has-link-color wp-elements-32859cd979b45056895d81c5660c23a0 wp-block-post-date has-text-color has-base-color has-s-font-size\"><time datetime=\"2011-10-19T13:27:06+00:00\">19 octobre 2011<\/time><\/div>\n\n\n<h1 class=\"wp-block-heading post-title\"><strong>PARQUET<\/strong>: Plus qu&rsquo;un retour vers le futur, informons-nous !<\/h1>\n\n\n\n<h2 class=\"wp-block-heading post-subtitle\" style=\"margin-bottom:var(--wp--preset--spacing--20)\">Le <strong>Corriere della Sera<\/strong> a r\u00e9cemment abord\u00e9 le th\u00e8me du <strong>parquet<\/strong>: dans son \u00e9dition du 15 octobre 2011, \u00e0 la page 37, vous pouvez lire un article intitul\u00e9 : <strong>\u00a0\u00bb<a href=\"https:\/\/archiviostorico.corriere.it\/2011\/ottobre\/15\/Parquet_ritorno_futuro_co_9_111015034.shtml\" target=\"_blank\" rel=\"noreferrer noopener\">Parquet, retour vers le futur<\/a>\u00a0\u00bb.<\/strong><\/h2>\n\n\n\n<p>Il est agr\u00e9able que les rev\u00eatements de sol en bois soient mis en avant dans un journal national. Ce qui nous r\u00e9jouit moins, c&rsquo;est de voir le sujet trait\u00e9 en mettant en \u00e9vidence des donn\u00e9es erron\u00e9es. <\/p>\n\n\n\n<figure class=\"wp-block-image size-full\"><img loading=\"lazy\" decoding=\"async\" width=\"1810\" height=\"2560\" src=\"https:\/\/www.berti.net\/wp-content\/uploads\/2011\/10\/parquet-ritorno-al-futuro-scaled.jpg\" alt=\"\" class=\"wp-image-10613\" srcset=\"https:\/\/berti.net\/wp-content\/uploads\/2011\/10\/parquet-ritorno-al-futuro-scaled.jpg 1810w, https:\/\/berti.net\/wp-content\/uploads\/2011\/10\/parquet-ritorno-al-futuro-574x812.jpg 574w, https:\/\/berti.net\/wp-content\/uploads\/2011\/10\/parquet-ritorno-al-futuro-1357x1920.jpg 1357w, https:\/\/berti.net\/wp-content\/uploads\/2011\/10\/parquet-ritorno-al-futuro-768x1086.jpg 768w, https:\/\/berti.net\/wp-content\/uploads\/2011\/10\/parquet-ritorno-al-futuro-1086x1536.jpg 1086w, https:\/\/berti.net\/wp-content\/uploads\/2011\/10\/parquet-ritorno-al-futuro-1448x2048.jpg 1448w\" sizes=\"auto, (max-width: 1810px) 100vw, 1810px\" \/><\/figure>\n\n\n\n<p>En particulier, deux points doivent \u00eatre clarifi\u00e9s.<\/p>\n\n\n\n<p>Lorsque l&rsquo;on parle des <strong>types de parquet<\/strong>, on fait la distinction entre le <a href=\"https:\/\/www.berti.net\/#\/faq\/tecniche\/che-differenza-ce-tra-parquet-tradizionale-e-prefinito_it_0_5_824.html\" target=\"_blank\" rel=\"noreferrer noopener\">parquet traditionnel (bois massif) et le parquet pr\u00e9fini<\/a>. En ce qui concerne le <strong>parquet<\/strong> pr\u00e9fini, il y a une grave erreur concernant l&rsquo;\u00e9paisseur de la couche sup\u00e9rieure. Un parquet pr\u00e9fini est constitu\u00e9 de lames de bois massif qui forment la couche sup\u00e9rieure de chaque \u00e9l\u00e9ment appel\u00e9 couche de marche ou couche noble, reposant sur une couche plus importante qui sert de support.  <\/p>\n\n\n\n<p>Pour pouvoir parler de <strong>parquet<\/strong>, selon les normes UNI EN 13489, il faut que la couche noble du plancher ait une \u00e9paisseur non inf\u00e9rieure \u00e0 2,5 mm. Si l&rsquo;\u00e9paisseur du bois noble est inf\u00e9rieure \u00e0 2,5 mm, on ne peut pas parler de parquet. <\/p>\n\n\n\n<p>Un autre conseil erron\u00e9 est donn\u00e9 concernant la compatibilit\u00e9 des parquets et des sols en bois avec les syst\u00e8mes de <strong>chauffage<\/strong> par le sol. Comme indiqu\u00e9 dans les normes en vigueur et dans la section FAQ de notre site web<a href=\"https:\/\/www.berti.net\/#\/faq\/generiche\/il-parquet-e-compatibile-con-il-sistema-di-riscaldamento-a-pavimento_it_0_5_1103.html\" target=\"_blank\" rel=\"noreferrer noopener\">(Le parquet est-il compatible avec les syst\u00e8mes de chauffage par le sol ?<\/a>), les sols en bois ne pr\u00e9sentent aucune contre-indication en cas d&rsquo;installation d&rsquo;un syst\u00e8me de chauffage par le sol. Tous les parquets pr\u00e9finis peuvent \u00eatre install\u00e9s sur des syst\u00e8mes de chauffage par le sol, car ils ont un support multicouche d\u00e9coup\u00e9 en plusieurs parties, ce qui permet \u00e0 la chaleur de se r\u00e9pandre uniform\u00e9ment sur toute la surface. Gr\u00e2ce \u00e0 l&rsquo;innovation technologique, les techniques de construction des parquets permettent de compter sur un produit qui conserve sa stabilit\u00e9.   <\/p>\n\n\n\n<p>Il ne s&rsquo;agit pas de pol\u00e9miquer, mais seulement de signaler les inexactitudes et de permettre au consommateur d&rsquo;avoir une vision et une connaissance claires du parquet.<\/p>\n<\/div>\n<\/div>\n\n\n\n<div class=\"wp-block-column is-layout-flow wp-container-core-column-is-layout-22223934 wp-block-column-is-layout-flow\" style=\"flex-basis:50%\">\n<figure class=\"wp-block-image size-full\"><img loading=\"lazy\" decoding=\"async\" width=\"1016\" height=\"764\" src=\"https:\/\/www.berti.net\/wp-content\/uploads\/2011\/10\/scheda-prodotto.png\" alt=\"\" class=\"wp-image-10616\" srcset=\"https:\/\/berti.net\/wp-content\/uploads\/2011\/10\/scheda-prodotto.png 1016w, https:\/\/berti.net\/wp-content\/uploads\/2011\/10\/scheda-prodotto-812x611.png 812w, https:\/\/berti.net\/wp-content\/uploads\/2011\/10\/scheda-prodotto-768x578.png 768w\" sizes=\"auto, (max-width: 1016px) 100vw, 1016px\" \/><\/figure>\n\n\n\n<p>Berti consid\u00e8re la \u00a0\u00bbformation\u00a0\u00bb et la diffusion d&rsquo;<strong>informations techniques <\/strong>comme l&rsquo;une des activit\u00e9s strat\u00e9giques les plus importantes. Non seulement notre r\u00e9seau de vente conna\u00eet les produits et leurs caract\u00e9ristiques, mais les clients peuvent \u00e9galement avoir acc\u00e8s \u00e0 des informations qui leur permettent d&rsquo;\u00e9valuer et de prendre des d\u00e9cisions en connaissance de cause. La collection de FAQ sur le site Berti.net est l&rsquo;outil id\u00e9al pour informer tous ceux qui ont des questions ou qui souhaitent discuter plus en d\u00e9tail de n&rsquo;importe quel aspect des rev\u00eatements de sol en bois. Si nous parlons sp\u00e9cifiquement des produits Berti, toutes les fiches techniques avec les \u00e9paisseurs, les indications et les conseils peuvent \u00eatre consult\u00e9es pour les diff\u00e9rents produits Berti, comme vous pouvez le voir dans la capture d&rsquo;\u00e9cran ci-dessous \u00e0 titre d&rsquo;exemple.   <\/p>\n\n\n\n<p><strong>Aidez-nous \u00e0 diffuser des informations correctes<\/strong>: il ne s&rsquo;agit pas seulement de prot\u00e9ger le produit et les producteurs. Les consommateurs sont la premi\u00e8re cat\u00e9gorie \u00e0 prot\u00e9ger : il est essentiel de conna\u00eetre les informations correctes afin d&rsquo;acheter en connaissance de cause et d&rsquo;\u00e9viter les escroqueries. La connaissance est la meilleure arme de d\u00e9fense.  <\/p>\n\n\n\n<p><strong>LIENS DE R\u00c9F\u00c9RENCE :<\/strong><\/p>\n\n\n\n<p><a href=\"https:\/\/www.berti.net\/#\/faq_it_0_5_0.html\" target=\"_blank\" rel=\"noreferrer noopener\"><strong>FAQ Berti<\/strong><\/a><\/p>\n\n\n\n<p><a href=\"https:\/\/www.berti.net\/#\" target=\"_blank\" rel=\"noreferrer noopener\"><strong>Site web Berti.net<\/strong><\/a><\/p>\n<\/div>\n<\/div>\n\n\n\n<div class=\"wp-block-group post-categories has-global-padding is-content-justification-left is-layout-constrained wp-container-core-group-is-layout-836d34cb wp-block-group-is-layout-constrained\" style=\"margin-top:var(--wp--preset--spacing--70);font-size:11px\">\n<div class=\"wp-block-group is-content-justification-center is-nowrap is-layout-flex wp-container-core-group-is-layout-60758a6d wp-block-group-is-layout-flex\">\n<p>Magazine \/<\/p>\n\n\n<div class=\"taxonomy-category wp-block-post-terms\"><a href=\"https:\/\/berti.net\/fr\/magazine\/category\/products-fr\/\" rel=\"tag\">Products<\/a><span class=\"wp-block-post-terms__separator\">, <\/span><a href=\"https:\/\/berti.net\/fr\/magazine\/category\/projects-fr\/\" rel=\"tag\">Projects<\/a><\/div><\/div>\n<\/div>\n<\/div>\n\n<p><\/p>\n","protected":false},"excerpt":{"rendered":"<p>Le Corriere della Sera a r\u00e9cemment abord\u00e9 le th\u00e8me du parquet.<\/p>\n","protected":false},"author":9,"featured_media":10615,"comment_status":"closed","ping_status":"closed","sticky":false,"template":"","format":"standard","meta":{"footnotes":""},"categories":[45,47],"tags":[],"class_list":["post-15352","post","type-post","status-publish","format-standard","has-post-thumbnail","hentry","category-products-fr","category-projects-fr"],"_links":{"self":[{"href":"https:\/\/berti.net\/fr\/wp-json\/wp\/v2\/posts\/15352","targetHints":{"allow":["GET"]}}],"collection":[{"href":"https:\/\/berti.net\/fr\/wp-json\/wp\/v2\/posts"}],"about":[{"href":"https:\/\/berti.net\/fr\/wp-json\/wp\/v2\/types\/post"}],"author":[{"embeddable":true,"href":"https:\/\/berti.net\/fr\/wp-json\/wp\/v2\/users\/9"}],"replies":[{"embeddable":true,"href":"https:\/\/berti.net\/fr\/wp-json\/wp\/v2\/comments?post=15352"}],"version-history":[{"count":2,"href":"https:\/\/berti.net\/fr\/wp-json\/wp\/v2\/posts\/15352\/revisions"}],"predecessor-version":[{"id":21335,"href":"https:\/\/berti.net\/fr\/wp-json\/wp\/v2\/posts\/15352\/revisions\/21335"}],"wp:featuredmedia":[{"embeddable":true,"href":"https:\/\/berti.net\/fr\/wp-json\/wp\/v2\/media\/10615"}],"wp:attachment":[{"href":"https:\/\/berti.net\/fr\/wp-json\/wp\/v2\/media?parent=15352"}],"wp:term":[{"taxonomy":"category","embeddable":true,"href":"https:\/\/berti.net\/fr\/wp-json\/wp\/v2\/categories?post=15352"},{"taxonomy":"post_tag","embeddable":true,"href":"https:\/\/berti.net\/fr\/wp-json\/wp\/v2\/tags?post=15352"}],"curies":[{"name":"wp","href":"https:\/\/api.w.org\/{rel}","templated":true}]}}