{"id":15348,"date":"2011-07-02T15:40:50","date_gmt":"2011-07-02T15:40:50","guid":{"rendered":"https:\/\/www.berti.net\/magazine\/johannes-torpe-studios-la-fureur-du-danemark\/"},"modified":"2025-05-19T09:37:28","modified_gmt":"2025-05-19T09:37:28","slug":"johannes-torpe-studios-la-fureur-du-danemark","status":"publish","type":"post","link":"https:\/\/berti.net\/fr\/magazine\/johannes-torpe-studios-la-fureur-du-danemark\/","title":{"rendered":"Johannes Torpe Studios : la fureur du Danemark !"},"content":{"rendered":"\n<div class=\"wp-block-group post-detail-pattern is-container has-base-2-color has-contrast-background-color has-text-color has-background has-link-color wp-elements-0468f1f8b32af79bfbf56ab4c8b7d5ec has-global-padding is-layout-constrained wp-block-group-is-layout-constrained\" style=\"margin-top:0;margin-bottom:0;padding-top:var(--wp--preset--spacing--70);padding-bottom:var(--wp--preset--spacing--70)\">\n<div class=\"wp-block-columns alignwide is-layout-flex wp-container-core-columns-is-layout-d125203f wp-block-columns-is-layout-flex\" style=\"margin-bottom:var(--wp--preset--spacing--50)\">\n<div class=\"wp-block-column is-vertically-aligned-stretch is-layout-flow wp-block-column-is-layout-flow\" style=\"padding-right:0;flex-basis:50%\">\n<div class=\"wp-block-group is-vertical is-content-justification-stretch is-layout-flex wp-container-core-group-is-layout-e9e70883 wp-block-group-is-layout-flex\" style=\"min-height:100%\">\n<div class=\"wp-block-group post-categories is-nowrap is-layout-flex wp-container-core-group-is-layout-3155b93e wp-block-group-is-layout-flex\" style=\"margin-top:var(--wp--preset--spacing--20);font-size:11px\">\n<p>Magazine \/<\/p>\n\n\n<div class=\"taxonomy-category wp-block-post-terms\"><a href=\"https:\/\/berti.net\/fr\/magazine\/category\/projects-fr\/\" rel=\"tag\">Projects<\/a><span class=\"wp-block-post-terms__separator\">, <\/span><a href=\"https:\/\/berti.net\/fr\/magazine\/category\/products-fr\/\" rel=\"tag\">Products<\/a><\/div><\/div>\n\n\n<div style=\"font-style:normal;font-weight:600;text-transform:uppercase;\" class=\"has-link-color wp-elements-32859cd979b45056895d81c5660c23a0 wp-block-post-date has-text-color has-base-color has-s-font-size\"><time datetime=\"2011-07-02T15:40:50+00:00\">2 juillet 2011<\/time><\/div>\n\n\n<h1 class=\"wp-block-heading post-title\"><strong>Johannes Torpe Studios<\/strong>: la fureur du Danemark !<\/h1>\n\n\n\n<h2 class=\"wp-block-heading post-subtitle\" style=\"margin-bottom:var(--wp--preset--spacing--20)\"><strong>Johannes Torpe<\/strong> Studios est le studio de planification et de conception fond\u00e9 par les deux fr\u00e8res danois <strong>Johannes et Rune RK<\/strong>, un m\u00e9lange extravagant de conception et de musique, \u00e9galement impr\u00e9gn\u00e9 d&rsquo;une touche de folie. Mobilier et ameublement, design industriel. Mais aussi des boutiques de mode, des restaurants et des discoth\u00e8ques haut de gamme : voil\u00e0 leur raison d&rsquo;\u00eatre. Entre deux voyages d&rsquo;affaires, nous avons rencontr\u00e9 Johannes qui nous a racont\u00e9&#8230;   <\/h2>\n\n\n\n<figure class=\"wp-block-image size-full\"><img loading=\"lazy\" decoding=\"async\" width=\"720\" height=\"482\" src=\"https:\/\/www.berti.net\/wp-content\/uploads\/2011\/07\/johannestorpe01.jpg\" alt=\"\" class=\"wp-image-10737\"\/><\/figure>\n\n\n\n<p><strong>Design, design industriel, design d&rsquo;int\u00e9rieur&#8230; Que repr\u00e9sentent-ils pour vous ? Quand ces mots sont-ils entr\u00e9s dans votre vie ? De quelle mani\u00e8re ?  <\/strong><\/p>\n\n\n\n<p><em>Le design englobe beaucoup de choses, le design est la cr\u00e9ativit\u00e9 \u00e0 l&rsquo;\u00e9tat pur. C&rsquo;est aussi l&rsquo;endroit o\u00f9 de nombreuses choses s&rsquo;assemblent et trouvent un sens, ce qui est le concept le plus int\u00e9ressant. Si vous regardez un sol, un vase, un meuble, tout semble finalement n&rsquo;\u00eatre qu&rsquo;un seul et m\u00eame objet. Mais le plus excitant, c&rsquo;est lorsque vous y ajoutez votre cr\u00e9ativit\u00e9 et que les objets trouvent ainsi un sens.<br\/>Ma premi\u00e8re exp\u00e9rience dans le domaine du design ? La premi\u00e8re fois que j&rsquo;ai p\u00e9n\u00e9tr\u00e9 dans ce monde ? Lorsque j&rsquo;\u00e9tais enfant, ma m\u00e8re \u00e9tait peintre et il m&rsquo;arrivait souvent d&rsquo;avoir de la peinture et des pinceaux dans les mains. Alors, naturellement, spontan\u00e9ment, je me mettais \u00e0 peindre, \u00e0 inventer, \u00e0 dessiner quelque chose. La deuxi\u00e8me chose cr\u00e9ative que j&rsquo;ai faite a \u00e9t\u00e9 de jouer du violon. Et aujourd&rsquo;hui, ce sont ces deux choses qui m&rsquo;accompagnent toujours dans la vie : \u00eatre designer et jouer de la musique. Lorsqu&rsquo;on me confie l&rsquo;am\u00e9nagement int\u00e9rieur d&rsquo;un restaurant ou que je dois dessiner une chaise, j&rsquo;utilise exactement la m\u00eame approche que pour la musique ou la peinture. Et tout cela est une exp\u00e9rience diff\u00e9rente \u00e0 chaque fois, c&rsquo;est un travail passionnant qui se d\u00e9veloppe et se compl\u00e8te de mani\u00e8re cr\u00e9ative au fur et \u00e0 mesure que je le vis, que j&rsquo;y ajoute quelque chose qui m&rsquo;est propre.          <\/em><\/p>\n\n\n\n<p><strong>Planificateur ou concepteur ? Inventeur ? Comment vous appelez-vous ?  <\/strong><\/p>\n\n\n\n<p><em>Je crois que je suis un \u00a0\u00bbfacilitateur\u00a0\u00bb de r\u00eaves, un m\u00e9dium \u00e0 travers lequel les d\u00e9sirs sont filtr\u00e9s et ensuite r\u00e9alis\u00e9s. Je suis certainement un bon designer, mais ce que je sais vraiment faire, c&rsquo;est rencontrer d&rsquo;autres personnes, d\u00e9couvrir le talent qu&rsquo;elles ont en elles et tirer le meilleur d&rsquo;elles-m\u00eames. Lorsque j&rsquo;engage quelqu&rsquo;un dans mon studio, c&rsquo;est toujours un acte de foi : il s&rsquo;agit de faire confiance \u00e0 la cr\u00e9ativit\u00e9 des autres et de partager le r\u00eave de r\u00e9aliser quelque chose ensemble, quelque chose de grand, d&rsquo;original et d&rsquo;unique. De ce point de vue, le partage de tous ces r\u00eaves, le fait de vouloir traduire des choses fantastiques en r\u00e9alit\u00e9, m&rsquo;am\u00e8ne \u00e0 penser que notre force, la force de mon groupe de designers est pr\u00e9cis\u00e9ment d&rsquo;\u00eatre une v\u00e9ritable \u00a0\u00bbusine\u00a0\u00bb \u00e0 r\u00eaves. L&rsquo;union de plusieurs \u00e9nergies, id\u00e9es et pens\u00e9es rassembl\u00e9es dans un seul esprit, pour rendre les r\u00eaves des gens concrets et r\u00e9alisables.    <\/em><\/p>\n\n\n\n<figure class=\"wp-block-image size-full\"><img loading=\"lazy\" decoding=\"async\" width=\"1772\" height=\"1766\" src=\"https:\/\/www.berti.net\/wp-content\/uploads\/2011\/07\/Johannes-Torpe-Studios-Subu-05.jpg\" alt=\"\" class=\"wp-image-10743\" srcset=\"https:\/\/berti.net\/wp-content\/uploads\/2011\/07\/Johannes-Torpe-Studios-Subu-05.jpg 1772w, https:\/\/berti.net\/wp-content\/uploads\/2011\/07\/Johannes-Torpe-Studios-Subu-05-812x809.jpg 812w, https:\/\/berti.net\/wp-content\/uploads\/2011\/07\/Johannes-Torpe-Studios-Subu-05-406x406.jpg 406w, https:\/\/berti.net\/wp-content\/uploads\/2011\/07\/Johannes-Torpe-Studios-Subu-05-768x765.jpg 768w, https:\/\/berti.net\/wp-content\/uploads\/2011\/07\/Johannes-Torpe-Studios-Subu-05-1536x1531.jpg 1536w\" sizes=\"auto, (max-width: 1772px) 100vw, 1772px\" \/><\/figure>\n\n\n\n<p><strong>Par o\u00f9 commence-t-on, que fait-on quand on doit concevoir un nouvel espace, un objet, un meuble ?<\/strong><\/p>\n\n\n\n<p><em>Mon point de d\u00e9part est toujours les gens, leurs id\u00e9es, tout tourne autour des gens. Si je n&rsquo;aime pas les gens avec lesquels je travaille, ceux qui me commandent un projet ou me demandent de construire quelque chose, et s&rsquo;ils ne parviennent pas \u00e0 me transmettre la valeur qu&rsquo;ils veulent donner \u00e0 l&rsquo;objet, alors j&rsquo;ai du mal \u00e0 cr\u00e9er quelque chose de vraiment bon. Pour moi, la cr\u00e9ativit\u00e9 est un sentiment, une relation, un enthousiasme, une \u00e9nergie positive, un sentiment. Il s&rsquo;agit de croire aux personnes avec lesquelles vous \u00eates en relation, de croire \u00e0 ce qu&rsquo;elles vous communiquent. C&rsquo;est le point de d\u00e9part de toute inspiration, et ce n&rsquo;est qu&rsquo;\u00e0 cette condition que l&rsquo;on peut r\u00e9aliser ensemble des choses merveilleuses.    <\/em><\/p>\n\n\n\n<p><strong>Travaillez-vous toujours en tandem avec votre fr\u00e8re sur les projets ?<\/strong><\/p>\n\n\n\n<p><em>Cela d\u00e9pend de la taille de l&rsquo;entreprise ou du projet qui nous est confi\u00e9. Notre studio de design s&rsquo;agrandit chaque jour, de plus en plus de professionnels collaborent avec nous. Nous avons plusieurs bureaux dans le monde : un \u00e0 Copenhague, un \u00e0 Milan, un \u00e0 New York. Pour mon fr\u00e8re et moi, le plus important est de continuer \u00e0 faire de la musique et du design, de nous concentrer sur ce que nous faisons. Mon fr\u00e8re produit tr\u00e8s souvent de la musique seul, et quand je le peux, je l&rsquo;\u00e9coute, j&rsquo;enregistre&#8230; O\u00f9 que nous soyons, nous ne perdons pas de vue notre travail, tant sur le plan musical que sur le plan du design.    <\/em><\/p>\n<\/div>\n<\/div>\n\n\n\n<div class=\"wp-block-column is-layout-flow wp-container-core-column-is-layout-22223934 wp-block-column-is-layout-flow\" style=\"flex-basis:50%\">\n<p><strong>Qu&rsquo;en est-il de la musique ? Comment influence-t-elle votre inventivit\u00e9 ? Votre vie ?  <\/strong><\/p>\n\n\n\n<p><em>Le concept est simple : pour moi, sans musique, il n&rsquo;y a pas de design et sans design, il n&rsquo;y a pas de musique. Il existe un lien direct entre les deux. Et dans tout cela, le v\u00e9ritable d\u00e9fi pour moi et ce que je fais, c&rsquo;est que je dois toujours \u00eatre capable d&rsquo;\u00e9quilibrer les deux.  <\/em><br\/><strong>Un objet du pass\u00e9 qui repr\u00e9sente pour vous une v\u00e9ritable ic\u00f4ne du design&#8230;<\/strong><\/p>\n\n\n\n<p><em>Beaucoup, pas seulement un. Si je devais vraiment choisir, je citerais le designer finlandais Eero Aarnio et ses c\u00e9l\u00e8bres pi\u00e8ces en fibre de verre. Bien qu&rsquo;il soit n\u00e9 en 1932, ses cr\u00e9ations sont toujours incroyablement contemporaines, comme la c\u00e9l\u00e8bre \u00a0\u00bbBubble Chair\u00a0\u00bb ou la table \u00a0\u00bbMushroom\u00a0\u00bb en forme de champignon. Cette derni\u00e8re, tr\u00e8s belle et essentielle dans sa forme, est tr\u00e8s rare. J&rsquo;en poss\u00e8de une dans mon appartement \u00e0 Copenhague, c&rsquo;est peut-\u00eatre aussi pour cela que je l&rsquo;aime tant !    <\/em><\/p>\n\n\n\n<figure class=\"wp-block-image size-full\"><img loading=\"lazy\" decoding=\"async\" width=\"1598\" height=\"1593\" src=\"https:\/\/www.berti.net\/wp-content\/uploads\/2011\/07\/Johannes-Torpe-Studios-Subu-11-1.jpg\" alt=\"\" class=\"wp-image-10746\" srcset=\"https:\/\/berti.net\/wp-content\/uploads\/2011\/07\/Johannes-Torpe-Studios-Subu-11-1.jpg 1598w, https:\/\/berti.net\/wp-content\/uploads\/2011\/07\/Johannes-Torpe-Studios-Subu-11-1-812x809.jpg 812w, https:\/\/berti.net\/wp-content\/uploads\/2011\/07\/Johannes-Torpe-Studios-Subu-11-1-406x406.jpg 406w, https:\/\/berti.net\/wp-content\/uploads\/2011\/07\/Johannes-Torpe-Studios-Subu-11-1-768x766.jpg 768w, https:\/\/berti.net\/wp-content\/uploads\/2011\/07\/Johannes-Torpe-Studios-Subu-11-1-1536x1531.jpg 1536w\" sizes=\"auto, (max-width: 1598px) 100vw, 1598px\" \/><\/figure>\n<\/div>\n<\/div>\n\n\n\n<div class=\"wp-block-group post-categories has-global-padding is-content-justification-left is-layout-constrained wp-container-core-group-is-layout-836d34cb wp-block-group-is-layout-constrained\" style=\"margin-top:var(--wp--preset--spacing--70);font-size:11px\">\n<div class=\"wp-block-group is-content-justification-center is-nowrap is-layout-flex wp-container-core-group-is-layout-60758a6d wp-block-group-is-layout-flex\">\n<p>Magazine \/<\/p>\n\n\n<div class=\"taxonomy-category wp-block-post-terms\"><a href=\"https:\/\/berti.net\/fr\/magazine\/category\/projects-fr\/\" rel=\"tag\">Projects<\/a><span class=\"wp-block-post-terms__separator\">, <\/span><a href=\"https:\/\/berti.net\/fr\/magazine\/category\/products-fr\/\" rel=\"tag\">Products<\/a><\/div><\/div>\n<\/div>\n<\/div>\n\n<p><\/p>\n","protected":false},"excerpt":{"rendered":"<p>Johannes Torpe Studios est le studio de planification et de conception fond\u00e9 par les deux fr\u00e8res danois Johannes et Rune RK, un m\u00e9lange extravagant de conception et de musique, \u00e9galement impr\u00e9gn\u00e9 d&rsquo;une touche de folie.<\/p>\n","protected":false},"author":9,"featured_media":10739,"comment_status":"closed","ping_status":"closed","sticky":false,"template":"","format":"standard","meta":{"footnotes":""},"categories":[47,45],"tags":[],"class_list":["post-15348","post","type-post","status-publish","format-standard","has-post-thumbnail","hentry","category-projects-fr","category-products-fr"],"_links":{"self":[{"href":"https:\/\/berti.net\/fr\/wp-json\/wp\/v2\/posts\/15348","targetHints":{"allow":["GET"]}}],"collection":[{"href":"https:\/\/berti.net\/fr\/wp-json\/wp\/v2\/posts"}],"about":[{"href":"https:\/\/berti.net\/fr\/wp-json\/wp\/v2\/types\/post"}],"author":[{"embeddable":true,"href":"https:\/\/berti.net\/fr\/wp-json\/wp\/v2\/users\/9"}],"replies":[{"embeddable":true,"href":"https:\/\/berti.net\/fr\/wp-json\/wp\/v2\/comments?post=15348"}],"version-history":[{"count":2,"href":"https:\/\/berti.net\/fr\/wp-json\/wp\/v2\/posts\/15348\/revisions"}],"predecessor-version":[{"id":21300,"href":"https:\/\/berti.net\/fr\/wp-json\/wp\/v2\/posts\/15348\/revisions\/21300"}],"wp:featuredmedia":[{"embeddable":true,"href":"https:\/\/berti.net\/fr\/wp-json\/wp\/v2\/media\/10739"}],"wp:attachment":[{"href":"https:\/\/berti.net\/fr\/wp-json\/wp\/v2\/media?parent=15348"}],"wp:term":[{"taxonomy":"category","embeddable":true,"href":"https:\/\/berti.net\/fr\/wp-json\/wp\/v2\/categories?post=15348"},{"taxonomy":"post_tag","embeddable":true,"href":"https:\/\/berti.net\/fr\/wp-json\/wp\/v2\/tags?post=15348"}],"curies":[{"name":"wp","href":"https:\/\/api.w.org\/{rel}","templated":true}]}}