{"id":15338,"date":"2024-11-27T16:44:54","date_gmt":"2024-11-27T16:44:54","guid":{"rendered":"https:\/\/www.berti.net\/magazine\/les-bienfaits-du-bois-le-bien-etre-physique-et-psychologique-quapporte-le-parquet\/"},"modified":"2025-05-19T09:25:57","modified_gmt":"2025-05-19T09:25:57","slug":"les-bienfaits-du-bois-le-bien-etre-physique-et-psychologique-quapporte-le-parquet","status":"publish","type":"post","link":"https:\/\/berti.net\/fr\/magazine\/les-bienfaits-du-bois-le-bien-etre-physique-et-psychologique-quapporte-le-parquet\/","title":{"rendered":"Les bienfaits du bois : le bien-\u00eatre physique et psychologique qu&rsquo;apporte le parquet"},"content":{"rendered":"\n<div class=\"wp-block-group post-detail-pattern is-container has-base-2-color has-contrast-background-color has-text-color has-background has-link-color wp-elements-8bdb0a7640f76efb1fc1e42b3105cd4d has-global-padding is-layout-constrained wp-block-group-is-layout-constrained\" style=\"margin-top:0;margin-bottom:0;padding-top:var(--wp--preset--spacing--70);padding-bottom:var(--wp--preset--spacing--70)\">\n<div class=\"wp-block-columns alignwide is-layout-flex wp-container-core-columns-is-layout-d125203f wp-block-columns-is-layout-flex\" style=\"margin-bottom:var(--wp--preset--spacing--50)\">\n<div class=\"wp-block-column is-vertically-aligned-stretch is-layout-flow wp-block-column-is-layout-flow\" style=\"padding-right:0;flex-basis:50%\">\n<div class=\"wp-block-group is-vertical is-content-justification-stretch is-layout-flex wp-container-core-group-is-layout-e9e70883 wp-block-group-is-layout-flex\" style=\"min-height:100%\">\n<div class=\"wp-block-group post-categories is-nowrap is-layout-flex wp-container-core-group-is-layout-3155b93e wp-block-group-is-layout-flex\" style=\"margin-top:var(--wp--preset--spacing--20);font-size:11px\">\n<p>Magazine \/<\/p>\n\n\n<div class=\"taxonomy-category wp-block-post-terms\"><a href=\"https:\/\/berti.net\/fr\/magazine\/category\/products-fr\/\" rel=\"tag\">Products<\/a><\/div><\/div>\n\n\n<div style=\"font-style:normal;font-weight:600;text-transform:uppercase;\" class=\"has-link-color wp-elements-32859cd979b45056895d81c5660c23a0 wp-block-post-date has-text-color has-base-color has-s-font-size\"><time datetime=\"2024-11-27T16:44:54+00:00\">27 novembre 2024<\/time><\/div>\n\n\n<h1 class=\"wp-block-heading post-title animated fadeIn\">Les bienfaits du bois : le bien-\u00eatre physique et psychologique qu&rsquo;apporte le parquet<\/h1>\n\n\n\n<h2 class=\"wp-block-heading post-subtitle animated fadeIn\" style=\"margin-bottom:var(--wp--preset--spacing--20)\">Opter pour un parquet en bois dans votre maison ou votre bureau n&rsquo;est pas seulement un choix esth\u00e9tique et \u00e9l\u00e9gant. Le bois apporte en effet une longue liste de bienfaits au psychisme et au corps de ceux qui vivent en contact avec lui chaque jour.   <\/h2>\n\n\n\n<h2 class=\"wp-block-heading\">Bois et sant\u00e9 psychologique<\/h2>\n\n\n\n<p class=\"animated fadeIn has-s-font-size\" style=\"margin-bottom:var(--wp--preset--spacing--10);line-height:1.5\">Du parquet clair au parquet fonc\u00e9, le ch\u00eane naturel s&rsquo;adapte \u00e0 tous les styles d&rsquo;am\u00e9nagement. Ainsi, \u00e0 <strong>Casa Angiolina<\/strong>, la couleur du parquet en ch\u00eane pr\u00e9fini Neutro, avec son ton chaud de miel, d\u00e9finit les pi\u00e8ces, cr\u00e9ant un contraste et une harmonie de l&rsquo;ensemble, mettant en valeur les d\u00e9corations \u00e9l\u00e9gantes pour un r\u00e9sultat final sobre et contemporain. Anciennement un espace de bureau et maintenant un appartement raffin\u00e9 au cinqui\u00e8me \u00e9tage d&rsquo;un b\u00e2timent historique situ\u00e9 au c\u0153ur de la ville napolitaine, ce projet de r\u00e9novation, r\u00e9alis\u00e9 par l&rsquo;\u00e9quipe de <strong>FADD<\/strong> Architects, a \u00e9t\u00e9 con\u00e7u pour un jeune couple avec un enfant.  <\/p>\n\n\n\n<p class=\"animated fadeIn has-s-font-size\" style=\"margin-bottom:var(--wp--preset--spacing--10);line-height:1.5\">Parmi les avantages pour l&rsquo;esprit du propri\u00e9taire d&rsquo;un parquet en bois, il y en a certainement :<\/p>\n\n\n\n<ul class=\"wp-block-list\">\n<li style=\"line-height:1.5\" class=\"has-s-font-size\"><strong>R\u00e9duction du stress et du<\/strong> rythme <strong>cardiaque<\/strong>: des institutions telles que l&rsquo;Universit\u00e9 de Colombie-Britannique et l&rsquo;Institut FPInnovations ont d\u00e9montr\u00e9 par des \u00e9tudes que le contact visuel et physique avec des surfaces en bois r\u00e9duit le niveau de stress per\u00e7u, abaisse le rythme cardiaque et contribue \u00e0 stabiliser la tension art\u00e9rielle. Ces effets ne sont pas tr\u00e8s \u00e9loign\u00e9s de ceux constat\u00e9s au <strong>contact de la nature<\/strong>, car le bois apporte avec lui l<strong>&lsquo;\u00a0\u00bbeffet biophilique<\/strong>\u00a0\u00bb, c&rsquo;est-\u00e0-dire le <strong>lien instinctif entre l&rsquo;\u00eatre humain et les \u00e9l\u00e9ments naturels<\/strong>, un concept qui d\u00e9coule certainement de notre \u00e9volution. <\/li>\n\n\n\n<li style=\"line-height:1.5\" class=\"has-s-font-size\"><strong>Am\u00e9lioration de l&rsquo;humeur et de la concentration<\/strong>: les environnements int\u00e9rieurs dans lesquels un parquet en bois est utilis\u00e9, en particulier lorsqu&rsquo;il est associ\u00e9 \u00e0 des meubles et\/ou \u00e0 d&rsquo;autres finitions naturelles, augmentent les b\u00e9n\u00e9fices et le <strong>bien-\u00eatre \u00e9motionnel<\/strong>. En effet, la <strong>photosynth\u00e8se<\/strong> que les arbres r\u00e9alisent lorsqu&rsquo;ils sont encore dans la nature permet aux fibres de bois, accumul\u00e9es pr\u00e9cis\u00e9ment au cours de ce processus, de <strong>retenir l&rsquo;\u00e9nergie solaire et les mati\u00e8res organiques<\/strong> qui affectent positivement notre organisme. Ces \u00e9l\u00e9ments se transforment ensuite en une sensation de confort et de stabilit\u00e9, ce qui rend le bois particuli\u00e8rement adapt\u00e9 aux espaces de vie, aux \u00e9coles et aux bureaux.  <\/li>\n\n\n\n<li style=\"line-height:1.5\" class=\"has-s-font-size\"><strong>Un air plus pur<\/strong>: le bois est \u00e9galement connu pour \u00eatre un mat\u00e9riau hygroscopique, c&rsquo;est-\u00e0-dire qu&rsquo;il est capable d&rsquo;absorber l&rsquo;humidit\u00e9 de l&rsquo;environnement et de contribuer ainsi \u00e0 la <strong>r\u00e9gulation du microclimat <\/strong>int\u00e9rieur. En outre, il peut <strong>filtrer les substances toxiques<\/strong> pr\u00e9sentes dans l&rsquo;air, am\u00e9liorant ainsi la qualit\u00e9 globale des espaces de vie. <\/li>\n<\/ul>\n\n\n\n<hr class=\"wp-block-separator has-alpha-channel-opacity\"\/>\n\n\n\n<h3 class=\"wp-block-heading\">Parall\u00e9lisme avec la psychologie de l&rsquo;environnement color\u00e9<\/h3>\n\n\n\n<p class=\"animated fadeIn has-s-font-size\" style=\"margin-bottom:var(--wp--preset--spacing--10);line-height:1.5\">Les propri\u00e9t\u00e9s du bois peuvent \u00eatre mises en relation avec le choix des couleurs des murs ou des pi\u00e8ces enti\u00e8res <strong>dans les lieux publics <\/strong>tels que les h\u00f4pitaux et les \u00e9coles. Tout comme certaines couleurs sp\u00e9cifiques telles que le <strong>vert<\/strong>, le <strong>bleu<\/strong> et le <strong>jaune<\/strong> sont <strong>utilis\u00e9es pour cr\u00e9er une atmosph\u00e8re calme<\/strong> et am\u00e9liorer la concentration, le bois g\u00e9n\u00e8re un sentiment de naturel et de s\u00e9r\u00e9nit\u00e9. Dans les contextes \u00e9ducatifs, comme l&rsquo;a montr\u00e9 la recherche en psychologie environnementale, l&rsquo;<strong>utilisation de mat\u00e9riaux naturels<\/strong> et de tons chauds <strong>stimule la cr\u00e9ativit\u00e9 et r\u00e9duit le stress<\/strong> des \u00e9l\u00e8ves <strong>.<\/strong>   <\/p>\n\n\n\n<p class=\"animated fadeIn has-s-font-size\" style=\"margin-bottom:var(--wp--preset--spacing--10);line-height:1.5\">Ces \u00e9tudes montrent donc clairement <strong>\u00e0 quel point l&rsquo;environnement dans lequel nous vivons chaque jour influe sur notre bien-\u00eatre psychophysique<\/strong>. Partout dans le monde, depuis des d\u00e9cennies, la m\u00eame strat\u00e9gie est utilis\u00e9e dans les espaces publics, pr\u00e9cis\u00e9ment parce que les b\u00e9n\u00e9fices que les couleurs apportent au psychisme sont d\u00e9sormais connus. Selon le m\u00eame processus, le bois, avec ses tons chauds et sa texture que nous associons naturellement \u00e0 la nature, nous apporterait \u00e9galement les avantages mentaux et psychologiques \u00e9voqu\u00e9s dans le paragraphe pr\u00e9c\u00e9dent.  <br\/><strong>Si vous souhaitez approfondir ce sujet<\/strong>, vous pouvez le faire <a href=\"https:\/\/neurolaunch.com\/psychological-effects-of-color-on-human-behavior\/\" target=\"_blank\" rel=\"noopener\"><span style=\"text-decoration: underline;\">ici<\/span><\/a>un article scientifique sur le comportement humain au contact des couleurs et de l&rsquo;environnement.<\/p>\n\n\n\n<hr class=\"wp-block-separator has-alpha-channel-opacity\"\/>\n\n\n\n<h3 class=\"wp-block-heading\">Avantages physiques du contact avec le bois  <\/h3>\n\n\n\n<ul class=\"wp-block-list\">\n<li style=\"line-height:1.5\" class=\"has-s-font-size\"><strong>R\u00e9duction de l&rsquo;\u00e9lectricit\u00e9 statique :<\/strong> contrairement aux mat\u00e9riaux synth\u00e9tiques tels que le PVC, le bois ne se charge pas en \u00e9lectricit\u00e9 statique, il est m\u00eame un isolant \u00e9lectrique et contribue donc \u00e0 un plus grand confort, en particulier pour les personnes souffrant d&rsquo;allergies.<\/li>\n\n\n\n<li style=\"line-height:1.5\" class=\"has-s-font-size\"><strong>Effets tactiles b\u00e9n\u00e9fiques :<\/strong> des \u00e9tudes montrent que marcher pieds nus sur un sol en bois procure une sensation agr\u00e9able, unique et relaxante, ainsi que de la chaleur. En effet, les parquets sont connus pour maintenir une temp\u00e9rature g\u00e9n\u00e9ralement plus douce que les sols en c\u00e9ramique ou en PVC.   <\/li>\n\n\n\n<li style=\"line-height:1.5\" class=\"has-s-font-size\"><strong>Esth\u00e9tique intemporelle :<\/strong> poss\u00e9der un sol en bois augmente la perception de la qualit\u00e9 de l&rsquo;espace, car les surfaces naturelles apportent une chaleur visuelle et physique.<\/li>\n<\/ul>\n\n\n\n<p class=\"animated fadeIn has-s-font-size\" style=\"margin-bottom:var(--wp--preset--spacing--10);line-height:1.6\"><strong>Vous pourriez \u00e9galement \u00eatre int\u00e9ress\u00e9 par : <\/strong><a href=\"https:\/\/www.berti.net\/fr\/magazine\/parquet-berti-le-bien-etre-a-vos-pieds\/\"><span style=\"text-decoration: underline;\">Parquet Berti : le bien-\u00eatre \u00e0 vos pieds<\/span><\/a><\/p>\n<\/div>\n<\/div>\n\n\n\n<div class=\"wp-block-column is-layout-flow wp-container-core-column-is-layout-22223934 wp-block-column-is-layout-flow\" style=\"flex-basis:50%\">\n<figure class=\"wp-block-image size-full is-style-default animated fadeIn\"><img loading=\"lazy\" decoding=\"async\" width=\"653\" height=\"871\" src=\"https:\/\/www.berti.net\/wp-content\/uploads\/rivestimento-in-legno-pentagon_ambientata.jpg\" alt=\"\" class=\"wp-image-16822\" srcset=\"https:\/\/berti.net\/wp-content\/uploads\/rivestimento-in-legno-pentagon_ambientata.jpg 653w, https:\/\/berti.net\/wp-content\/uploads\/rivestimento-in-legno-pentagon_ambientata-609x812.jpg 609w\" sizes=\"auto, (max-width: 653px) 100vw, 653px\" \/><\/figure>\n\n\n\n<figure class=\"wp-block-image size-full is-style-default animated fadeIn\"><img loading=\"lazy\" decoding=\"async\" width=\"800\" height=\"1206\" src=\"https:\/\/www.berti.net\/wp-content\/uploads\/2012\/11\/Backstage-BertiStudio-Rov-Naturalizzato_11.jpg\" alt=\"\" class=\"wp-image-10059\" srcset=\"https:\/\/berti.net\/wp-content\/uploads\/2012\/11\/Backstage-BertiStudio-Rov-Naturalizzato_11.jpg 800w, https:\/\/berti.net\/wp-content\/uploads\/2012\/11\/Backstage-BertiStudio-Rov-Naturalizzato_11-539x812.jpg 539w, https:\/\/berti.net\/wp-content\/uploads\/2012\/11\/Backstage-BertiStudio-Rov-Naturalizzato_11-768x1158.jpg 768w\" sizes=\"auto, (max-width: 800px) 100vw, 800px\" \/><\/figure>\n\n\n\n<figure class=\"wp-block-image size-full is-style-default animated fadeIn\"><img loading=\"lazy\" decoding=\"async\" width=\"794\" height=\"1123\" src=\"https:\/\/www.berti.net\/wp-content\/uploads\/2014\/02\/Berti-Pavimenti-Legno-Parquet-tavole-multistrato.jpg\" alt=\"\" class=\"wp-image-8878\" srcset=\"https:\/\/berti.net\/wp-content\/uploads\/2014\/02\/Berti-Pavimenti-Legno-Parquet-tavole-multistrato.jpg 794w, https:\/\/berti.net\/wp-content\/uploads\/2014\/02\/Berti-Pavimenti-Legno-Parquet-tavole-multistrato-212x300.jpg 212w, https:\/\/berti.net\/wp-content\/uploads\/2014\/02\/Berti-Pavimenti-Legno-Parquet-tavole-multistrato-724x1024.jpg 724w, https:\/\/berti.net\/wp-content\/uploads\/2014\/02\/Berti-Pavimenti-Legno-Parquet-tavole-multistrato-768x1086.jpg 768w\" sizes=\"auto, (max-width: 794px) 100vw, 794px\" \/><\/figure>\n<\/div>\n<\/div>\n\n\n\n<div class=\"wp-block-group post-categories has-global-padding is-content-justification-left is-layout-constrained wp-container-core-group-is-layout-836d34cb wp-block-group-is-layout-constrained\" style=\"margin-top:var(--wp--preset--spacing--70);font-size:11px\">\n<div class=\"wp-block-group is-content-justification-center is-nowrap is-layout-flex wp-container-core-group-is-layout-60758a6d wp-block-group-is-layout-flex\">\n<p>Magazine \/<\/p>\n\n\n<div class=\"taxonomy-category wp-block-post-terms\"><a href=\"https:\/\/berti.net\/fr\/magazine\/category\/products-fr\/\" rel=\"tag\">Products<\/a><\/div><\/div>\n<\/div>\n<\/div>\n","protected":false},"excerpt":{"rendered":"<p>Magazine \/ Les bienfaits du bois : le bien-\u00eatre physique et psychologique qu&rsquo;apporte le parquet Opter pour un parquet en bois dans votre maison ou votre bureau n&rsquo;est pas seulement un choix esth\u00e9tique et \u00e9l\u00e9gant. Le bois apporte en effet une longue liste de bienfaits au psychisme et au corps de ceux qui vivent en contact avec lui chaque jour. [&hellip;]<\/p>\n","protected":false},"author":11,"featured_media":11950,"comment_status":"closed","ping_status":"closed","sticky":false,"template":"","format":"standard","meta":{"footnotes":""},"categories":[45],"tags":[],"class_list":["post-15338","post","type-post","status-publish","format-standard","has-post-thumbnail","hentry","category-products-fr"],"_links":{"self":[{"href":"https:\/\/berti.net\/fr\/wp-json\/wp\/v2\/posts\/15338","targetHints":{"allow":["GET"]}}],"collection":[{"href":"https:\/\/berti.net\/fr\/wp-json\/wp\/v2\/posts"}],"about":[{"href":"https:\/\/berti.net\/fr\/wp-json\/wp\/v2\/types\/post"}],"author":[{"embeddable":true,"href":"https:\/\/berti.net\/fr\/wp-json\/wp\/v2\/users\/11"}],"replies":[{"embeddable":true,"href":"https:\/\/berti.net\/fr\/wp-json\/wp\/v2\/comments?post=15338"}],"version-history":[{"count":3,"href":"https:\/\/berti.net\/fr\/wp-json\/wp\/v2\/posts\/15338\/revisions"}],"predecessor-version":[{"id":20926,"href":"https:\/\/berti.net\/fr\/wp-json\/wp\/v2\/posts\/15338\/revisions\/20926"}],"wp:featuredmedia":[{"embeddable":true,"href":"https:\/\/berti.net\/fr\/wp-json\/wp\/v2\/media\/11950"}],"wp:attachment":[{"href":"https:\/\/berti.net\/fr\/wp-json\/wp\/v2\/media?parent=15338"}],"wp:term":[{"taxonomy":"category","embeddable":true,"href":"https:\/\/berti.net\/fr\/wp-json\/wp\/v2\/categories?post=15338"},{"taxonomy":"post_tag","embeddable":true,"href":"https:\/\/berti.net\/fr\/wp-json\/wp\/v2\/tags?post=15338"}],"curies":[{"name":"wp","href":"https:\/\/api.w.org\/{rel}","templated":true}]}}