{"id":15332,"date":"2011-07-05T15:30:14","date_gmt":"2011-07-05T15:30:14","guid":{"rendered":"https:\/\/www.berti.net\/magazine\/santo-passaia-un-concept-de-vie-exclusif\/"},"modified":"2025-05-19T09:37:28","modified_gmt":"2025-05-19T09:37:28","slug":"santo-passaia-un-concept-de-vie-exclusif","status":"publish","type":"post","link":"https:\/\/berti.net\/fr\/magazine\/santo-passaia-un-concept-de-vie-exclusif\/","title":{"rendered":"Santo Passaia : un concept de vie exclusif"},"content":{"rendered":"\n<div class=\"wp-block-group post-detail-pattern is-container has-base-2-color has-contrast-background-color has-text-color has-background has-link-color wp-elements-85b986e0668189ee1eeb8d50b0ecf584 has-global-padding is-layout-constrained wp-block-group-is-layout-constrained\" style=\"margin-top:0;margin-bottom:0;padding-top:var(--wp--preset--spacing--70);padding-bottom:var(--wp--preset--spacing--70)\">\n<div class=\"wp-block-columns alignwide is-layout-flex wp-container-core-columns-is-layout-d125203f wp-block-columns-is-layout-flex\" style=\"margin-bottom:var(--wp--preset--spacing--50)\">\n<div class=\"wp-block-column is-vertically-aligned-stretch is-layout-flow wp-block-column-is-layout-flow\" style=\"padding-right:0;flex-basis:50%\">\n<div class=\"wp-block-group is-vertical is-content-justification-stretch is-layout-flex wp-container-core-group-is-layout-e9e70883 wp-block-group-is-layout-flex\" style=\"min-height:100%\">\n<div class=\"wp-block-group post-categories is-nowrap is-layout-flex wp-container-core-group-is-layout-3155b93e wp-block-group-is-layout-flex\" style=\"margin-top:var(--wp--preset--spacing--20);font-size:11px\">\n<p>Magazine \/<\/p>\n\n\n<div class=\"taxonomy-category wp-block-post-terms\"><a href=\"https:\/\/berti.net\/fr\/magazine\/category\/projects-fr\/\" rel=\"tag\">Projects<\/a><span class=\"wp-block-post-terms__separator\">, <\/span><a href=\"https:\/\/berti.net\/fr\/magazine\/category\/products-fr\/\" rel=\"tag\">Products<\/a><\/div><\/div>\n\n\n<div style=\"font-style:normal;font-weight:600;text-transform:uppercase;\" class=\"has-link-color wp-elements-32859cd979b45056895d81c5660c23a0 wp-block-post-date has-text-color has-base-color has-s-font-size\"><time datetime=\"2011-07-05T15:30:14+00:00\">5 juillet 2011<\/time><\/div>\n\n\n<h1 class=\"wp-block-heading post-title\"><strong>Santo Passaia<\/strong>: un concept de vie exclusif<\/h1>\n\n\n\n<h2 class=\"wp-block-heading post-subtitle\" style=\"margin-bottom:var(--wp--preset--spacing--20)\">Concevoir des environnements et des meubles d&rsquo;un niveau \u00e9lev\u00e9 en termes de qualit\u00e9 et de taille, cr\u00e9er des int\u00e9rieurs uniques destin\u00e9s \u00e0 un public de niche, amateur de beaut\u00e9 et de classicisme, d&rsquo;authentique \u00a0\u00bbmade in Italy\u00a0\u00bb. Telle est la mission de <strong>Santo Passaia<\/strong>, une entreprise de V\u00e9rone qui, depuis soixante ans, diffuse avec passion une philosophie de vie exclusive et luxueuse, absolument distinctive. <\/h2>\n\n\n\n<figure class=\"wp-block-image size-full\"><img loading=\"lazy\" decoding=\"async\" width=\"480\" height=\"720\" src=\"https:\/\/www.berti.net\/wp-content\/uploads\/2011\/07\/santopassaia04.jpg\" alt=\"\" class=\"wp-image-10723\"\/><\/figure>\n\n\n\n<p>Sp\u00e9cialis\u00e9e dans la cr\u00e9ation de v\u00e9ritables \u00a0\u00bbbijoux d&rsquo;\u00e9b\u00e9nisterie\u00a0\u00bb, de lieux d&rsquo;une grande importance d\u00e9corative et fonctionnelle, l&rsquo;entreprise collabore depuis toujours avec les meilleurs ma\u00eetres de l&rsquo;architecture d&rsquo;int\u00e9rieur (par exemple l&rsquo;architecte <strong>Luigi Bruno<\/strong>, inspirateur de grands projets), afin de r\u00e9aliser des architectures d&rsquo;int\u00e9rieur adapt\u00e9es au go\u00fbt personnel de ceux qui les vivront et les habiteront. Une philosophie qui fait avant tout sien le style classique et inimitable de la<em>\u00a0\u00bbboiserie en rond<\/em>\u00a0\u00bb, exprim\u00e9 et d\u00e9clin\u00e9, souvent r\u00e9interpr\u00e9t\u00e9 de fa\u00e7on moderne, dans tous les contextes et tous les domaines : de la villa priv\u00e9e \u00e0 l&rsquo;int\u00e9rieur de l&rsquo;entreprise, du contrat h\u00f4telier au secteur naval et du yachting. <\/p>\n\n\n\n<p>Au centre de chaque r\u00e9alisation, le projet et la construction : le \u00a0\u00bbprojet\u00a0\u00bb entendu comme la cr\u00e9ativit\u00e9 et l&rsquo;imagination du designer pour concevoir des environnements uniques en s&rsquo;inspirant de la grande tradition artistique et architecturale italienne ; la \u00a0\u00bbconstruction\u00a0\u00bb ou plut\u00f4t l&rsquo;art de cr\u00e9er des \u0153uvres originales et incomparables en utilisant une mati\u00e8re premi\u00e8re noble et ancienne comme le bois, travaill\u00e9 et fa\u00e7onn\u00e9 gr\u00e2ce \u00e0 l&rsquo;habilet\u00e9 manuelle d&rsquo;artisans et d&rsquo;\u00e9b\u00e9nistes experts, mais aussi gr\u00e2ce \u00e0 des techniques avanc\u00e9es et \u00e0 des machines \u00e0 la pointe de la technologie. C&rsquo;est pr\u00e9cis\u00e9ment dans cette optique que l&rsquo;entreprise est toujours \u00e0 la recherche de partenariats fructueux avec des soci\u00e9t\u00e9s sp\u00e9cialis\u00e9es dans le travail du bois, pr\u00eates \u00e0 poursuivre l&rsquo;excellence en alliant magistralement le savoir-faire artisanal aux technologies de pointe, le sens cr\u00e9atif italien \u00e0 la vocation inn\u00e9e pour le d\u00e9fi. <\/p>\n\n\n\n<figure class=\"wp-block-image size-full\"><img loading=\"lazy\" decoding=\"async\" width=\"720\" height=\"479\" src=\"https:\/\/www.berti.net\/wp-content\/uploads\/2011\/07\/santopassaia05.jpg\" alt=\"\" class=\"wp-image-10726\"\/><\/figure>\n\n\n\n<p>\u00c0 cet \u00e9gard, et \u00e0 l&rsquo;occasion de la 25e \u00e9dition d&rsquo;<strong> Abitare Il Tempo \u00e0 V\u00e9rone<\/strong>, Santo Passaia a voulu exposer avec <strong>Berti Pavimenti Legno <\/strong>un projet important, con\u00e7u en \u00e9troite synergie avec le personnel et le d\u00e9partement technique de l&rsquo;entreprise bas\u00e9e \u00e0 Villa del Conte. Il s&rsquo;agit de la pr\u00e9sentation d&rsquo;un salon sans pr\u00e9c\u00e9dent destin\u00e9 \u00e0 une r\u00e9sidence de luxe, dans lequel le sol, souvent n\u00e9glig\u00e9 par l&rsquo;architecture d&rsquo;int\u00e9rieur moderne, joue un r\u00f4le fondamental : transmettre \u00e0 l&rsquo;utilisateur le sens de la beaut\u00e9 et de l&rsquo;\u00e9quilibre de l&rsquo;ensemble de l&rsquo;environnement. <\/p>\n<\/div>\n<\/div>\n\n\n\n<div class=\"wp-block-column is-layout-flow wp-container-core-column-is-layout-22223934 wp-block-column-is-layout-flow\" style=\"flex-basis:50%\">\n<p>Miroir parfait de la structure du plafond, le parquet con\u00e7u par Berti devait dialoguer, en termes de forme et de design, avec toute l&rsquo;architecture environnante, dans le respect de la sym\u00e9trie et des proportions. D&rsquo;une surface totale de 65 m\u00e8tres carr\u00e9s, le prestigieux parquet est constitu\u00e9 d&rsquo;un fond en teck sur lequel se d\u00e9tache, au centre de la somptueuse pi\u00e8ce, un d\u00e9cor mod\u00e8le <strong>Rizzardi<\/strong> en incrustations d&rsquo;\u00e9rable, de ch\u00eane, de cabreuva et de doussi\u00e9. <\/p>\n\n\n\n<p>Cette \u0153uvre centrale tr\u00e8s raffin\u00e9e est encadr\u00e9e par de nombreuses bordures du mod\u00e8le Bigli, altern\u00e9es avec des Dalles de parquet Ghellini de la collection Disegni. Le rev\u00eatement, con\u00e7u et concr\u00e9tis\u00e9 pour le projet sp\u00e9cifique de Santo Passaia, confirme une fois de plus la capacit\u00e9 de <strong>Berti<\/strong> \u00e0 r\u00e9pondre rapidement aux demandes des clients les plus exigeants, en proposant un produit qui se distingue par sa qualit\u00e9 technique absolue et sa haute valeur esth\u00e9tique. <\/p>\n\n\n\n<figure class=\"wp-block-image size-full\"><img loading=\"lazy\" decoding=\"async\" width=\"480\" height=\"720\" src=\"https:\/\/www.berti.net\/wp-content\/uploads\/2011\/07\/santopassaia03-1.jpg\" alt=\"\" class=\"wp-image-10729\"\/><\/figure>\n<\/div>\n<\/div>\n\n\n\n<div class=\"wp-block-group post-categories has-global-padding is-content-justification-left is-layout-constrained wp-container-core-group-is-layout-836d34cb wp-block-group-is-layout-constrained\" style=\"margin-top:var(--wp--preset--spacing--70);font-size:11px\">\n<div class=\"wp-block-group is-content-justification-center is-nowrap is-layout-flex wp-container-core-group-is-layout-60758a6d wp-block-group-is-layout-flex\">\n<p>Magazine \/<\/p>\n\n\n<div class=\"taxonomy-category wp-block-post-terms\"><a href=\"https:\/\/berti.net\/fr\/magazine\/category\/projects-fr\/\" rel=\"tag\">Projects<\/a><span class=\"wp-block-post-terms__separator\">, <\/span><a href=\"https:\/\/berti.net\/fr\/magazine\/category\/products-fr\/\" rel=\"tag\">Products<\/a><\/div><\/div>\n<\/div>\n<\/div>\n\n<p><\/p>\n","protected":false},"excerpt":{"rendered":"<p>Santo Passaia : conception d&rsquo;environnements et de meubles de qualit\u00e9 et de dimensions \u00e9lev\u00e9es<\/p>\n","protected":false},"author":9,"featured_media":10725,"comment_status":"closed","ping_status":"closed","sticky":false,"template":"","format":"standard","meta":{"footnotes":""},"categories":[47,45],"tags":[],"class_list":["post-15332","post","type-post","status-publish","format-standard","has-post-thumbnail","hentry","category-projects-fr","category-products-fr"],"_links":{"self":[{"href":"https:\/\/berti.net\/fr\/wp-json\/wp\/v2\/posts\/15332","targetHints":{"allow":["GET"]}}],"collection":[{"href":"https:\/\/berti.net\/fr\/wp-json\/wp\/v2\/posts"}],"about":[{"href":"https:\/\/berti.net\/fr\/wp-json\/wp\/v2\/types\/post"}],"author":[{"embeddable":true,"href":"https:\/\/berti.net\/fr\/wp-json\/wp\/v2\/users\/9"}],"replies":[{"embeddable":true,"href":"https:\/\/berti.net\/fr\/wp-json\/wp\/v2\/comments?post=15332"}],"version-history":[{"count":4,"href":"https:\/\/berti.net\/fr\/wp-json\/wp\/v2\/posts\/15332\/revisions"}],"predecessor-version":[{"id":21306,"href":"https:\/\/berti.net\/fr\/wp-json\/wp\/v2\/posts\/15332\/revisions\/21306"}],"wp:featuredmedia":[{"embeddable":true,"href":"https:\/\/berti.net\/fr\/wp-json\/wp\/v2\/media\/10725"}],"wp:attachment":[{"href":"https:\/\/berti.net\/fr\/wp-json\/wp\/v2\/media?parent=15332"}],"wp:term":[{"taxonomy":"category","embeddable":true,"href":"https:\/\/berti.net\/fr\/wp-json\/wp\/v2\/categories?post=15332"},{"taxonomy":"post_tag","embeddable":true,"href":"https:\/\/berti.net\/fr\/wp-json\/wp\/v2\/tags?post=15332"}],"curies":[{"name":"wp","href":"https:\/\/api.w.org\/{rel}","templated":true}]}}