{"id":27550,"date":"2025-10-22T09:59:32","date_gmt":"2025-10-22T09:59:32","guid":{"rendered":"https:\/\/www.berti.net\/?p=27550"},"modified":"2025-10-22T10:01:01","modified_gmt":"2025-10-22T10:01:01","slug":"la-madera-como-recurso-para-el-futuro-sostenibilidad-innovacion-y-responsabilidad-medioambiental-3","status":"publish","type":"post","link":"https:\/\/berti.net\/es\/magazine\/la-madera-como-recurso-para-el-futuro-sostenibilidad-innovacion-y-responsabilidad-medioambiental-3\/","title":{"rendered":"Berti recibe a arquitectos y dise\u00f1adores internacionales"},"content":{"rendered":"\n<div class=\"wp-block-group post-categories has-global-padding is-content-justification-left is-layout-constrained wp-container-core-group-is-layout-118d8d6f wp-block-group-is-layout-constrained\" style=\"margin-top:var(--wp--preset--spacing--30);margin-bottom:var(--wp--preset--spacing--60);font-size:11px\">\n<div class=\"wp-block-group is-content-justification-center is-nowrap is-layout-flex wp-container-core-group-is-layout-60758a6d wp-block-group-is-layout-flex\">\n<p>Revista \/<\/p>\n\n\n<div class=\"taxonomy-category wp-block-post-terms\"><a href=\"https:\/\/berti.net\/es\/magazine\/category\/eventos\/\" rel=\"tag\">Eventos<\/a><\/div><\/div>\n<\/div>\n\n<div class=\"wp-block-group title-text-indented-pattern animated fadeIn has-global-padding is-layout-constrained wp-container-core-group-is-layout-b2ab1441 wp-block-group-is-layout-constrained\" style=\"margin-bottom:var(--wp--preset--spacing--90)\">\n<div class=\"wp-block-group has-global-padding is-layout-constrained wp-container-core-group-is-layout-6dea37ad wp-block-group-is-layout-constrained\"><div style=\"font-style:normal;font-weight:600;text-transform:uppercase;\" class=\"has-link-color wp-elements-32859cd979b45056895d81c5660c23a0 wp-block-post-date has-text-color has-base-color has-s-font-size\"><time datetime=\"2025-10-22T09:59:32+00:00\">22 October 2025<\/time><\/div>\n\n\n<h1 class=\"wp-block-heading has-text-color\" style=\"color:#000000\">Berti recibe a <strong>arquitectos y dise\u00f1adores internacionales<\/strong><\/h1>\n\n\n\n<h2 class=\"wp-block-heading has-text-color has-m-32-font-size\" style=\"color:#000000;margin-bottom:var(--wp--preset--spacing--20)\">Una experiencia inmersiva entre dise\u00f1o, <strong>innovaci\u00f3n y artesan\u00eda italiana<\/strong><\/h2>\n\n\n\n<p class=\"has-m-22-font-size\">El <strong>15 de octubre, Berti Pavimenti Legno<\/strong> tuvo el placer de acoger a un grupo de <strong>arquitectos y dise\u00f1adores procedentes de Azerbaiy\u00e1n, Georgia, Kazajist\u00e1n y Uzbekist\u00e1n<\/strong> para una jornada de encuentro, confrontaci\u00f3n e inspiraci\u00f3n en el mundo del <strong>dise\u00f1o y de la arquitectura<\/strong>. Una cita especial transform\u00f3 la sede de la empresa en un lugar de di\u00e1logo y descubrimiento, donde la <strong>madera<\/strong> es protagonista de un relato de <strong>tecnolog\u00eda, experiencia y pasi\u00f3n Made in Italy<\/strong>. <\/p>\n<\/div>\n<\/div>\n\n<div class=\"wp-block-group alignwide has-global-padding is-layout-constrained wp-container-core-group-is-layout-d427c859 wp-block-group-is-layout-constrained\" style=\"margin-top:var(--wp--preset--spacing--50);margin-bottom:var(--wp--preset--spacing--50);padding-right:16px;padding-left:16px\">\n<figure class=\"wp-block-image size-full\"><img loading=\"lazy\" decoding=\"async\" width=\"1928\" height=\"1084\" src=\"https:\/\/www.berti.net\/wp-content\/uploads\/architetti-visita-berti-pavimenti-legno.jpg\" alt=\"\" class=\"wp-image-27557\" srcset=\"https:\/\/berti.net\/wp-content\/uploads\/architetti-visita-berti-pavimenti-legno.jpg 1928w, https:\/\/berti.net\/wp-content\/uploads\/architetti-visita-berti-pavimenti-legno-812x457.jpg 812w, https:\/\/berti.net\/wp-content\/uploads\/architetti-visita-berti-pavimenti-legno-1920x1080.jpg 1920w, https:\/\/berti.net\/wp-content\/uploads\/architetti-visita-berti-pavimenti-legno-768x432.jpg 768w, https:\/\/berti.net\/wp-content\/uploads\/architetti-visita-berti-pavimenti-legno-1536x864.jpg 1536w\" sizes=\"auto, (max-width: 1928px) 100vw, 1928px\" \/><\/figure>\n<\/div>\n\n<div class=\"wp-block-group title-text-indented-pattern animated fadeIn has-global-padding is-layout-constrained wp-container-core-group-is-layout-b2ab1441 wp-block-group-is-layout-constrained\" style=\"margin-bottom:var(--wp--preset--spacing--90)\">\n<div class=\"wp-block-group has-global-padding is-layout-constrained wp-container-core-group-is-layout-6dea37ad wp-block-group-is-layout-constrained\">\n<h2 class=\"wp-block-heading has-text-color has-m-32-font-size\" style=\"color:#000000;margin-bottom:var(--wp--preset--spacing--20)\">Una jornada de encuentro e inspiraci\u00f3n<\/h2>\n\n\n\n<p class=\"has-m-22-font-size\">Durante la visita, los profesionales han podido <strong>vivir en primera persona el proceso productivo de Berti<\/strong>, desde la <strong>selecci\u00f3n de las materias primas<\/strong> a la elaboraci\u00f3n, desde los <strong>acabados<\/strong> hasta el <strong>control de calidad<\/strong>. El tour ha permitido comprender c\u00f3mo el <g id=\"gid_4\">cuidado artesanal<\/g> y la <g id=\"gid_5\">precisi\u00f3n tecnol\u00f3gica<\/g> conviven en perfecta armon\u00eda dentro de la empresa. Particular inter\u00e9s ha suscitado la <a href=\"https:\/\/www.berti.net\/es\/parquet\/parquet-diesel-living\/\"><strong>nueva colecci\u00f3n Diesel<\/strong><\/a>, apreciada por su <strong>identidad contempor\u00e1nea<\/strong> y la capacidad de conjugar <strong>est\u00e9tica y resistencia<\/strong>.  <\/p>\n\n\n\n<p class=\"has-s-font-size\"><em>\u00ab<strong>Ver y tocar de cerca el proceso productivo<\/strong> ha hecho que todo sea mucho m\u00e1s real y significativo. Muchos no se esperaban la grandeza y la complejidad de la f\u00e1brica, y esto ha reforzado de verdad su percepci\u00f3n del <strong>valor aut\u00e9ntico de la marca<\/strong>\u00bb. \u2014 Socio internacional de visita <\/em><\/p>\n\n\n\n<p class=\"has-s-font-size\"><a href=\"https:\/\/www.berti.net\/es\/parquet\/parquet-diesel-living\/\">\u2937 <strong>Colecci\u00f3n Diesel Living<\/strong><\/a><\/p>\n<\/div>\n<\/div>\n\n<div class=\"wp-block-group alignwide has-global-padding is-layout-constrained wp-container-core-group-is-layout-d427c859 wp-block-group-is-layout-constrained\" style=\"margin-top:var(--wp--preset--spacing--50);margin-bottom:var(--wp--preset--spacing--50);padding-right:16px;padding-left:16px\">\n<figure class=\"wp-block-image size-large\"><img loading=\"lazy\" decoding=\"async\" width=\"1920\" height=\"1080\" src=\"https:\/\/www.berti.net\/wp-content\/uploads\/visita-squarespace-berti-pavimenti-legno-1920x1080.jpg\" alt=\"\" class=\"wp-image-27567\" srcset=\"https:\/\/berti.net\/wp-content\/uploads\/visita-squarespace-berti-pavimenti-legno-1920x1080.jpg 1920w, https:\/\/berti.net\/wp-content\/uploads\/visita-squarespace-berti-pavimenti-legno-812x457.jpg 812w, https:\/\/berti.net\/wp-content\/uploads\/visita-squarespace-berti-pavimenti-legno-768x432.jpg 768w, https:\/\/berti.net\/wp-content\/uploads\/visita-squarespace-berti-pavimenti-legno-1536x864.jpg 1536w, https:\/\/berti.net\/wp-content\/uploads\/visita-squarespace-berti-pavimenti-legno.jpg 1928w\" sizes=\"auto, (max-width: 1920px) 100vw, 1920px\" \/><\/figure>\n<\/div>\n\n<div class=\"wp-block-group title-text-indented-pattern animated fadeIn has-global-padding is-layout-constrained wp-container-core-group-is-layout-b2ab1441 wp-block-group-is-layout-constrained\" style=\"margin-bottom:var(--wp--preset--spacing--90)\">\n<div class=\"wp-block-group has-global-padding is-layout-constrained wp-container-core-group-is-layout-6dea37ad wp-block-group-is-layout-constrained\">\n<h2 class=\"wp-block-heading has-text-color has-m-32-font-size\" style=\"color:#000000;margin-bottom:var(--wp--preset--spacing--20)\">Hospitalidad, relaciones y valor compartido<\/h2>\n\n\n\n<p class=\"has-m-22-font-size\">La experiencia ha sido tambi\u00e9n un momento de <strong>relaci\u00f3n humana y profesional<\/strong>.<br\/>Desde la organizaci\u00f3n de los <strong>traslados<\/strong> y del <strong>recibimiento en el hotel<\/strong>, hasta la <strong>cena de clausura<\/strong>, cada detalle ha sido cuidado para ofrecer una experiencia completa y envolvente.<\/p>\n\n\n\n<p class=\"has-s-font-size\">\u201c<strong>El tiempo que una marca dedica a sus propios socios tiene un valor enorme<\/strong>, y vosotros lo hab\u00e9is demostrado plenamente\u201d.<br\/>\u2014 <em>Mensaje de agradecimiento recibido por el grupo<\/em><\/p>\n<\/div>\n<\/div>\n\n<div class=\"wp-block-group alignwide has-global-padding is-layout-constrained wp-container-core-group-is-layout-d427c859 wp-block-group-is-layout-constrained\" style=\"margin-top:var(--wp--preset--spacing--50);margin-bottom:var(--wp--preset--spacing--50);padding-right:16px;padding-left:16px\">\n<figure class=\"wp-block-image size-full\"><img loading=\"lazy\" decoding=\"async\" width=\"1928\" height=\"1084\" src=\"https:\/\/www.berti.net\/wp-content\/uploads\/visita-fabbrica-berti-pavimenti-legno.jpg\" alt=\"\" class=\"wp-image-27562\" srcset=\"https:\/\/berti.net\/wp-content\/uploads\/visita-fabbrica-berti-pavimenti-legno.jpg 1928w, https:\/\/berti.net\/wp-content\/uploads\/visita-fabbrica-berti-pavimenti-legno-812x457.jpg 812w, https:\/\/berti.net\/wp-content\/uploads\/visita-fabbrica-berti-pavimenti-legno-1920x1080.jpg 1920w, https:\/\/berti.net\/wp-content\/uploads\/visita-fabbrica-berti-pavimenti-legno-768x432.jpg 768w, https:\/\/berti.net\/wp-content\/uploads\/visita-fabbrica-berti-pavimenti-legno-1536x864.jpg 1536w\" sizes=\"auto, (max-width: 1928px) 100vw, 1928px\" \/><\/figure>\n<\/div>\n\n<div class=\"wp-block-group title-text-indented-pattern animated fadeIn has-global-padding is-layout-constrained wp-container-core-group-is-layout-b2ab1441 wp-block-group-is-layout-constrained\" style=\"margin-bottom:var(--wp--preset--spacing--90)\">\n<div class=\"wp-block-group has-global-padding is-layout-constrained wp-container-core-group-is-layout-6dea37ad wp-block-group-is-layout-constrained\">\n<h2 class=\"wp-block-heading has-text-color has-m-32-font-size\" style=\"color:#000000;margin-bottom:var(--wp--preset--spacing--20)\">Una experiencia que se puede vivir bajo petici\u00f3n<\/h2>\n\n\n\n<p class=\"has-m-22-font-size\">Las <strong>visitas a la empresa<\/strong> representan para <strong>Berti<\/strong> una importante ocasi\u00f3n de <strong>compartir y transparencia<\/strong>: momentos dedicados a quien desea <strong>conocer de cerca la realidad productiva<\/strong>, los <strong>procesos de elaboraci\u00f3n<\/strong> y la <strong>calidad de los <a href=\"https:\/\/www.berti.net\/es\/empresa\/\">pavimentos de madera Made in Italy<\/a>.<\/strong><\/p>\n\n\n\n<p><a href=\"https:\/\/www.berti.net\/es\/empresa\/\">\u2937 <strong>Empresa<\/strong><\/a><\/p>\n\n\n\n<p class=\"has-m-22-font-size\">Bajo petici\u00f3n, <strong>arquitectos, dise\u00f1adores y profesionales del sector<\/strong> pueden <strong>organizar una visita guiada a la sede<\/strong>, para <strong>profundizar en el conocimiento de los materiales<\/strong>, <strong>explorar las colecciones<\/strong> y <strong>descubrir c\u00f3mo nace cada pavimento firmado por Berti<\/strong>.<\/p>\n\n\n\n<p class=\"has-m-22-font-size\">Tambi\u00e9n podr\u00eda interesarte:<br\/><a href=\"https:\/\/www.berti.net\/es\/contacta-con-nosotros\/\">\u2937 <strong>Cont\u00e1ctanos<\/strong><br\/><\/a><a href=\"https:\/\/www.berti.net\/es\/empresa\/\">\u2937 <strong>Empresa<\/strong><br\/><\/a><a href=\"https:\/\/www.berti.net\/es\/parquet\/parquet-diesel-living\/\">\u2937 <strong>Colecci\u00f3n Diesel Living<\/strong><\/a><\/p>\n<\/div>\n<\/div>\n\n<div class=\"wp-block-group post-categories has-global-padding is-content-justification-left is-layout-constrained wp-container-core-group-is-layout-328eab2d wp-block-group-is-layout-constrained\" style=\"margin-top:var(--wp--preset--spacing--70);margin-bottom:var(--wp--preset--spacing--90);font-size:11px\">\n<div class=\"wp-block-group is-content-justification-center is-nowrap is-layout-flex wp-container-core-group-is-layout-60758a6d wp-block-group-is-layout-flex\">\n<p>Revista \/<\/p>\n\n\n<div class=\"taxonomy-category wp-block-post-terms\"><a href=\"https:\/\/berti.net\/es\/magazine\/category\/eventos\/\" rel=\"tag\">Eventos<\/a><\/div><\/div>\n<\/div>\n","protected":false},"excerpt":{"rendered":"<p>Revista \/ Berti recibe a arquitectos y dise\u00f1adores internacionales Una experiencia inmersiva entre dise\u00f1o, innovaci\u00f3n y artesan\u00eda italiana El 15 de octubre, Berti Pavimenti Legno tuvo el placer de acoger a un grupo de arquitectos y dise\u00f1adores procedentes de Azerbaiy\u00e1n, Georgia, Kazajist\u00e1n y Uzbekist\u00e1n para una jornada de encuentro, confrontaci\u00f3n e inspiraci\u00f3n en el mundo del dise\u00f1o y de la [&hellip;]<\/p>\n","protected":false},"author":13,"featured_media":27578,"comment_status":"closed","ping_status":"closed","sticky":false,"template":"","format":"standard","meta":{"footnotes":""},"categories":[143],"tags":[321,311,317,316,315,318,320,314,313,319,312],"class_list":["post-27550","post","type-post","status-publish","format-standard","has-post-thumbnail","hentry","category-eventos","tag-artesania-italiana-parquet","tag-berti-pavimenti-es","tag-coleccion-diesel-parquet","tag-empresa-de-parque-veneto","tag-parquet-made-in-italy-es","tag-parquet-para-arquitectos-y-disenadores","tag-pavimentos-de-madera-para-interiores","tag-produccion-de-parquet-made-in-italy","tag-visita-a-la-empresa-de-parquet","tag-visita-a-la-fabrica-de-parquet","tag-visitas-a-la-empresa-berti"],"_links":{"self":[{"href":"https:\/\/berti.net\/es\/wp-json\/wp\/v2\/posts\/27550","targetHints":{"allow":["GET"]}}],"collection":[{"href":"https:\/\/berti.net\/es\/wp-json\/wp\/v2\/posts"}],"about":[{"href":"https:\/\/berti.net\/es\/wp-json\/wp\/v2\/types\/post"}],"author":[{"embeddable":true,"href":"https:\/\/berti.net\/es\/wp-json\/wp\/v2\/users\/13"}],"replies":[{"embeddable":true,"href":"https:\/\/berti.net\/es\/wp-json\/wp\/v2\/comments?post=27550"}],"version-history":[{"count":3,"href":"https:\/\/berti.net\/es\/wp-json\/wp\/v2\/posts\/27550\/revisions"}],"predecessor-version":[{"id":27581,"href":"https:\/\/berti.net\/es\/wp-json\/wp\/v2\/posts\/27550\/revisions\/27581"}],"wp:featuredmedia":[{"embeddable":true,"href":"https:\/\/berti.net\/es\/wp-json\/wp\/v2\/media\/27578"}],"wp:attachment":[{"href":"https:\/\/berti.net\/es\/wp-json\/wp\/v2\/media?parent=27550"}],"wp:term":[{"taxonomy":"category","embeddable":true,"href":"https:\/\/berti.net\/es\/wp-json\/wp\/v2\/categories?post=27550"},{"taxonomy":"post_tag","embeddable":true,"href":"https:\/\/berti.net\/es\/wp-json\/wp\/v2\/tags?post=27550"}],"curies":[{"name":"wp","href":"https:\/\/api.w.org\/{rel}","templated":true}]}}