{"id":25613,"date":"2025-07-07T07:59:23","date_gmt":"2025-07-07T07:59:23","guid":{"rendered":"https:\/\/www.berti.net\/?p=25613"},"modified":"2025-07-08T07:39:56","modified_gmt":"2025-07-08T07:39:56","slug":"la-madera-como-recurso-para-el-futuro-sostenibilidad-innovacion-y-responsabilidad-medioambiental-2","status":"publish","type":"post","link":"https:\/\/berti.net\/es\/magazine\/la-madera-como-recurso-para-el-futuro-sostenibilidad-innovacion-y-responsabilidad-medioambiental-2\/","title":{"rendered":"Parquet en el ba\u00f1o: estilo, bienestar y durabilidad para estancias con car\u00e1cter"},"content":{"rendered":"\n<div class=\"wp-block-group post-categories has-global-padding is-content-justification-left is-layout-constrained wp-container-core-group-is-layout-118d8d6f wp-block-group-is-layout-constrained\" style=\"margin-top:var(--wp--preset--spacing--30);margin-bottom:var(--wp--preset--spacing--60);font-size:11px\">\n<div class=\"wp-block-group is-content-justification-center is-nowrap is-layout-flex wp-container-core-group-is-layout-60758a6d wp-block-group-is-layout-flex\">\n<p>Revista \/<\/p>\n\n\n<div class=\"taxonomy-category wp-block-post-terms\"><a href=\"https:\/\/berti.net\/es\/magazine\/category\/productos\/\" rel=\"tag\">Productos<\/a><\/div><\/div>\n<\/div>\n\n<div class=\"wp-block-group title-text-indented-pattern animated fadeIn has-global-padding is-layout-constrained wp-container-core-group-is-layout-1faf65b3 wp-block-group-is-layout-constrained\" style=\"margin-bottom:var(--wp--preset--spacing--20)\">\n<div class=\"wp-block-group has-global-padding is-layout-constrained wp-container-core-group-is-layout-6dea37ad wp-block-group-is-layout-constrained\"><div style=\"font-style:normal;font-weight:600;text-transform:uppercase;\" class=\"has-link-color wp-elements-32859cd979b45056895d81c5660c23a0 wp-block-post-date has-text-color has-base-color has-s-font-size\"><time datetime=\"2025-07-07T07:59:23+00:00\">7 July 2025<\/time><\/div>\n\n\n<h1 class=\"wp-block-heading has-text-color\" style=\"color:#000000;margin-bottom:var(--wp--preset--spacing--40)\">Parquet en el ba\u00f1o: estilo, bienestar y durabilidad para estancias con car\u00e1cter<\/h1>\n\n\n\n<h2 class=\"wp-block-heading has-text-color has-m-32-font-size\" style=\"color:#000000;margin-bottom:var(--wp--preset--spacing--20)\">El ba\u00f1o cambia de cara: de servicio a oasis de bienestar<\/h2>\n\n\n\n<p class=\"has-m-22-font-size\">En los \u00faltimos a\u00f1os, el cuarto de ba\u00f1o se ha convertido en mucho m\u00e1s que un espacio funcional. Se ha convertido en un entorno \u00edntimo dedicado a la relajaci\u00f3n, el bienestar personal y el autocuidado. En este nuevo enfoque del dise\u00f1o, los materiales desempe\u00f1an un papel crucial. Y entre todos ellos, <strong>el parquet<\/strong> en el ba\u00f1o destaca como una opci\u00f3n <strong>elegante<\/strong>, <strong>natural<\/strong> y sorprendentemente de alto rendimiento.   <\/p>\n<\/div>\n<\/div>\n\n<div class=\"wp-block-group alignwide has-global-padding is-layout-constrained wp-container-core-group-is-layout-d427c859 wp-block-group-is-layout-constrained\" style=\"margin-top:var(--wp--preset--spacing--50);margin-bottom:var(--wp--preset--spacing--50);padding-right:16px;padding-left:16px\">\n<figure class=\"wp-block-image size-large\"><img loading=\"lazy\" decoding=\"async\" width=\"1920\" height=\"1080\" src=\"https:\/\/www.berti.net\/wp-content\/uploads\/berti_pavimenti_legno_parquet_bagno_articolo-1920x1080.jpg\" alt=\"\" class=\"wp-image-25723\" srcset=\"https:\/\/berti.net\/wp-content\/uploads\/berti_pavimenti_legno_parquet_bagno_articolo-1920x1080.jpg 1920w, https:\/\/berti.net\/wp-content\/uploads\/berti_pavimenti_legno_parquet_bagno_articolo-812x457.jpg 812w, https:\/\/berti.net\/wp-content\/uploads\/berti_pavimenti_legno_parquet_bagno_articolo-768x432.jpg 768w, https:\/\/berti.net\/wp-content\/uploads\/berti_pavimenti_legno_parquet_bagno_articolo-1536x864.jpg 1536w, https:\/\/berti.net\/wp-content\/uploads\/berti_pavimenti_legno_parquet_bagno_articolo.jpg 1928w\" sizes=\"auto, (max-width: 1920px) 100vw, 1920px\" \/><\/figure>\n<\/div>\n\n<div class=\"wp-block-group title-text-indented-pattern animated fadeIn has-global-padding is-layout-constrained wp-container-core-group-is-layout-1faf65b3 wp-block-group-is-layout-constrained\" style=\"margin-bottom:var(--wp--preset--spacing--20)\">\n<div class=\"wp-block-group has-global-padding is-layout-constrained wp-container-core-group-is-layout-6dea37ad wp-block-group-is-layout-constrained\">\n<h2 class=\"wp-block-heading has-text-color has-m-32-font-size\" style=\"color:#000000;margin-bottom:var(--wp--preset--spacing--20)\">\u00bfPor qu\u00e9 elegir parquet en el ba\u00f1o?<\/h2>\n\n\n\n<p class=\"has-m-22-font-size\">Mucha gente se pregunta si es posible instalar un suelo de madera en el cuarto de ba\u00f1o. La respuesta es s\u00ed, siempre que utilices productos de calidad, tratados con <strong>acabados adecuados<\/strong> para el ambiente h\u00famedo. El parquet del ba\u00f1o no s\u00f3lo es compatible con los requisitos t\u00e9cnicos modernos, sino que tambi\u00e9n a\u00f1ade valor est\u00e9tico y sensorial al espacio. Caminar descalzo sobre un suelo de parqu\u00e9 es una verdadera experiencia: calidez, comodidad y autenticidad se unen en un ritual diario de bienestar.   <\/p>\n\n\n\n<p class=\"has-m-22-font-size\">La madera transmite una sensaci\u00f3n de acogimiento y armon\u00eda visual, incluso en habitaciones peque\u00f1as o poco iluminadas. Gracias a su <strong>versatilidad<\/strong>, el parquet para ba\u00f1os se integra perfectamente tanto en dise\u00f1os <strong>contempor\u00e1neos<\/strong> como <strong>cl\u00e1sicos<\/strong>, adapt\u00e1ndose a las tendencias de dise\u00f1o sin perder funcionalidad. <\/p>\n<\/div>\n<\/div>\n\n<div class=\"wp-block-group title-text-indented-pattern animated fadeIn has-global-padding is-layout-constrained wp-container-core-group-is-layout-1faf65b3 wp-block-group-is-layout-constrained\" style=\"margin-bottom:var(--wp--preset--spacing--20)\">\n<div class=\"wp-block-group has-global-padding is-layout-constrained wp-container-core-group-is-layout-6dea37ad wp-block-group-is-layout-constrained\">\n<h2 class=\"wp-block-heading has-text-color has-m-32-font-size\" style=\"color:#000000;margin-bottom:var(--wp--preset--spacing--20)\">Soluciones Berti para ba\u00f1os con parquet<\/h2>\n\n\n\n<p class=\"has-m-22-font-size\">Desde hace a\u00f1os, Berti Pavimenti Legno ofrece colecciones pensadas tambi\u00e9n para el ba\u00f1o, con suelos de parqu\u00e9 barnizados al agua, resistentes a la humedad y f\u00e1ciles de mantener. <a href=\"https:\/\/www.berti.net\/es\/empresa\/#:~:text=Verniciatura%20Hi%2DTech,camerette%20per%20bambini.\"><strong>El acabado Protector Plata<\/strong><\/a>disponible bajo pedido, ofrece una acci\u00f3n antibacteriana certificada, que <strong>elimina hasta el 99,9% de las bacterias en 24 horas<\/strong>: un plus importante para los entornos donde la higiene y la seguridad son esenciales.<\/p>\n\n\n\n<p class=\"has-m-22-font-size\">Adem\u00e1s, las tablas Berti est\u00e1n tratadas con<strong> sistemas de protecci\u00f3n<\/strong> superficial que preservan la autenticidad de la madera, garantizando al mismo tiempo un alto rendimiento. La estructura en capas y el control constante en la fase de producci\u00f3n aseguran <strong>la estabilidad<\/strong> incluso en presencia de <strong>variaciones de temperatura y humedad.<\/strong> <\/p>\n<\/div>\n<\/div>\n\n<div class=\"wp-block-group alignwide has-global-padding is-layout-constrained wp-container-core-group-is-layout-d427c859 wp-block-group-is-layout-constrained\" style=\"margin-top:var(--wp--preset--spacing--50);margin-bottom:var(--wp--preset--spacing--50);padding-right:16px;padding-left:16px\">\n<figure class=\"wp-block-image size-full\"><img loading=\"lazy\" decoding=\"async\" width=\"1928\" height=\"1084\" src=\"https:\/\/www.berti.net\/wp-content\/uploads\/berti_pavimenti_legno_parquet_bagno_noce_pavimento.jpg\" alt=\"\" class=\"wp-image-25727\" srcset=\"https:\/\/berti.net\/wp-content\/uploads\/berti_pavimenti_legno_parquet_bagno_noce_pavimento.jpg 1928w, https:\/\/berti.net\/wp-content\/uploads\/berti_pavimenti_legno_parquet_bagno_noce_pavimento-812x457.jpg 812w, https:\/\/berti.net\/wp-content\/uploads\/berti_pavimenti_legno_parquet_bagno_noce_pavimento-1920x1080.jpg 1920w, https:\/\/berti.net\/wp-content\/uploads\/berti_pavimenti_legno_parquet_bagno_noce_pavimento-768x432.jpg 768w, https:\/\/berti.net\/wp-content\/uploads\/berti_pavimenti_legno_parquet_bagno_noce_pavimento-1536x864.jpg 1536w\" sizes=\"auto, (max-width: 1928px) 100vw, 1928px\" \/><\/figure>\n<\/div>\n\n<div class=\"wp-block-group title-text-indented-pattern animated fadeIn has-global-padding is-layout-constrained wp-container-core-group-is-layout-1faf65b3 wp-block-group-is-layout-constrained\" style=\"margin-bottom:var(--wp--preset--spacing--20)\">\n<div class=\"wp-block-group has-global-padding is-layout-constrained wp-container-core-group-is-layout-6dea37ad wp-block-group-is-layout-constrained\">\n<h2 class=\"wp-block-heading has-text-color has-m-32-font-size\" style=\"color:#000000;margin-bottom:var(--wp--preset--spacing--20)\">Est\u00e9tica y funcionalidad: la combinaci\u00f3n perfecta<\/h2>\n\n\n\n<p class=\"has-m-22-font-size\">El ba\u00f1o de parqu\u00e9 Berti combina las prestaciones t\u00e9cnicas con un fascinante impacto visual. El veteado natural de la madera, sus matices c\u00e1lidos y su textura transforman hasta el m\u00e1s peque\u00f1o de los cuartos de ba\u00f1o en un espacio sofisticado. Los suelos de madera para cuartos de ba\u00f1o dan una sensaci\u00f3n de equilibrio, calidez e intimidad dif\u00edcil de reproducir con otros materiales.  <\/p>\n\n\n\n<p class=\"has-m-22-font-size\">La combinaci\u00f3n de superficies de madera y sanitarios de dise\u00f1o crea un efecto de spa dom\u00e9stico. La combinaci\u00f3n con elementos de piedra, gres o metal amplifica el efecto dram\u00e1tico del ba\u00f1o de parqu\u00e9, haci\u00e9ndolo \u00fanico. <\/p>\n<\/div>\n<\/div>\n\n<div class=\"wp-block-group title-text-indented-pattern animated fadeIn has-global-padding is-layout-constrained wp-container-core-group-is-layout-1faf65b3 wp-block-group-is-layout-constrained\" style=\"margin-bottom:var(--wp--preset--spacing--20)\">\n<div class=\"wp-block-group has-global-padding is-layout-constrained wp-container-core-group-is-layout-6dea37ad wp-block-group-is-layout-constrained\">\n<h1 class=\"wp-block-heading has-text-color has-m-32-font-size\" style=\"color:#000000;margin-bottom:var(--wp--preset--spacing--20)\">Colecciones de ba\u00f1o recomendadas<\/h1>\n\n\n\n<h2 class=\"wp-block-heading has-text-color has-m-32-font-size\" style=\"color:#000000;margin-bottom:var(--wp--preset--spacing--20)\"><a href=\"https:\/\/www.berti.net\/es\/parquet\/parquet-diesel-living\/\">BERTI x DIESEL<\/a><\/h2>\n\n\n\n<p class=\"has-m-22-font-size\">La colecci\u00f3n resultante de la colaboraci\u00f3n con Diesel Living interpreta la madera de forma urbana y contempor\u00e1nea. Texturas vivas, tonos intensos y acabados fuertes hacen de cada ba\u00f1o de parqu\u00e9 un ambiente \u00fanico y carism\u00e1tico. Ideal para quienes buscan un aspecto industrial pero con materiales naturales.  <\/p>\n<\/div>\n<\/div>\n\n<div class=\"wp-block-group title-text-indented-pattern animated fadeIn has-global-padding is-layout-constrained wp-container-core-group-is-layout-1faf65b3 wp-block-group-is-layout-constrained\" style=\"margin-bottom:var(--wp--preset--spacing--20)\">\n<div class=\"wp-block-group has-global-padding is-layout-constrained wp-container-core-group-is-layout-6dea37ad wp-block-group-is-layout-constrained\">\n<h2 class=\"wp-block-heading has-text-color has-m-32-font-size\" style=\"color:#000000;margin-bottom:var(--wp--preset--spacing--20)\"><a href=\"https:\/\/www.berti.net\/es\/parquet\/parquet-essential-2\/\">BERTI ESENCIAL<\/a><\/h2>\n\n\n\n<p class=\"has-m-22-font-size\"><strong>L\u00edneas limpias, acabados mates y vetas realzadas por el cepillado<\/strong>: la colecci\u00f3n <strong>Essential<\/strong> es perfecta para quienes buscan un parquet de ba\u00f1o elegante, sobrio y atemporal. Ideal para proyectos con un estilo esencial pero nunca banal, se adapta f\u00e1cilmente a distintas paletas de colores. <\/p>\n<\/div>\n<\/div>\n\n<div class=\"wp-block-group title-text-indented-pattern animated fadeIn has-global-padding is-layout-constrained wp-container-core-group-is-layout-8c259b4a wp-block-group-is-layout-constrained\">\n<div class=\"wp-block-group has-global-padding is-layout-constrained wp-container-core-group-is-layout-6dea37ad wp-block-group-is-layout-constrained\">\n<h2 class=\"wp-block-heading has-text-color has-m-32-font-size\" style=\"color:#000000;margin-bottom:var(--wp--preset--spacing--20)\"><a href=\"https:\/\/www.berti.net\/es\/parquet\/parquet-essential-2\/\">Parquet para ba\u00f1os modernos <\/a>y<a href=\"https:\/\/www.berti.net\/es\/parquet\/parquet-essential-2\/\"> sostenibles<\/a><\/h2>\n\n\n\n<p class=\"has-m-22-font-size\">Todos los parquets de ba\u00f1o Berti se fabrican respetando el medio ambiente, con madera <strong>certificada FSC<\/strong>, <strong>barnices al agua<\/strong> y procesos de producci\u00f3n <strong>de bajo impacto ambiental<\/strong>. Una elecci\u00f3n responsable para quienes desean un ba\u00f1o bonito, funcional y sostenible. El compromiso con <strong>la sostenibilidad<\/strong> es parte integrante de la filosof\u00eda de la empresa, y se refleja en cada etapa de la producci\u00f3n. <\/p>\n<\/div>\n<\/div>\n\n<div class=\"wp-block-group alignwide has-global-padding is-layout-constrained wp-container-core-group-is-layout-d427c859 wp-block-group-is-layout-constrained\" style=\"margin-top:var(--wp--preset--spacing--50);margin-bottom:var(--wp--preset--spacing--50);padding-right:16px;padding-left:16px\">\n<figure class=\"wp-block-image size-full\"><img loading=\"lazy\" decoding=\"async\" width=\"1928\" height=\"1084\" src=\"https:\/\/www.berti.net\/wp-content\/uploads\/berti_pavimenti_legno_articolo_parquet_bagno_noce_europeo.jpg\" alt=\"\" class=\"wp-image-25689\" srcset=\"https:\/\/berti.net\/wp-content\/uploads\/berti_pavimenti_legno_articolo_parquet_bagno_noce_europeo.jpg 1928w, https:\/\/berti.net\/wp-content\/uploads\/berti_pavimenti_legno_articolo_parquet_bagno_noce_europeo-812x457.jpg 812w, https:\/\/berti.net\/wp-content\/uploads\/berti_pavimenti_legno_articolo_parquet_bagno_noce_europeo-1920x1080.jpg 1920w, https:\/\/berti.net\/wp-content\/uploads\/berti_pavimenti_legno_articolo_parquet_bagno_noce_europeo-768x432.jpg 768w, https:\/\/berti.net\/wp-content\/uploads\/berti_pavimenti_legno_articolo_parquet_bagno_noce_europeo-1536x864.jpg 1536w\" sizes=\"auto, (max-width: 1928px) 100vw, 1928px\" \/><\/figure>\n<\/div>\n\n<div class=\"wp-block-group title-text-indented-pattern animated fadeIn has-global-padding is-layout-constrained wp-container-core-group-is-layout-1faf65b3 wp-block-group-is-layout-constrained\" style=\"margin-bottom:var(--wp--preset--spacing--20)\">\n<div class=\"wp-block-group has-global-padding is-layout-constrained wp-container-core-group-is-layout-6dea37ad wp-block-group-is-layout-constrained\">\n<h2 class=\"wp-block-heading has-text-color has-m-32-font-size\" style=\"color:#000000;margin-bottom:var(--wp--preset--spacing--20)\"><a href=\"https:\/\/www.berti.net\/es\/parquet\/parquet-essential-2\/\">Un parquet<\/a> <a href=\"https:\/\/www.berti.net\/es\/parquet\/parquet-essential-2\/\">que perdura en el tiempo<\/a><\/h2>\n\n\n\n<p class=\"has-m-22-font-size\">Adem\u00e1s de belleza, el parquet de ba\u00f1o <strong>Berti<\/strong> garantiza <strong>durabilidad<\/strong> y <strong>longevidad<\/strong>. El hecho de que se pueda lijar y restaurar con el tiempo lo convierte en una inversi\u00f3n inteligente incluso en entornos exigentes como el cuarto de ba\u00f1o. La estructura multicapa de las lamas ofrece mayor estabilidad, reduciendo el riesgo de alabeo.  <\/p>\n\n\n\n<p class=\"has-m-22-font-size\">Con una ventilaci\u00f3n adecuada y el uso de alfombrillas absorbentes en las zonas m\u00e1s expuestas, el parquet del cuarto de ba\u00f1o sigue siendo <strong>bonito y funcional durante d\u00e9cadas<\/strong>.<\/p>\n<\/div>\n<\/div>\n\n<div class=\"wp-block-group title-text-indented-pattern animated fadeIn has-global-padding is-layout-constrained wp-container-core-group-is-layout-b2ab1441 wp-block-group-is-layout-constrained\" style=\"margin-bottom:var(--wp--preset--spacing--90)\">\n<div class=\"wp-block-group has-global-padding is-layout-constrained wp-container-core-group-is-layout-6dea37ad wp-block-group-is-layout-constrained\">\n<h2 class=\"wp-block-heading has-text-color has-m-32-font-size\" style=\"color:#000000;margin-bottom:var(--wp--preset--spacing--20)\"><a href=\"https:\/\/www.berti.net\/es\/parquet\/parquet-essential-2\/\">Amueblar el ba\u00f1o con parquet<\/a>:<a href=\"https:\/\/www.berti.net\/es\/parquet\/parquet-essential-2\/\"> una elecci\u00f3n con estilo<\/a><\/h2>\n\n\n\n<p class=\"has-m-22-font-size\">Elegir un suelo de madera para el ba\u00f1o no es s\u00f3lo una cuesti\u00f3n de est\u00e9tica: es una declaraci\u00f3n de estilo, un gesto de atenci\u00f3n al bienestar diario y un compromiso con la calidad. Con las soluciones Berti, el parquet del ba\u00f1o se convierte en <strong>el protagonista de espacios elegantes<\/strong>, saludables y sin concesiones. <\/p>\n\n\n\n<p class=\"has-m-22-font-size\" style=\"margin-top:var(--wp--preset--spacing--80)\">Tambi\u00e9n te puede interesar:<br\/>\u2937 <strong><a href=\"https:\/\/www.berti.net\/parquet\/parquet-in-rovere-e-legni-pregiati-essential\/parquet-noce-scuro-americano-antico\/\">Nogal americano antiguo<\/a><\/strong><br\/>\u2937 <strong><a href=\"https:\/\/www.berti.net\/es\/parquet\/parquet-essential-2\/\">Parquet Essential<\/a><\/strong><br\/>\u2937 <strong><a href=\"https:\/\/www.berti.net\/es\/coleccion-de-bano\/\">Colecci\u00f3n de ba\u00f1o<\/a><\/strong><br\/>\u2937 <strong><a href=\"https:\/\/www.berti.net\/es\/solicitar-una-consulta\/\">Solicitar una consulta<\/a><\/strong><\/p>\n<\/div>\n<\/div>\n\n<div class=\"wp-block-group post-categories has-global-padding is-content-justification-left is-layout-constrained wp-container-core-group-is-layout-328eab2d wp-block-group-is-layout-constrained\" style=\"margin-top:var(--wp--preset--spacing--70);margin-bottom:var(--wp--preset--spacing--90);font-size:11px\">\n<div class=\"wp-block-group is-content-justification-center is-nowrap is-layout-flex wp-container-core-group-is-layout-60758a6d wp-block-group-is-layout-flex\">\n<p>Revista \/<\/p>\n\n\n<div class=\"taxonomy-category wp-block-post-terms\"><a href=\"https:\/\/berti.net\/es\/magazine\/category\/productos\/\" rel=\"tag\">Productos<\/a><\/div><\/div>\n<\/div>\n","protected":false},"excerpt":{"rendered":"<p>Revista \/ Parquet en el ba\u00f1o: estilo, bienestar y durabilidad para estancias con car\u00e1cter El ba\u00f1o cambia de cara: de servicio a oasis de bienestar En los \u00faltimos a\u00f1os, el cuarto de ba\u00f1o se ha convertido en mucho m\u00e1s que un espacio funcional. Se ha convertido en un entorno \u00edntimo dedicado a la relajaci\u00f3n, el bienestar personal y el autocuidado. [&hellip;]<\/p>\n","protected":false},"author":13,"featured_media":25735,"comment_status":"closed","ping_status":"closed","sticky":false,"template":"","format":"standard","meta":{"footnotes":""},"categories":[108],"tags":[226,272,159,219,273,271,225],"class_list":["post-25613","post","type-post","status-publish","format-standard","has-post-thumbnail","hentry","category-productos","tag-antibacteriano","tag-bano-de-bienestar","tag-berti-es","tag-madera","tag-madera-certificada","tag-muebles-de-bano","tag-suelos-de-madera"],"_links":{"self":[{"href":"https:\/\/berti.net\/es\/wp-json\/wp\/v2\/posts\/25613","targetHints":{"allow":["GET"]}}],"collection":[{"href":"https:\/\/berti.net\/es\/wp-json\/wp\/v2\/posts"}],"about":[{"href":"https:\/\/berti.net\/es\/wp-json\/wp\/v2\/types\/post"}],"author":[{"embeddable":true,"href":"https:\/\/berti.net\/es\/wp-json\/wp\/v2\/users\/13"}],"replies":[{"embeddable":true,"href":"https:\/\/berti.net\/es\/wp-json\/wp\/v2\/comments?post=25613"}],"version-history":[{"count":4,"href":"https:\/\/berti.net\/es\/wp-json\/wp\/v2\/posts\/25613\/revisions"}],"predecessor-version":[{"id":25747,"href":"https:\/\/berti.net\/es\/wp-json\/wp\/v2\/posts\/25613\/revisions\/25747"}],"wp:featuredmedia":[{"embeddable":true,"href":"https:\/\/berti.net\/es\/wp-json\/wp\/v2\/media\/25735"}],"wp:attachment":[{"href":"https:\/\/berti.net\/es\/wp-json\/wp\/v2\/media?parent=25613"}],"wp:term":[{"taxonomy":"category","embeddable":true,"href":"https:\/\/berti.net\/es\/wp-json\/wp\/v2\/categories?post=25613"},{"taxonomy":"post_tag","embeddable":true,"href":"https:\/\/berti.net\/es\/wp-json\/wp\/v2\/tags?post=25613"}],"curies":[{"name":"wp","href":"https:\/\/api.w.org\/{rel}","templated":true}]}}