{"id":23747,"date":"2025-06-05T06:35:18","date_gmt":"2025-06-05T06:35:18","guid":{"rendered":"https:\/\/www.berti.net\/magazine\/la-madera-como-recurso-para-el-futuro-sostenibilidad-innovacion-y-responsabilidad-medioambiental\/"},"modified":"2025-06-05T07:43:05","modified_gmt":"2025-06-05T07:43:05","slug":"la-madera-como-recurso-para-el-futuro-sostenibilidad-innovacion-y-responsabilidad-medioambiental","status":"publish","type":"post","link":"https:\/\/berti.net\/es\/magazine\/la-madera-como-recurso-para-el-futuro-sostenibilidad-innovacion-y-responsabilidad-medioambiental\/","title":{"rendered":"La madera como recurso para el futuro: sostenibilidad, innovaci\u00f3n y responsabilidad medioambiental"},"content":{"rendered":"\n<div class=\"wp-block-group post-categories has-global-padding is-content-justification-left is-layout-constrained wp-container-core-group-is-layout-118d8d6f wp-block-group-is-layout-constrained\" style=\"margin-top:var(--wp--preset--spacing--30);margin-bottom:var(--wp--preset--spacing--60);font-size:11px\">\n<div class=\"wp-block-group is-content-justification-center is-nowrap is-layout-flex wp-container-core-group-is-layout-60758a6d wp-block-group-is-layout-flex\">\n<p>Revista \/<\/p>\n\n\n<div class=\"taxonomy-category wp-block-post-terms\"><a href=\"https:\/\/berti.net\/es\/magazine\/category\/eventos\/\" rel=\"tag\">Eventos<\/a><\/div><\/div>\n<\/div>\n\n<div class=\"wp-block-group title-text-indented-pattern animated fadeIn has-global-padding is-layout-constrained wp-container-core-group-is-layout-b2ab1441 wp-block-group-is-layout-constrained\" style=\"margin-bottom:var(--wp--preset--spacing--90)\">\n<div class=\"wp-block-group has-global-padding is-layout-constrained wp-container-core-group-is-layout-6dea37ad wp-block-group-is-layout-constrained\"><div style=\"font-style:normal;font-weight:600;text-transform:uppercase;\" class=\"has-link-color wp-elements-32859cd979b45056895d81c5660c23a0 wp-block-post-date has-text-color has-base-color has-s-font-size\"><time datetime=\"2025-06-05T06:35:18+00:00\">5 June 2025<\/time><\/div>\n\n\n<h1 class=\"wp-block-heading has-text-color\" style=\"color:#000000;margin-bottom:var(--wp--preset--spacing--20)\">La madera como recurso para el futuro: sostenibilidad, innovaci\u00f3n y responsabilidad medioambiental<\/h1>\n\n\n\n<p class=\"has-m-22-font-size\">En un momento en que la transici\u00f3n ecol\u00f3gica ya no es una opci\u00f3n, sino una necesidad, la <strong>madera procedente de ecosistemas certificados y gestionados de forma responsable<\/strong> se perfila como uno de los materiales clave para un futuro sostenible. Capaz de satisfacer las necesidades de hoy sin comprometer las de las generaciones futuras, representa un equilibrio perfecto entre funcionalidad y respeto al medio ambiente. <\/p>\n<\/div>\n<\/div>\n\n<div class=\"wp-block-group alignwide has-global-padding is-layout-constrained wp-container-core-group-is-layout-d427c859 wp-block-group-is-layout-constrained\" style=\"margin-top:var(--wp--preset--spacing--50);margin-bottom:var(--wp--preset--spacing--50);padding-right:16px;padding-left:16px\">\n<figure class=\"wp-block-image size-full\"><img loading=\"lazy\" decoding=\"async\" width=\"1928\" height=\"1084\" src=\"https:\/\/www.berti.net\/wp-content\/uploads\/image002.jpg\" alt=\"\" class=\"wp-image-22212\" srcset=\"https:\/\/berti.net\/wp-content\/uploads\/image002.jpg 1928w, https:\/\/berti.net\/wp-content\/uploads\/image002-812x457.jpg 812w, https:\/\/berti.net\/wp-content\/uploads\/image002-1920x1080.jpg 1920w, https:\/\/berti.net\/wp-content\/uploads\/image002-768x432.jpg 768w, https:\/\/berti.net\/wp-content\/uploads\/image002-1536x864.jpg 1536w\" sizes=\"auto, (max-width: 1928px) 100vw, 1928px\" \/><\/figure>\n<\/div>\n\n<div class=\"wp-block-group title-text-indented-pattern animated fadeIn has-global-padding is-layout-constrained wp-container-core-group-is-layout-b2ab1441 wp-block-group-is-layout-constrained\" style=\"margin-bottom:var(--wp--preset--spacing--90)\">\n<div class=\"wp-block-group has-global-padding is-layout-constrained wp-container-core-group-is-layout-6dea37ad wp-block-group-is-layout-constrained\">\n<p class=\"has-m-22-font-size\">Este valioso material es un recurso clave para combatir el cambio clim\u00e1tico y construir en armon\u00eda con el medio ambiente, principalmente porque es capaz de capturar CO2. Estudios recientes han calculado que <strong>cada metro c\u00fabico de madera almacena m\u00e1s de una tonelada de di\u00f3xido de carbono<\/strong>, contribuyendo activamente a reducir las emisiones y ayudando a mantener la biodiversidad, sobre todo cuando se integra con pr\u00e1cticas de reforestaci\u00f3n y gesti\u00f3n forestal activa. <\/p>\n\n\n\n<p class=\"has-m-22-font-size\">Por tanto, utilizar madera, especialmente la procedente de bosques gestionados de forma responsable, significa invertir en una econom\u00eda circular, en la que la belleza del dise\u00f1o se combina con la protecci\u00f3n del planeta.<br\/>Cada vez m\u00e1s demandada en el sector de la arquitectura, la madera presenta importantes ventajas en t\u00e9rminos econ\u00f3micos gracias a sus propiedades aislantes naturales, que favorecen un elevado confort clim\u00e1tico interior y reducen los costes de calefacci\u00f3n.<\/p>\n<\/div>\n<\/div>\n\n<div class=\"wp-block-group alignwide has-global-padding is-layout-constrained wp-container-core-group-is-layout-d427c859 wp-block-group-is-layout-constrained\" style=\"margin-top:var(--wp--preset--spacing--50);margin-bottom:var(--wp--preset--spacing--50);padding-right:16px;padding-left:16px\">\n<figure class=\"wp-block-image size-large\"><img loading=\"lazy\" decoding=\"async\" width=\"1920\" height=\"1603\" src=\"https:\/\/www.berti.net\/wp-content\/uploads\/pavimento-legno-sostenibile-interni-verdi-costa-rica-2048x1710-1-1920x1603.jpg\" alt=\"\" class=\"wp-image-22162\" srcset=\"https:\/\/berti.net\/wp-content\/uploads\/pavimento-legno-sostenibile-interni-verdi-costa-rica-2048x1710-1-1920x1603.jpg 1920w, https:\/\/berti.net\/wp-content\/uploads\/pavimento-legno-sostenibile-interni-verdi-costa-rica-2048x1710-1-812x678.jpg 812w, https:\/\/berti.net\/wp-content\/uploads\/pavimento-legno-sostenibile-interni-verdi-costa-rica-2048x1710-1-768x641.jpg 768w, https:\/\/berti.net\/wp-content\/uploads\/pavimento-legno-sostenibile-interni-verdi-costa-rica-2048x1710-1-1536x1283.jpg 1536w, https:\/\/berti.net\/wp-content\/uploads\/pavimento-legno-sostenibile-interni-verdi-costa-rica-2048x1710-1.jpg 2048w\" sizes=\"auto, (max-width: 1920px) 100vw, 1920px\" \/><\/figure>\n<\/div>\n\n<div class=\"wp-block-group title-text-indented-pattern animated fadeIn has-global-padding is-layout-constrained wp-container-core-group-is-layout-b2ab1441 wp-block-group-is-layout-constrained\" style=\"margin-bottom:var(--wp--preset--spacing--90)\">\n<div class=\"wp-block-group has-global-padding is-layout-constrained wp-container-core-group-is-layout-6dea37ad wp-block-group-is-layout-constrained\">\n<p class=\"has-m-22-font-size\">En este contexto encaja el trabajo de <strong>Berti Pavimenti Legno<\/strong>, una empresa italiana que lleva m\u00e1s de 76 a\u00f1os persiguiendo una visi\u00f3n de la producci\u00f3n basada en la innovaci\u00f3n responsable y la sostenibilidad. Con una cadena de suministro trazable, <strong>certificaciones medioambientales (FSC\u00ae y PEFC\u2122)<\/strong> y un enfoque concreto en la reducci\u00f3n del impacto medioambiental en cada fase de la producci\u00f3n, Berti traduce los valores de la construcci\u00f3n ecol\u00f3gica y la sostenibilidad en acciones reales. La empresa combina tradici\u00f3n e innovaci\u00f3n aplicadas al parquet con acabados ecol\u00f3gicos realizados <strong>con barniz al agua, sin disolventes ni formaldeh\u00eddo<\/strong>, que ayudan a reducir el impacto medioambiental, al tiempo que ofrecen resistencia y durabilidad en el tiempo y una <strong>reducci\u00f3n<\/strong> del <strong>95%<\/strong> de las emisiones nocivas en comparaci\u00f3n con un barniz normal al disolvente. Adem\u00e1s, el secado de la pintura en hornos especiales UV hace que el producto preacabado sea inmediatamente utilizable y transitable, con absoluto respeto al medio ambiente.   <\/p>\n<\/div>\n<\/div>\n\n<div class=\"wp-block-group alignwide has-global-padding is-layout-constrained wp-container-core-group-is-layout-d427c859 wp-block-group-is-layout-constrained\" style=\"margin-top:var(--wp--preset--spacing--50);margin-bottom:var(--wp--preset--spacing--50);padding-right:16px;padding-left:16px\">\n<figure class=\"wp-block-image size-full\"><img loading=\"lazy\" decoding=\"async\" width=\"1452\" height=\"968\" src=\"https:\/\/www.berti.net\/wp-content\/uploads\/image004.jpg\" alt=\"\" class=\"wp-image-22166\" srcset=\"https:\/\/berti.net\/wp-content\/uploads\/image004.jpg 1452w, https:\/\/berti.net\/wp-content\/uploads\/image004-812x541.jpg 812w, https:\/\/berti.net\/wp-content\/uploads\/image004-768x512.jpg 768w\" sizes=\"auto, (max-width: 1452px) 100vw, 1452px\" \/><\/figure>\n<\/div>\n\n<div class=\"wp-block-group title-text-indented-pattern animated fadeIn has-global-padding is-layout-constrained wp-container-core-group-is-layout-b2ab1441 wp-block-group-is-layout-constrained\" style=\"margin-bottom:var(--wp--preset--spacing--90)\">\n<div class=\"wp-block-group has-global-padding is-layout-constrained wp-container-core-group-is-layout-6dea37ad wp-block-group-is-layout-constrained\">\n<p class=\"has-m-22-font-size\">En las f\u00e1bricas se adoptan procesos de producci\u00f3n responsables, utilizando materiales sostenibles como el contrachapado de abedul, que es m\u00e1s eficiente en t\u00e9rminos de regeneraci\u00f3n de la flora forestal, y empleando energ\u00edas renovables. Su compromiso ecol\u00f3gico tambi\u00e9n se expresa a trav\u00e9s de la <strong>recuperaci\u00f3n y el reciclaje de los residuos de producci\u00f3n a partir \u00fanicamente de serr\u00edn virgen<\/strong>, en una perspectiva de econom\u00eda circular.<br\/>Berti Pavimenti Legno sigue invirtiendo en pr\u00e1cticas sostenibles e innovaciones respetuosas con el medio ambiente, ofreciendo productos de alta calidad que satisfacen las necesidades modernas sin comprometer la salud de nuestro planeta. <\/p>\n\n\n\n<p class=\"has-m-22-font-size\">Tambi\u00e9n te puede interesar:<br\/>\u2937 <strong><a href=\"https:\/\/www.berti.net\/parquet\/quadrotte-square-space\/quadrotte-san-jose\/\">losetas San Jos\u00e8<\/a><\/strong><br\/>\u2937 <strong><a href=\"https:\/\/www.berti.net\/es\/parquet\/parquet-essential-2\/\">Colecci\u00f3n de suelos de madera Essential<\/a><\/strong><br\/>\u2937 <strong><a href=\"https:\/\/www.berti.net\/es\/solicitar-una-consulta\/\">Solicita una consulta<\/a><\/strong><\/p>\n<\/div>\n<\/div>\n\n<div class=\"wp-block-group post-categories has-global-padding is-content-justification-left is-layout-constrained wp-container-core-group-is-layout-328eab2d wp-block-group-is-layout-constrained\" style=\"margin-top:var(--wp--preset--spacing--70);margin-bottom:var(--wp--preset--spacing--90);font-size:11px\">\n<div class=\"wp-block-group is-content-justification-center is-nowrap is-layout-flex wp-container-core-group-is-layout-60758a6d wp-block-group-is-layout-flex\">\n<p>Revista \/<\/p>\n\n\n<div class=\"taxonomy-category wp-block-post-terms\"><a href=\"https:\/\/berti.net\/es\/magazine\/category\/eventos\/\" rel=\"tag\">Eventos<\/a><\/div><\/div>\n<\/div>\n","protected":false},"excerpt":{"rendered":"<p>Revista \/ La madera como recurso para el futuro: sostenibilidad, innovaci\u00f3n y responsabilidad medioambiental En un momento en que la transici\u00f3n ecol\u00f3gica ya no es una opci\u00f3n, sino una necesidad, la madera procedente de ecosistemas certificados y gestionados de forma responsable se perfila como uno de los materiales clave para un futuro sostenible. Capaz de satisfacer las necesidades de hoy [&hellip;]<\/p>\n","protected":false},"author":2,"featured_media":22242,"comment_status":"closed","ping_status":"closed","sticky":false,"template":"","format":"standard","meta":{"footnotes":""},"categories":[143],"tags":[226,159,223,219,224,221,225],"class_list":["post-23747","post","type-post","status-publish","format-standard","has-post-thumbnail","hentry","category-eventos","tag-antibacteriano","tag-berti-es","tag-innovacion","tag-madera","tag-responsabilidad-medioambiental","tag-sostenibilidad","tag-suelos-de-madera"],"_links":{"self":[{"href":"https:\/\/berti.net\/es\/wp-json\/wp\/v2\/posts\/23747","targetHints":{"allow":["GET"]}}],"collection":[{"href":"https:\/\/berti.net\/es\/wp-json\/wp\/v2\/posts"}],"about":[{"href":"https:\/\/berti.net\/es\/wp-json\/wp\/v2\/types\/post"}],"author":[{"embeddable":true,"href":"https:\/\/berti.net\/es\/wp-json\/wp\/v2\/users\/2"}],"replies":[{"embeddable":true,"href":"https:\/\/berti.net\/es\/wp-json\/wp\/v2\/comments?post=23747"}],"version-history":[{"count":1,"href":"https:\/\/berti.net\/es\/wp-json\/wp\/v2\/posts\/23747\/revisions"}],"predecessor-version":[{"id":23751,"href":"https:\/\/berti.net\/es\/wp-json\/wp\/v2\/posts\/23747\/revisions\/23751"}],"wp:featuredmedia":[{"embeddable":true,"href":"https:\/\/berti.net\/es\/wp-json\/wp\/v2\/media\/22242"}],"wp:attachment":[{"href":"https:\/\/berti.net\/es\/wp-json\/wp\/v2\/media?parent=23747"}],"wp:term":[{"taxonomy":"category","embeddable":true,"href":"https:\/\/berti.net\/es\/wp-json\/wp\/v2\/categories?post=23747"},{"taxonomy":"post_tag","embeddable":true,"href":"https:\/\/berti.net\/es\/wp-json\/wp\/v2\/tags?post=23747"}],"curies":[{"name":"wp","href":"https:\/\/api.w.org\/{rel}","templated":true}]}}