{"id":18593,"date":"2023-04-11T16:21:16","date_gmt":"2023-04-11T16:21:16","guid":{"rendered":"https:\/\/www.berti.net\/magazine\/casas-con-parquet\/"},"modified":"2025-05-28T09:29:53","modified_gmt":"2025-05-28T09:29:53","slug":"casas-con-parquet","status":"publish","type":"post","link":"https:\/\/berti.net\/es\/magazine\/casas-con-parquet\/","title":{"rendered":"Casas con parquet"},"content":{"rendered":"\n<div class=\"wp-block-group post-detail-pattern is-container has-base-2-color has-contrast-background-color has-text-color has-background has-link-color wp-elements-58bf39382a4672f46816dc1187efd8ef has-global-padding is-layout-constrained wp-block-group-is-layout-constrained\" style=\"margin-top:0;margin-bottom:0;padding-top:var(--wp--preset--spacing--70);padding-bottom:var(--wp--preset--spacing--70)\">\n<div class=\"wp-block-columns alignwide is-layout-flex wp-container-core-columns-is-layout-d125203f wp-block-columns-is-layout-flex\" style=\"margin-bottom:var(--wp--preset--spacing--50)\">\n<div class=\"wp-block-column is-vertically-aligned-stretch is-layout-flow wp-block-column-is-layout-flow\" style=\"padding-right:0;flex-basis:50%\">\n<div class=\"wp-block-group is-vertical is-content-justification-stretch is-layout-flex wp-container-core-group-is-layout-e9e70883 wp-block-group-is-layout-flex\" style=\"min-height:100%\">\n<div class=\"wp-block-group post-categories is-nowrap is-layout-flex wp-container-core-group-is-layout-3155b93e wp-block-group-is-layout-flex\" style=\"margin-top:var(--wp--preset--spacing--20);font-size:11px\">\n<p>Revista \/<\/p>\n\n\n<div class=\"taxonomy-category wp-block-post-terms\"><a href=\"https:\/\/berti.net\/es\/magazine\/category\/proyectos\/\" rel=\"tag\">Proyectos<\/a><\/div><\/div>\n\n\n<div style=\"font-style:normal;font-weight:600;text-transform:uppercase;\" class=\"has-link-color wp-elements-32859cd979b45056895d81c5660c23a0 wp-block-post-date has-text-color has-base-color has-s-font-size\"><time datetime=\"2023-04-11T16:21:16+00:00\">11 April 2023<\/time><\/div>\n\n\n<h1 class=\"wp-block-heading post-title\">Casas con parquet<\/h1>\n\n\n\n<h2 class=\"wp-block-heading post-subtitle\" style=\"margin-bottom:var(--wp--preset--spacing--20)\">En Palermo, un piso de 140 metros cuadrados de estilo minimalista. &#8221;Casa sul Parco&#8221; es un <strong>proyecto de<\/strong> renovaci\u00f3n <strong>sartorial<\/strong> con un ambiente sofisticado caracterizado por una importante luminosidad y los <strong>colores naturales de la madera<\/strong>. <\/h2>\n\n\n\n<h3 class=\"wp-block-heading has-m-font-size\"><strong>Parquet, roble, Essential<\/strong><\/h3>\n\n\n\n<p>Desde el beige de los suelos de madera hasta los matices terrosos del resto del mobiliario, la paleta neutra es la clave de unas estancias elegantes con una atm\u00f3sfera suave. As\u00ed, en esta reforma de un piso en las plantas superiores de un edificio de apartamentos de los a\u00f1os 70 con vistas al Parque de la Favorita de Palermo, el <a href=\"https:\/\/www.studiodidea.it\/progetto\/casa-sul-parco-a396\/\" target=\"_blank\" rel=\"noreferrer noopener\"><strong>Estudio Didea<\/strong><\/a> intervino acomod\u00e1ndose a la necesidad y el deseo del cliente: crear un espacio m\u00ednimo en armon\u00eda con la naturaleza circundante. <\/p>\n\n\n\n<p>Es la madera del suelo la gran protagonista. Elegida en su versi\u00f3n m\u00e1s genuina, el <a href=\"https:\/\/www.berti.net\/parquet\/parquet-in-rovere-e-legni-pregiati-essential\/parquet-rovere-chiaro-naturalizzato\/\" target=\"_blank\" rel=\"noreferrer noopener\"><strong>roble claro naturalizado<\/strong><\/a> de la colecci\u00f3n Essential es un parquet cepillado preacabado con acabado mate. El parquet mate realza toda la naturalidad de la madera difundiendo la luz de forma difusa sin efecto espejo; el cepillado de la madera, por su parte, realza la textura del parquet para un resultado final sofisticado y envolvente. As\u00ed es como el parquet con colores claros y claros y vetas de madera visibles y t\u00e1ctiles es ideal para un estilo minimalista.   <\/p>\n\n\n\n<h3 class=\"wp-block-heading has-m-font-size\"><strong>Muebles con parquet<\/strong><\/h3>\n\n\n\n<p>La madera para suelos de interior siempre ha sido uno de los mejores materiales que ofrece la naturaleza. Los tablones de madera son \u00fanicos para hacer que tu casa sea c\u00f3moda, c\u00e1lida y elegante. Adem\u00e1s, el parquet tiene importantes ventajas: desde la belleza al confort, desde la facilidad de mantenimiento a la sostenibilidad de la materia prima.<br\/>Por eso, el proyecto &#8221;Casa en el Parque&#8221; cuenta con una rica presencia de parquet y madera, en armon\u00eda con la vista panor\u00e1mica de la extensi\u00f3n de vegetaci\u00f3n hasta donde alcanza la vista y la presencia perturbadora del Monte Pellegrino. Un proyecto de renovaci\u00f3n de gusto sencillo y minimalista, con atenci\u00f3n a la artesan\u00eda de los detalles y una cuidadosa selecci\u00f3n de materiales lujosos y preciosos y acabados naturales para lograr ambientes c\u00e1lidos y acogedores, marcados por l\u00edneas limpias y racionales, en equilibrio con tonos c\u00e1lidos y suaves.   <\/p>\n\n\n\n<figure class=\"wp-block-image size-large is-style-default\"><img loading=\"lazy\" decoding=\"async\" width=\"1024\" height=\"812\" src=\"https:\/\/www.berti.net\/wp-content\/uploads\/2024\/09\/arredamento-con-parquet-rovere-chiaro-berti-1024x812.jpg\" alt=\"\" class=\"wp-image-6814\" srcset=\"https:\/\/berti.net\/wp-content\/uploads\/2024\/09\/arredamento-con-parquet-rovere-chiaro-berti-1024x812.jpg 1024w, https:\/\/berti.net\/wp-content\/uploads\/2024\/09\/arredamento-con-parquet-rovere-chiaro-berti-300x238.jpg 300w, https:\/\/berti.net\/wp-content\/uploads\/2024\/09\/arredamento-con-parquet-rovere-chiaro-berti-768x609.jpg 768w, https:\/\/berti.net\/wp-content\/uploads\/2024\/09\/arredamento-con-parquet-rovere-chiaro-berti-1536x1218.jpg 1536w, https:\/\/berti.net\/wp-content\/uploads\/2024\/09\/arredamento-con-parquet-rovere-chiaro-berti.jpg 1639w\" sizes=\"auto, (max-width: 1024px) 100vw, 1024px\" \/><\/figure>\n\n\n\n<p><\/p>\n\n\n\n<h3 class=\"wp-block-heading has-m-font-size\"><strong>Renovaci\u00f3n y suelos: las ventajas del parquet<\/strong><\/h3>\n\n\n\n<p>Ante una reforma, los suelos de madera siempre convencen por su calidez, fragancia y belleza visual. He aqu\u00ed algunas de las razones que fueron decisivas para elegir el parquet en este proyecto de restyling&#8230; <\/p>\n\n\n\n<ol style=\"line-height:1.6\" class=\"wp-block-list has-s-font-size\">\n<li><strong>Resistencia a la madera.  <\/strong>Elegir un suelo de parquet es una elecci\u00f3n a largo plazo. Ya sea de nogal, teca o roble, las modernas t\u00e9cnicas de acabado hacen que los suelos de madera sean resistentes a las pisadas. <\/li>\n\n\n\n<li><strong>Aislamiento t\u00e9rmico y ac\u00fastico.<\/strong>  La madera es un material naturalmente fonoabsorbente, por lo que amortigua el ruido, mejora la eficiencia t\u00e9rmica, regula la humedad del aire y evita la acumulaci\u00f3n de cargas electrost\u00e1ticas.<\/li>\n\n\n\n<li><strong>Calefacci\u00f3n por suelo radiante y parquet.<\/strong>  La madera es un material vivo con excelentes propiedades aislantes: el contacto directo con el calor emitido por los paneles radiantes permite que el calor se distribuya uniformemente, garantizando el ahorro energ\u00e9tico y favoreciendo la sensaci\u00f3n de calor al caminar descalzo.<\/li>\n\n\n\n<li><strong>Descalzo.<\/strong>  Caminar descalzo sobre suelos de parqu\u00e9 tiene beneficios psicof\u00edsicos. Seg\u00fan un estudio de la Universidad de California Irvine, caminar descalzo afecta positivamente a la postura y a la calidad del sue\u00f1o. Diversos tratamientos de la superficie, como el cepillado de la madera, proporcionan una profunda sensaci\u00f3n de relajaci\u00f3n.  <\/li>\n\n\n\n<li><strong>Limpieza del parquet.<\/strong> Contrariamente a la creencia popular, elegir un suelo de madera es una soluci\u00f3n r\u00e1pida y pr\u00e1ctica: \u00a1es hipoalerg\u00e9nico, no retiene el polvo y no lo produce! <strong><a href=\"https:\/\/blog.berti.net\/berti-consiglia-pulire-e-mantenere-il-parquet-come-il-giorno-dellacquisto\/\" target=\"_blank\" rel=\"noreferrer noopener\">En este art\u00edculo te explicamos c\u00f3mo mantener el parquet como nuevo<\/a>.<\/strong><\/li>\n<\/ol>\n\n\n\n<p>Si est\u00e1s reformando tu casa, sabr\u00e1s que la elecci\u00f3n del suelo es el momento m\u00e1s importante porque define los espacios y determina el estilo de tu hogar. Berti ofrece soluciones de parquet adecuadas para cada necesidad y entorno, desc\u00fabrelas en nuestro sitio web:<strong><a href=\"https:\/\/www.berti.net\/es\/parquet\/\"> https:\/\/www.berti.net\/parquet\/<\/a> <\/strong>o ponte en contacto con nosotros para encontrar tu distribuidor m\u00e1s cercano:<strong><a href=\"https:\/\/www.berti.net\/es\/puntos-de-venta\/\"> https:\/\/www.berti.net\/trova-il-punto-vendita\/<\/a><\/strong> <\/p>\n\n\n\n<p class=\"has-s-font-size\">EN ESTE PROYECTO:<br\/>\u2937 <strong><a href=\"https:\/\/www.berti.net\/parquet\/parquet-in-rovere-e-legni-pregiati-essential\/parquet-rovere-chiaro-naturalizzato\/\">Parquet de roble claro naturalizado<\/a><\/strong><br\/>\u2937 <strong><a href=\"https:\/\/www.berti.net\/es\/parquet\/parquet-essential\/\">Colecci\u00f3n de suelos de madera Essential<\/a><\/strong><\/p>\n<\/div>\n<\/div>\n\n\n\n<div class=\"wp-block-column is-layout-flow wp-container-core-column-is-layout-22223934 wp-block-column-is-layout-flow\" style=\"flex-basis:50%\">\n<figure class=\"wp-block-image size-large is-style-default\"><img loading=\"lazy\" decoding=\"async\" width=\"1024\" height=\"812\" src=\"https:\/\/www.berti.net\/wp-content\/uploads\/2024\/09\/case-con-parquet-berti-1-1024x812.jpg\" alt=\"\" class=\"wp-image-6639\" srcset=\"https:\/\/berti.net\/wp-content\/uploads\/2024\/09\/case-con-parquet-berti-1-1024x812.jpg 1024w, https:\/\/berti.net\/wp-content\/uploads\/2024\/09\/case-con-parquet-berti-1-300x238.jpg 300w, https:\/\/berti.net\/wp-content\/uploads\/2024\/09\/case-con-parquet-berti-1-768x609.jpg 768w, https:\/\/berti.net\/wp-content\/uploads\/2024\/09\/case-con-parquet-berti-1-1536x1218.jpg 1536w, https:\/\/berti.net\/wp-content\/uploads\/2024\/09\/case-con-parquet-berti-1.jpg 1639w\" sizes=\"auto, (max-width: 1024px) 100vw, 1024px\" \/><\/figure>\n\n\n\n<figure class=\"wp-block-image size-large is-style-default\"><img loading=\"lazy\" decoding=\"async\" width=\"1024\" height=\"812\" src=\"https:\/\/www.berti.net\/wp-content\/uploads\/2024\/09\/case-con-parquet-prefiniti-rovere-chiaro-naturalizzato-berti-1024x812.jpg\" alt=\"\" class=\"wp-image-6642\" srcset=\"https:\/\/berti.net\/wp-content\/uploads\/2024\/09\/case-con-parquet-prefiniti-rovere-chiaro-naturalizzato-berti-1024x812.jpg 1024w, https:\/\/berti.net\/wp-content\/uploads\/2024\/09\/case-con-parquet-prefiniti-rovere-chiaro-naturalizzato-berti-300x238.jpg 300w, https:\/\/berti.net\/wp-content\/uploads\/2024\/09\/case-con-parquet-prefiniti-rovere-chiaro-naturalizzato-berti-768x609.jpg 768w, https:\/\/berti.net\/wp-content\/uploads\/2024\/09\/case-con-parquet-prefiniti-rovere-chiaro-naturalizzato-berti-1536x1218.jpg 1536w, https:\/\/berti.net\/wp-content\/uploads\/2024\/09\/case-con-parquet-prefiniti-rovere-chiaro-naturalizzato-berti.jpg 1639w\" sizes=\"auto, (max-width: 1024px) 100vw, 1024px\" \/><\/figure>\n\n\n\n<figure class=\"wp-block-image size-large is-style-default\"><img loading=\"lazy\" decoding=\"async\" width=\"1024\" height=\"812\" src=\"https:\/\/www.berti.net\/wp-content\/uploads\/2024\/09\/case-con-parquet-rovere-chiaro-berti-1024x812.jpg\" alt=\"\" class=\"wp-image-6650\" srcset=\"https:\/\/berti.net\/wp-content\/uploads\/2024\/09\/case-con-parquet-rovere-chiaro-berti-1024x812.jpg 1024w, https:\/\/berti.net\/wp-content\/uploads\/2024\/09\/case-con-parquet-rovere-chiaro-berti-300x238.jpg 300w, https:\/\/berti.net\/wp-content\/uploads\/2024\/09\/case-con-parquet-rovere-chiaro-berti-768x609.jpg 768w, https:\/\/berti.net\/wp-content\/uploads\/2024\/09\/case-con-parquet-rovere-chiaro-berti-1536x1218.jpg 1536w, https:\/\/berti.net\/wp-content\/uploads\/2024\/09\/case-con-parquet-rovere-chiaro-berti.jpg 1639w\" sizes=\"auto, (max-width: 1024px) 100vw, 1024px\" \/><\/figure>\n\n\n\n<figure class=\"wp-block-image size-large is-style-default\"><img loading=\"lazy\" decoding=\"async\" width=\"1024\" height=\"812\" src=\"https:\/\/www.berti.net\/wp-content\/uploads\/2024\/09\/case-con-parquet-rovere-chiaro-naturalizzato-berti-1024x812.jpg\" alt=\"\" class=\"wp-image-6653\" srcset=\"https:\/\/berti.net\/wp-content\/uploads\/2024\/09\/case-con-parquet-rovere-chiaro-naturalizzato-berti-1024x812.jpg 1024w, https:\/\/berti.net\/wp-content\/uploads\/2024\/09\/case-con-parquet-rovere-chiaro-naturalizzato-berti-300x238.jpg 300w, https:\/\/berti.net\/wp-content\/uploads\/2024\/09\/case-con-parquet-rovere-chiaro-naturalizzato-berti-768x609.jpg 768w, https:\/\/berti.net\/wp-content\/uploads\/2024\/09\/case-con-parquet-rovere-chiaro-naturalizzato-berti-1536x1218.jpg 1536w, https:\/\/berti.net\/wp-content\/uploads\/2024\/09\/case-con-parquet-rovere-chiaro-naturalizzato-berti.jpg 1639w\" sizes=\"auto, (max-width: 1024px) 100vw, 1024px\" \/><\/figure>\n<\/div>\n<\/div>\n\n\n\n<div class=\"wp-block-group post-categories has-global-padding is-content-justification-left is-layout-constrained wp-container-core-group-is-layout-836d34cb wp-block-group-is-layout-constrained\" style=\"margin-top:var(--wp--preset--spacing--70);font-size:11px\">\n<div class=\"wp-block-group is-content-justification-center is-nowrap is-layout-flex wp-container-core-group-is-layout-60758a6d wp-block-group-is-layout-flex\">\n<p>Revista \/<\/p>\n\n\n<div class=\"taxonomy-category wp-block-post-terms\"><a href=\"https:\/\/berti.net\/es\/magazine\/category\/proyectos\/\" rel=\"tag\">Proyectos<\/a><\/div><\/div>\n<\/div>\n<\/div>\n","protected":false},"excerpt":{"rendered":"<p>En Palermo, un piso de 140 metros cuadrados de estilo minimalista caracterizado por una gran luminosidad y los colores naturales de la madera.<\/p>\n","protected":false},"author":2,"featured_media":18595,"comment_status":"closed","ping_status":"closed","sticky":false,"template":"","format":"standard","meta":{"footnotes":""},"categories":[142],"tags":[],"class_list":["post-18593","post","type-post","status-publish","format-standard","has-post-thumbnail","hentry","category-proyectos"],"_links":{"self":[{"href":"https:\/\/berti.net\/es\/wp-json\/wp\/v2\/posts\/18593","targetHints":{"allow":["GET"]}}],"collection":[{"href":"https:\/\/berti.net\/es\/wp-json\/wp\/v2\/posts"}],"about":[{"href":"https:\/\/berti.net\/es\/wp-json\/wp\/v2\/types\/post"}],"author":[{"embeddable":true,"href":"https:\/\/berti.net\/es\/wp-json\/wp\/v2\/users\/2"}],"replies":[{"embeddable":true,"href":"https:\/\/berti.net\/es\/wp-json\/wp\/v2\/comments?post=18593"}],"version-history":[{"count":4,"href":"https:\/\/berti.net\/es\/wp-json\/wp\/v2\/posts\/18593\/revisions"}],"predecessor-version":[{"id":20941,"href":"https:\/\/berti.net\/es\/wp-json\/wp\/v2\/posts\/18593\/revisions\/20941"}],"wp:featuredmedia":[{"embeddable":true,"href":"https:\/\/berti.net\/es\/wp-json\/wp\/v2\/media\/18595"}],"wp:attachment":[{"href":"https:\/\/berti.net\/es\/wp-json\/wp\/v2\/media?parent=18593"}],"wp:term":[{"taxonomy":"category","embeddable":true,"href":"https:\/\/berti.net\/es\/wp-json\/wp\/v2\/categories?post=18593"},{"taxonomy":"post_tag","embeddable":true,"href":"https:\/\/berti.net\/es\/wp-json\/wp\/v2\/tags?post=18593"}],"curies":[{"name":"wp","href":"https:\/\/api.w.org\/{rel}","templated":true}]}}